{"id":11880,"date":"2019-07-12T10:00:48","date_gmt":"2019-07-12T08:00:48","guid":{"rendered":"https:\/\/www.gartentraum.de\/magazin\/?p=11880"},"modified":"2021-04-12T15:33:28","modified_gmt":"2021-04-12T14:33:28","slug":"innenhof-gestalten","status":"publish","type":"post","link":"https:\/\/www.gartentraum.de\/magazin\/innenhof-gestalten\/","title":{"rendered":"Innenhof gestalten"},"content":{"rendered":"<div class=\"h2_h3_comby\"><h2 class=\"font\">INNENHOF GESTALTEN - DAS SOLLTEN SIE WISSEN!<\/h2><div class=\"line\"><\/div><p class=\"fakeH3\">Was zeichnet einen Innenhof aus und worauf sollten Sie bei der Gestaltung achten?<\/p><\/div>\n<p>Innenh\u00f6fe haben eine lange Tradition. Bedingt durch die Architektur des Geb\u00e4udes in dem Sie sich befinden, entstanden weltweit ganz unterschiedliche Innenh\u00f6fe. Bereits zu Zeiten des R\u00f6mischen Reiches wurden Atriumh\u00e4user gebaut. Der zentrale Raum, um den alle anderen R\u00e4ume angeordnet waren, war dabei das sogenannte Atrium. Dieser meist un\u00fcberdachte Bereich diente als Ort der Zusammenkunft und sch\u00fctzte vor neugierigen Blicken. Heute gibt es Innenh\u00f6fe vor allem bei Stadth\u00e4usern. Hier ist es der begrenzte Platz und das dadurch h\u00e4ufig komplett umrandete Grundst\u00fcck, das den Innenhof quasi notgedrungen entstehen l\u00e4sst. Es dominiert meist ein tristes Bild gepflasterter Nutzfl\u00e4chen f\u00fcr M\u00fclltonnen &amp; Co. Mit welchen Ideen zur Gestaltung Sie aus solchen trostlosen Bereichen ein kleines Gartenparadies machen, erfahren Sie von uns.<\/p>\n<p>&nbsp;<\/p>\n\n        <div class=\"adv_slider_wrapper\">\n            <img loading=\"lazy\" decoding=\"async\" class=\"aligncenter wp-image-11894 size-large\" title=\"Pavillon aus Metall \u00fcber einer Sitzecke im Innenhof\" src=\"https:\/\/www.gartentraum.de\/magazin\/wp-content\/uploads\/2019\/07\/innenhof_gestalten_pavillon_gartensofa-1070x803.jpg\" alt=\"innenhof_gestalten_pavillon_gartensofa\" width=\"1070\" height=\"803\" srcset=\"https:\/\/www.gartentraum.de\/magazin\/wp-content\/uploads\/2019\/07\/innenhof_gestalten_pavillon_gartensofa-1070x803.jpg 1070w, https:\/\/www.gartentraum.de\/magazin\/wp-content\/uploads\/2019\/07\/innenhof_gestalten_pavillon_gartensofa-300x225.jpg 300w, https:\/\/www.gartentraum.de\/magazin\/wp-content\/uploads\/2019\/07\/innenhof_gestalten_pavillon_gartensofa-768x576.jpg 768w, https:\/\/www.gartentraum.de\/magazin\/wp-content\/uploads\/2019\/07\/innenhof_gestalten_pavillon_gartensofa-1536x1152.jpg 1536w, https:\/\/www.gartentraum.de\/magazin\/wp-content\/uploads\/2019\/07\/innenhof_gestalten_pavillon_gartensofa-350x263.jpg 350w, https:\/\/www.gartentraum.de\/magazin\/wp-content\/uploads\/2019\/07\/innenhof_gestalten_pavillon_gartensofa-1024x768.jpg 1024w, https:\/\/www.gartentraum.de\/magazin\/wp-content\/uploads\/2019\/07\/innenhof_gestalten_pavillon_gartensofa-67x50.jpg 67w, https:\/\/www.gartentraum.de\/magazin\/wp-content\/uploads\/2019\/07\/innenhof_gestalten_pavillon_gartensofa-430x323.jpg 430w, https:\/\/www.gartentraum.de\/magazin\/wp-content\/uploads\/2019\/07\/innenhof_gestalten_pavillon_gartensofa.jpg 1920w\" sizes=\"auto, (max-width: 1070px) 100vw, 1070px\" \/><div class=\"nref slider_overlay\"><div class=\"secret\"><img decoding=\"async\" class=\"pic\" title=\"Hochwertige und bequeme Gartensofas aus Holz  Metall  Polyrattan &amp; Co. finden Sie hier\" alt=\"Hochwertige und bequeme Gartensofas aus Holz  Metall  Polyrattan &amp; Co. finden Sie hier\" loading=\"lazy\" src=\"https:\/\/www.gartentraum.de\/magazin\/wp-content\/uploads\/2018\/10\/outdoor-gartensofa-von-borek-teakholz-inkl-kissen-grau-milano-sofa_5.jpg\"\/><p class=\"font title\">Exklusive Gartensofa<\/p><div class=\"line\"><\/div><p class=\"sub\">2- &amp; 3-Sitzer Gartensofas kaufen<\/p><p class=\"info\">Wollen Sie Ihren kleinen Innenhof f\u00fcr den Sommer wohnlich gestalten?<br\/>Was liegt da n\u00e4her als ein gem\u00fctliches Gartensofa in einer Lounge-Ecke?<\/p><p class=\"font price\">ab 363,- \u20ac <span class=\"tax\">inkl. 19% MwSt.<\/span><\/p><\/div><a target=\"_blank\"  href=\"https:\/\/www.gartentraum.de\/Gartensofas\" title=\"Hochwertige und bequeme Gartensofas aus Holz, Metall, Polyrattan &amp; Co. finden Sie hier\">Gartensofa kaufen<\/a><\/div>\n        <\/div>\n            \n\n    \n<div class=\"jtlwzd_carousel-wrapper  has-article-title has-article-desc has-article-cta\" data-item=\"508\">\n\n  <div class=\"jtlwzd_headline\" style=\"text-align:center\">\n      <a href=\"https:\/\/www.gartentraum.de\/Gartenmoebel?ref=www.gartentraum.de&campaign=11880-01\" title=\"Hochwertige Gartenm\u00f6bel bei Serafinum.de kaufen\" rel=\"\" target=\"_blank\">Hochwertige Gartenm\u00f6bel bei Serafinum.de kaufen<\/a>\n      <\/div>\n\n  <div class=\"jtlwzd_carousel jtlwzd_article-list\" data-intervalTime=\"0\">\n    PGRpdiBjbGFzcz0ianRsd3pkX2Nhcm91c2VsLWl0ZW0iPgogIDxmaWd1cmUgY2xhc3M9Imp0bHd6ZF9maWd1cmUiPgogICAgPGEgaHJlZj0iaHR0cHM6Ly93d3cuZ2FydGVudHJhdW0uZGUvS2xhc3Npc2NoZS1QYXJrYmFuay1hdXMtR3Vzc2Vpc2VuLXVuZC1Ib2x6LXp1ci1TdGFkdGdlc3RhbHR1bmctTWV5bGE\/cmVmPXd3dy5nYXJ0ZW50cmF1bS5kZSZjYW1wYWlnbj0xMTg4MC0wMSIgcmVsPSIiIHRhcmdldD0iX2JsYW5rIj4KICAgICAgPHBpY3R1cmU+CiAgPGltZyBsb2FkaW5nPSJsYXp5IiBzcmM9Imh0dHBzOi8vd3d3LmdhcnRlbnRyYXVtLmRlL21lZGlhL2ltYWdlL3Byb2R1Y3QvMzcyNzUvbGcva2xhc3Npc2NoZS1wYXJrYmFuay1hdXMtZ3Vzc2Vpc2VuLXVuZC1ob2x6LXp1ci1zdGFkdGdlc3RhbHR1bmctbWV5bGEuanBnIiBkYXRhLWVhbj0iNDA1NjAyNjM3NTQ5OSIgYWx0PSJNZXlsYSIvPgo8L3BpY3R1cmU+CiAgICA8L2E+CgogICAgICAgICAgPGZpZ2NhcHRpb24+CiAgICAgICAgPGEgaHJlZj0iaHR0cHM6Ly93d3cuZ2FydGVudHJhdW0uZGUvS2xhc3Npc2NoZS1QYXJrYmFuay1hdXMtR3Vzc2Vpc2VuLXVuZC1Ib2x6LXp1ci1TdGFkdGdlc3RhbHR1bmctTWV5bGE\/cmVmPXd3dy5nYXJ0ZW50cmF1bS5kZSZjYW1wYWlnbj0xMTg4MC0wMSIgcmVsPSIiIHRhcmdldD0iX2JsYW5rIj4KICAgICAgICAgICAgICAgICAgICAgIDxzcGFuIGNsYXNzPSJqdGx3emRfZmlndXJlX3Nob3J0bmFtZSIgc3R5bGU9InRleHQtYWxpZ246Y2VudGVyIj5NZXlsYTwvc3Bhbj4KICAgICAgICAgICAgICAgICAgICA8L2E+CiAgICAgICAgPGRpdiBjbGFzcz0ianRsd3pkX2Rlc2NyaXB0aW9uLXByaWNpbmctYWN0aW9uX3BhbmVsIj4KICAgICAgICAgICAgICAgICAgICAgIDxzcGFuIGNsYXNzPSJqdGx3emRfZmlndXJlX3Nob3J0ZGVzY3JpcHRpb24iIHN0eWxlPSJ0ZXh0LWFsaWduOmNlbnRlciI+S2xhc3Npc2NoZSBQYXJrYmFuayAtIEd1c3NlaXNlbiAmYW1wOyBIb2x6PC9zcGFuPgogICAgICAgICAgICAKICAgICAgICA8ZGl2IGNsYXNzPSJqdGx3emRfcHJpY2UiPgogICAgICAgICAgPHNwYW4gY2xhc3M9Imp0bHd6ZF9wcmljZV9sYWJlbCI+VmVyc2FuZHByZWlzIGFiPC9zcGFuPgogICAgICAgICAgPHNwYW4gY2xhc3M9Imp0bHd6ZF9wcmljZV90ZXh0Ij4xLjQwMywwMCAmZXVybzs8L3NwYW4+CiAgICAgICAgPC9kaXY+CgogICAgICAgICAgICAgICAgICA8ZGl2IGNsYXNzPSJqdGx3emRfYWN0aW9uLXBhbmVsIiBzdHlsZT0idGV4dC1hbGlnbjogY2VudGVyIj4KICAgICAgICAgICAgPGEgY2xhc3M9ImJ0biBidG4tcHJpbWFyeSIgaHJlZj0iaHR0cHM6Ly93d3cuZ2FydGVudHJhdW0uZGUvS2xhc3Npc2NoZS1QYXJrYmFuay1hdXMtR3Vzc2Vpc2VuLXVuZC1Ib2x6LXp1ci1TdGFkdGdlc3RhbHR1bmctTWV5bGE\/cmVmPXd3dy5nYXJ0ZW50cmF1bS5kZSZjYW1wYWlnbj0xMTg4MC0wMSIgcmVsPSIiIHRhcmdldD0iX2JsYW5rIj5KZXR6dCBLYXVmZW48L2E+CiAgICAgICAgICA8L2Rpdj4KICAgICAgICAgICAgICA8L2Rpdj4KCiAgICA8L2ZpZ2NhcHRpb24+CiAgPC9maWd1cmU+CjwvZGl2Pgo=PGRpdiBjbGFzcz0ianRsd3pkX2Nhcm91c2VsLWl0ZW0iPgogIDxmaWd1cmUgY2xhc3M9Imp0bHd6ZF9maWd1cmUiPgogICAgPGEgaHJlZj0iaHR0cHM6Ly93d3cuZ2FydGVudHJhdW0uZGUvRHJlaWVja2lnZXItR2FydGVudGlzY2gtYXVzLUFsdW1pbml1bS11bmQtR2xhc2tlcmFtaWstVGlzY2gtUmltbz9yZWY9d3d3LmdhcnRlbnRyYXVtLmRlJmNhbXBhaWduPTExODgwLTAxIiByZWw9IiIgdGFyZ2V0PSJfYmxhbmsiPgogICAgICA8cGljdHVyZT4KICA8aW1nIGxvYWRpbmc9ImxhenkiIHNyYz0iaHR0cHM6Ly93d3cuZ2FydGVudHJhdW0uZGUvbWVkaWEvaW1hZ2UvcHJvZHVjdC8zNTY0OS9sZy9kcmVpZWNraWdlci1nYXJ0ZW50aXNjaC1hdXMtYWx1bWluaXVtLXVuZC1nbGFza2VyYW1pay10aXNjaC1yaW1vLmpwZyIgZGF0YS1lYW49IjQwNTYwMjYzNTA2NzAiIGFsdD0iVGlzY2ggUmltbyIvPgo8L3BpY3R1cmU+CiAgICA8L2E+CgogICAgICAgICAgPGZpZ2NhcHRpb24+CiAgICAgICAgPGEgaHJlZj0iaHR0cHM6Ly93d3cuZ2FydGVudHJhdW0uZGUvRHJlaWVja2lnZXItR2FydGVudGlzY2gtYXVzLUFsdW1pbml1bS11bmQtR2xhc2tlcmFtaWstVGlzY2gtUmltbz9yZWY9d3d3LmdhcnRlbnRyYXVtLmRlJmNhbXBhaWduPTExODgwLTAxIiByZWw9IiIgdGFyZ2V0PSJfYmxhbmsiPgogICAgICAgICAgICAgICAgICAgICAgPHNwYW4gY2xhc3M9Imp0bHd6ZF9maWd1cmVfc2hvcnRuYW1lIiBzdHlsZT0idGV4dC1hbGlnbjpjZW50ZXIiPlRpc2NoIFJpbW88L3NwYW4+CiAgICAgICAgICAgICAgICAgICAgPC9hPgogICAgICAgIDxkaXYgY2xhc3M9Imp0bHd6ZF9kZXNjcmlwdGlvbi1wcmljaW5nLWFjdGlvbl9wYW5lbCI+CiAgICAgICAgICAgICAgICAgICAgICA8c3BhbiBjbGFzcz0ianRsd3pkX2ZpZ3VyZV9zaG9ydGRlc2NyaXB0aW9uIiBzdHlsZT0idGV4dC1hbGlnbjpjZW50ZXIiPkdhcnRlbnRpc2NoIGF1cyBBbHUgdW5kIEdsYXNrZXJhbWlrPC9zcGFuPgogICAgICAgICAgICAKICAgICAgICA8ZGl2IGNsYXNzPSJqdGx3emRfcHJpY2UiPgogICAgICAgICAgPHNwYW4gY2xhc3M9Imp0bHd6ZF9wcmljZV9sYWJlbCI+VmVyc2FuZHByZWlzIGFiPC9zcGFuPgogICAgICAgICAgPHNwYW4gY2xhc3M9Imp0bHd6ZF9wcmljZV90ZXh0Ij4xLjg0MCwwMCAmZXVybzs8L3NwYW4+CiAgICAgICAgPC9kaXY+CgogICAgICAgICAgICAgICAgICA8ZGl2IGNsYXNzPSJqdGx3emRfYWN0aW9uLXBhbmVsIiBzdHlsZT0idGV4dC1hbGlnbjogY2VudGVyIj4KICAgICAgICAgICAgPGEgY2xhc3M9ImJ0biBidG4tcHJpbWFyeSIgaHJlZj0iaHR0cHM6Ly93d3cuZ2FydGVudHJhdW0uZGUvRHJlaWVja2lnZXItR2FydGVudGlzY2gtYXVzLUFsdW1pbml1bS11bmQtR2xhc2tlcmFtaWstVGlzY2gtUmltbz9yZWY9d3d3LmdhcnRlbnRyYXVtLmRlJmNhbXBhaWduPTExODgwLTAxIiByZWw9IiIgdGFyZ2V0PSJfYmxhbmsiPkpldHp0IEthdWZlbjwvYT4KICAgICAgICAgIDwvZGl2PgogICAgICAgICAgICAgIDwvZGl2PgoKICAgIDwvZmlnY2FwdGlvbj4KICA8L2ZpZ3VyZT4KPC9kaXY+Cg==PGRpdiBjbGFzcz0ianRsd3pkX2Nhcm91c2VsLWl0ZW0iPgogIDxmaWd1cmUgY2xhc3M9Imp0bHd6ZF9maWd1cmUiPgogICAgPGEgaHJlZj0iaHR0cHM6Ly93d3cuZ2FydGVudHJhdW0uZGUvSFBMLVNvbm5lbnNjaGlybXN0YWVuZGVyLWZ1ZXItT3V0ZG9vci1LdWVjaGVuLWluLUFudGhyYXppdC1UaWNpbm8tU3Vuc2hhZGU\/cmVmPXd3dy5nYXJ0ZW50cmF1bS5kZSZjYW1wYWlnbj0xMTg4MC0wMSIgcmVsPSIiIHRhcmdldD0iX2JsYW5rIj4KICAgICAgPHBpY3R1cmU+CiAgPGltZyBsb2FkaW5nPSJsYXp5IiBzcmM9Imh0dHBzOi8vd3d3LmdhcnRlbnRyYXVtLmRlL21lZGlhL2ltYWdlL3Byb2R1Y3QvMzMwNTkvbGcvaHBsLXNvbm5lbnNjaGlybXN0YWVuZGVyLWZ1ZXItb3V0ZG9vci1rdWVjaGVuLWluLWFudGhyYXppdC10aWNpbm8tc3Vuc2hhZGUuanBnIiBkYXRhLWVhbj0iNDA1NjAyNjMyMjc2OSIgYWx0PSJUaWNpbm8gU3Vuc2hhZGUiLz4KPC9waWN0dXJlPgogICAgPC9hPgoKICAgICAgICAgIDxmaWdjYXB0aW9uPgogICAgICAgIDxhIGhyZWY9Imh0dHBzOi8vd3d3LmdhcnRlbnRyYXVtLmRlL0hQTC1Tb25uZW5zY2hpcm1zdGFlbmRlci1mdWVyLU91dGRvb3ItS3VlY2hlbi1pbi1BbnRocmF6aXQtVGljaW5vLVN1bnNoYWRlP3JlZj13d3cuZ2FydGVudHJhdW0uZGUmY2FtcGFpZ249MTE4ODAtMDEiIHJlbD0iIiB0YXJnZXQ9Il9ibGFuayI+CiAgICAgICAgICAgICAgICAgICAgICA8c3BhbiBjbGFzcz0ianRsd3pkX2ZpZ3VyZV9zaG9ydG5hbWUiIHN0eWxlPSJ0ZXh0LWFsaWduOmNlbnRlciI+VGljaW5vIFN1bnNoYWRlPC9zcGFuPgogICAgICAgICAgICAgICAgICAgIDwvYT4KICAgICAgICA8ZGl2IGNsYXNzPSJqdGx3emRfZGVzY3JpcHRpb24tcHJpY2luZy1hY3Rpb25fcGFuZWwiPgogICAgICAgICAgICAgICAgICAgICAgPHNwYW4gY2xhc3M9Imp0bHd6ZF9maWd1cmVfc2hvcnRkZXNjcmlwdGlvbiIgc3R5bGU9InRleHQtYWxpZ246Y2VudGVyIj5IUEwgU29ubmVuc2NoaXJtc3QmYXVtbDtuZGVyPC9zcGFuPgogICAgICAgICAgICAKICAgICAgICA8ZGl2IGNsYXNzPSJqdGx3emRfcHJpY2UiPgogICAgICAgICAgPHNwYW4gY2xhc3M9Imp0bHd6ZF9wcmljZV9sYWJlbCI+VmVyc2FuZHByZWlzIGFiPC9zcGFuPgogICAgICAgICAgPHNwYW4gY2xhc3M9Imp0bHd6ZF9wcmljZV90ZXh0Ij4xLjgxMCwwMCAmZXVybzs8L3NwYW4+CiAgICAgICAgPC9kaXY+CgogICAgICAgICAgICAgICAgICA8ZGl2IGNsYXNzPSJqdGx3emRfYWN0aW9uLXBhbmVsIiBzdHlsZT0idGV4dC1hbGlnbjogY2VudGVyIj4KICAgICAgICAgICAgPGEgY2xhc3M9ImJ0biBidG4tcHJpbWFyeSIgaHJlZj0iaHR0cHM6Ly93d3cuZ2FydGVudHJhdW0uZGUvSFBMLVNvbm5lbnNjaGlybXN0YWVuZGVyLWZ1ZXItT3V0ZG9vci1LdWVjaGVuLWluLUFudGhyYXppdC1UaWNpbm8tU3Vuc2hhZGU\/cmVmPXd3dy5nYXJ0ZW50cmF1bS5kZSZjYW1wYWlnbj0xMTg4MC0wMSIgcmVsPSIiIHRhcmdldD0iX2JsYW5rIj5KZXR6dCBLYXVmZW48L2E+CiAgICAgICAgICA8L2Rpdj4KICAgICAgICAgICAgICA8L2Rpdj4KCiAgICA8L2ZpZ2NhcHRpb24+CiAgPC9maWd1cmU+CjwvZGl2Pgo=PGRpdiBjbGFzcz0ianRsd3pkX2Nhcm91c2VsLWl0ZW0iPgogIDxmaWd1cmUgY2xhc3M9Imp0bHd6ZF9maWd1cmUiPgogICAgPGEgaHJlZj0iaHR0cHM6Ly93d3cuZ2FydGVudHJhdW0uZGUvR2FydGVudGlzY2gtbWl0LWludGVncmllcnRlbi1CYWVua2VuLWF1cy1Ib2x6LXVuZC1NZXRhbGwtQWxmcnVuP3JlZj13d3cuZ2FydGVudHJhdW0uZGUmY2FtcGFpZ249MTE4ODAtMDEiIHJlbD0iIiB0YXJnZXQ9Il9ibGFuayI+CiAgICAgIDxwaWN0dXJlPgogIDxpbWcgbG9hZGluZz0ibGF6eSIgc3JjPSJodHRwczovL3d3dy5nYXJ0ZW50cmF1bS5kZS9tZWRpYS9pbWFnZS9wcm9kdWN0LzM3Mjk4L2xnL2dhcnRlbnRpc2NoLW1pdC1pbnRlZ3JpZXJ0ZW4tYmFlbmtlbi1hdXMtaG9sei11bmQtbWV0YWxsLWFsZnJ1bi5qcGciIGRhdGEtZWFuPSI0MDU2MDI2Mzc2MTY4IiBhbHQ9IkFsZnJ1biIvPgo8L3BpY3R1cmU+CiAgICA8L2E+CgogICAgICAgICAgPGZpZ2NhcHRpb24+CiAgICAgICAgPGEgaHJlZj0iaHR0cHM6Ly93d3cuZ2FydGVudHJhdW0uZGUvR2FydGVudGlzY2gtbWl0LWludGVncmllcnRlbi1CYWVua2VuLWF1cy1Ib2x6LXVuZC1NZXRhbGwtQWxmcnVuP3JlZj13d3cuZ2FydGVudHJhdW0uZGUmY2FtcGFpZ249MTE4ODAtMDEiIHJlbD0iIiB0YXJnZXQ9Il9ibGFuayI+CiAgICAgICAgICAgICAgICAgICAgICA8c3BhbiBjbGFzcz0ianRsd3pkX2ZpZ3VyZV9zaG9ydG5hbWUiIHN0eWxlPSJ0ZXh0LWFsaWduOmNlbnRlciI+QWxmcnVuPC9zcGFuPgogICAgICAgICAgICAgICAgICAgIDwvYT4KICAgICAgICA8ZGl2IGNsYXNzPSJqdGx3emRfZGVzY3JpcHRpb24tcHJpY2luZy1hY3Rpb25fcGFuZWwiPgogICAgICAgICAgICAgICAgICAgICAgPHNwYW4gY2xhc3M9Imp0bHd6ZF9maWd1cmVfc2hvcnRkZXNjcmlwdGlvbiIgc3R5bGU9InRleHQtYWxpZ246Y2VudGVyIj5HYXJ0ZW50aXNjaCBtaXQgQiZhdW1sO25rZW4gLSBIb2x6ICZhbXA7IE1ldGFsbDwvc3Bhbj4KICAgICAgICAgICAgCiAgICAgICAgPGRpdiBjbGFzcz0ianRsd3pkX3ByaWNlIj4KICAgICAgICAgIDxzcGFuIGNsYXNzPSJqdGx3emRfcHJpY2VfbGFiZWwiPlZlcnNhbmRwcmVpcyBhYjwvc3Bhbj4KICAgICAgICAgIDxzcGFuIGNsYXNzPSJqdGx3emRfcHJpY2VfdGV4dCI+MS4yMTksMDAgJmV1cm87PC9zcGFuPgogICAgICAgIDwvZGl2PgoKICAgICAgICAgICAgICAgICAgPGRpdiBjbGFzcz0ianRsd3pkX2FjdGlvbi1wYW5lbCIgc3R5bGU9InRleHQtYWxpZ246IGNlbnRlciI+CiAgICAgICAgICAgIDxhIGNsYXNzPSJidG4gYnRuLXByaW1hcnkiIGhyZWY9Imh0dHBzOi8vd3d3LmdhcnRlbnRyYXVtLmRlL0dhcnRlbnRpc2NoLW1pdC1pbnRlZ3JpZXJ0ZW4tQmFlbmtlbi1hdXMtSG9sei11bmQtTWV0YWxsLUFsZnJ1bj9yZWY9d3d3LmdhcnRlbnRyYXVtLmRlJmNhbXBhaWduPTExODgwLTAxIiByZWw9IiIgdGFyZ2V0PSJfYmxhbmsiPkpldHp0IEthdWZlbjwvYT4KICAgICAgICAgIDwvZGl2PgogICAgICAgICAgICAgIDwvZGl2PgoKICAgIDwvZmlnY2FwdGlvbj4KICA8L2ZpZ3VyZT4KPC9kaXY+Cg==  <\/div>\n  <a href=\"#\" class=\"jtlwzd_carousel_control-prev jtli_left-open\"><\/a>\n  <a href=\"#\" class=\"jtlwzd_carousel_control-next jtli_right-open\"><\/a>\n\n      <div class=\"jtlwzd_carousel_more\" style=\"text-align:right;\">\n      <a href=\"https:\/\/www.gartentraum.de\/Gartenmoebel?ref=www.gartentraum.de&campaign=11880-01\" title=\"Hochwertige Gartenm\u00f6bel bei Serafinum.de kaufen\" rel=\"\" target=\"_blank\">alle ansehen >><\/a>\n    <\/div>\n  \n<\/div>\n<p><span id=\"1\"><\/span><div class=\"h2_h3_comby\"><h2 class=\"font\">INNENHOF PLANEN - GRUNDRISS &amp; CO.<\/h2><div class=\"line\"><\/div><p class=\"fakeH3\">Welche Dinge sollten Sie bereits bei der Planung ber\u00fccksichtigen?<\/p><\/div><\/p>\n<p>Der erste Schritt zu einem wundersch\u00f6nen Innenhof ist die sorgf\u00e4ltige Planung im Voraus. Oft hilft es dabei schon, wenn Sie sich eine Skizze mit den groben Ma\u00dfen Ihre Innenhofs machen. So k\u00f6nnen Sie gew\u00fcnschte Bereiche, die Sie anlegen m\u00f6chten schon recht gut einsch\u00e4tzen. Ein digitaler Gartenplaner vereinfacht Ihnen die Arbeit allerdings erheblich und verdeutlicht verschiedene Gestaltungselemente realit\u00e4tsnah. Die folgenden Punkte sollten Sie bei der Planung ber\u00fccksichtigt.<\/p>\n<p>&nbsp;<\/p>\n<div id=\"attachment_12034\" class=\"wp-caption aligncenter\" style=\"width: 660px\"><img loading=\"lazy\" decoding=\"async\" class=\"wp-image-12034\" src=\"https:\/\/www.gartentraum.de\/magazin\/wp-content\/uploads\/2019\/07\/Planung-eines-Innenhofs-949x1070.jpg\" alt=\"innenhof_gestalten_planen\" width=\"650\" height=\"733\" srcset=\"https:\/\/www.gartentraum.de\/magazin\/wp-content\/uploads\/2019\/07\/Planung-eines-Innenhofs-949x1070.jpg 949w, https:\/\/www.gartentraum.de\/magazin\/wp-content\/uploads\/2019\/07\/Planung-eines-Innenhofs-266x300.jpg 266w, https:\/\/www.gartentraum.de\/magazin\/wp-content\/uploads\/2019\/07\/Planung-eines-Innenhofs-768x866.jpg 768w, https:\/\/www.gartentraum.de\/magazin\/wp-content\/uploads\/2019\/07\/Planung-eines-Innenhofs-350x395.jpg 350w, https:\/\/www.gartentraum.de\/magazin\/wp-content\/uploads\/2019\/07\/Planung-eines-Innenhofs-44x50.jpg 44w, https:\/\/www.gartentraum.de\/magazin\/wp-content\/uploads\/2019\/07\/Planung-eines-Innenhofs-430x485.jpg 430w, https:\/\/www.gartentraum.de\/magazin\/wp-content\/uploads\/2019\/07\/Planung-eines-Innenhofs.jpg 1071w\" sizes=\"auto, (max-width: 650px) 100vw, 650px\" \/><p class=\"wp-caption-text\">Diese Punkte sollten Sie bei der Planung Ihres Innenhofs beachten. |\u00a0\u00a9 Gartentraum.de\r\n            <span class=\"social_links\">\r\n                <a title=\"auf pinterest teilen\" rel=\"nofollow\" target=\"_blank\" href=\"https:\/\/pinterest.com\/pin\/create\/button\/?url=https:\/\/www.gartentraum.de\/magazin\/wp-json\/wp\/v2\/posts\/11880&media=https:\/\/www.gartentraum.de\/magazin\/wp-content\/uploads\/2019\/07\/Planung-eines-Innenhofs.jpg&description=Diese Punkte sollten Sie bei der Planung Ihres Innenhofs beachten. |\u00a0\u00a9 Gartentraum.de\"><svg x=\"0px\" y=\"0px\"\r\n\t width=\"50px\" height=\"50px\" viewBox=\"0 0 50 50\"><path d=\"M39.553,5.124c-3.441-3.303-8.205-5.123-13.412-5.123c-7.953,0-12.845,3.26-15.548,5.995\r\n\t\tc-3.331,3.37-5.241,7.846-5.241,12.278c0,5.566,2.327,9.837,6.227,11.427c0.262,0.107,0.524,0.16,0.783,0.16\r\n\t\tc0.822,0,1.474-0.537,1.699-1.4c0.132-0.496,0.437-1.717,0.569-2.248c0.284-1.046,0.055-1.55-0.564-2.279\r\n\t\tc-1.128-1.336-1.652-2.912-1.652-4.966c0-6.098,4.541-12.58,12.958-12.58c6.678,0,10.826,3.796,10.826,9.906\r\n\t\tc0,3.855-0.83,7.425-2.338,10.054c-1.049,1.826-2.893,4.004-5.723,4.004c-1.223,0-2.322-0.504-3.016-1.379\r\n\t\tc-0.656-0.828-0.871-1.898-0.607-3.013c0.297-1.262,0.703-2.576,1.096-3.846c0.717-2.32,1.395-4.513,1.395-6.262\r\n\t\tc0-2.991-1.84-5.001-4.576-5.001c-3.479,0-6.203,3.532-6.203,8.042c0,2.211,0.588,3.866,0.854,4.5\r\n\t\tc-0.438,1.857-3.042,12.894-3.536,14.974c-0.285,1.217-2.006,10.813,0.842,11.576c3.2,0.861,6.06-8.484,6.351-9.541\r\n\t\tc0.236-0.859,1.062-4.107,1.567-6.104c1.545,1.488,4.032,2.494,6.452,2.494c4.563,0,8.664-2.053,11.553-5.781\r\n\t\tc2.801-3.615,4.342-8.654,4.342-14.187C44.648,12.499,42.791,8.234,39.553,5.124z\"\/><\/svg><\/a>\r\n                <a title=\"auf facebook teilen\" rel=\"nofollow\" target=\"_blank\" href=\"https:\/\/www.facebook.com\/sharer\/sharer.php?u=https:\/\/www.gartentraum.de\/magazin\/wp-json\/wp\/v2\/posts\/11880\"><svg x=\"0px\" y=\"0px\" width=\"23.325px\" height=\"49.982px\" viewBox=\"0 0 23.325 49.982\"><path d=\"M5.042,9.68c0,1.26,0,6.882,0,6.882H0v8.415h5.042v25.005h10.356V24.977h6.95\r\n\t\tc0,0,0.651-4.035,0.966-8.447c-0.905,0-7.877,0-7.877,0s0-4.896,0-5.753c0-0.86,1.129-2.017,2.246-2.017c1.114,0,3.465,0,5.642,0\r\n\t\tc0-1.146,0-5.104,0-8.76c-2.907,0-6.214,0-7.672,0C4.786,0,5.042,8.423,5.042,9.68z\"\/><\/svg><\/a>\r\n                <a title=\"Download der Grafik\" rel=\"nofollow\" target=\"_blank\" href=\"https:\/\/www.gartentraum.de\/magazin\/wp-content\/uploads\/2019\/07\/Planung-eines-Innenhofs.jpg?original\"><svg viewBox=\"0 0 576 512\"><path d=\"M528 288h-92.1l46.1-46.1c30.1-30.1 8.8-81.9-33.9-81.9h-64V48c0-26.5-21.5-48-48-48h-96c-26.5 0-48 21.5-48 48v112h-64c-42.6 0-64.2 51.7-33.9 81.9l46.1 46.1H48c-26.5 0-48 21.5-48 48v128c0 26.5 21.5 48 48 48h480c26.5 0 48-21.5 48-48V336c0-26.5-21.5-48-48-48zm-400-80h112V48h96v160h112L288 368 128 208zm400 256H48V336h140.1l65.9 65.9c18.8 18.8 49.1 18.7 67.9 0l65.9-65.9H528v128zm-88-64c0-13.3 10.7-24 24-24s24 10.7 24 24-10.7 24-24 24-24-10.7-24-24z\"><\/path><\/svg><\/a>  \r\n            <\/span>\r\n        <\/p><\/div>\n<div class=\"single_button\"><a href=\"https:\/\/www.gartentraum.de\/magazin\/gartenplaner-test\/\" title=\"10 kostenlose Gartenplaner (Online\/Software\/App) in 3D im Test \u2013 OBI, Gardena &amp; Co. im Vergleich\">Gartenplaner im Test<\/a><\/div>\n<p>&nbsp;<\/p>\n<span id=\"2\"><\/span>\n<h3>Bodengestaltung<\/h3>\n<p>Die Grundlage Ihres Innenhofs wird die Bodenfl\u00e4che. K\u00f6nnen Sie diese komplett neu gestalten, steht Ihnen im Grunde alles zur Verf\u00fcgung, was auch bei der <a title=\"Garten gestalten oder neu anlegen\" href=\"https:\/\/www.gartentraum.de\/magazin\/garten-gestalten-anlegen\/\">Neugestaltung<\/a> offener G\u00e4rten m\u00f6glich ist. Bedenken Sie bei einem schattigen Innenhof, dass eine Rasenfl\u00e4che viel Moos ansetzen wird und deshalb einen nicht unerheblichen Pflegeaufwand mit sich zieht. Pflegeleichtere Varianten bei wenig Sonneneinfall sind Kiesfl\u00e4chen oder Pflastersteine. M\u00f6glich ist auch einen Terrassenbereich anzulegen, der dann in den restlichen Teil des Gartens \u00fcbergeht.<\/p>\n<div class=\"single_button\"><a href=\"https:\/\/www.gartentraum.de\/magazin\/terrassenplatten-verlegen\/\" title=\"Terrassenplatten verlegen auf Beton, Splitt\/Erde, M\u00f6rtel &amp; Co. mit Video-Anleitung\">Terrassenplatten verlegen<\/a><\/div>\n<p>&nbsp;<\/p>\n<span id=\"3\"><\/span>\n<h3>Wegeplan erstellen<\/h3>\n<p>Einen Schritt nach der Bodengestaltung aber direkt damit in Zusammenhang sind die Gartenwege. Hier sollten Sie wissen, welche Stellen im Garten Sie erreichen wollen, bzw. welche Bereiche zum Erreichen einen Weg erfordern. Zu einem Gem\u00fcsebeet k\u00f6nnen Sie beispielsweise schon \u00fcber kleine Trittfl\u00e4chen aus Naturstein gelangen. Der Gartenweg zu einer Sitzecke sollte hingegen etwas bequemer begehbar sein. Hier eignen sich befestigte Kieswege oder moderne in von Kies umgebene Trittfl\u00e4chen aus Holz.<\/p>\n<div class=\"mceTemp\"><\/div>\n<div class=\"shopthelook\"><div class=\"heading\"><p class=\"font\">Gartenideen f\u00fcr den Vorgarten<\/p><\/div><div class=\"stl_slider\"><div class=\"slide\"><img decoding=\"async\" title=\"Gartenideen f\u00fcr den Vorgarten\" alt=\"Gartenideen f\u00fcr den Vorgarten\" loading=\"lazy\" src=\"https:\/\/www.gartentraum.de\/magazin\/wp-content\/uploads\/2020\/03\/Fotolia_124361020_L-1100x628-1-1098x628.jpg\" width=\"1098\" height=\"628\"\/><div class=\"scStlItemAd flex\"><p>Anzeige<\/p><\/div><div class=\"product_placement flex\"><div class=\"single_product\"><a href=\"https:\/\/www.gartentraum.de\/Sonnenuhren\" title=\"Sonnenuhren Online Shop\" target=\"_blank\" rel=\"sponsored nofollow\"><img decoding=\"async\" title=\"Sonnenuhren\" alt=\"Sonnenuhren\" loading=\"lazy\" src=\"https:\/\/www.gartentraum.de\/magazin\/wp-content\/uploads\/2020\/03\/sonnenuhr-fuer-den-garten-heron-200x200.jpg\" width=\"200\" height=\"200\"\/><p class=\"headline font\">Sonnenuhren<\/p><\/a><div class=\"line\"><\/div><a class=\"more_link\" title=\"Sonnenuhren Online Shop\" href=\"https:\/\/www.gartentraum.de\/Sonnenuhren\" target=\"_blank\" rel=\"sponsored nofollow\">Sonnenuhren ab 215 \u20ac <span>*<\/span><\/a><\/div><div class=\"single_product\"><a href=\"https:\/\/www.gartentraum.de\/Gartenbrunnen\" title=\"Brunnen f\u00fcr Haus & Garten kaufen\" target=\"_blank\" rel=\"sponsored nofollow\"><img decoding=\"async\" title=\"Gartenbrunnen\" alt=\"Gartenbrunnen\" loading=\"lazy\" src=\"https:\/\/www.gartentraum.de\/magazin\/wp-content\/uploads\/2020\/03\/wasserspiel-mit-amphore-apsley-manor-200x200.jpg\" width=\"200\" height=\"200\"\/><p class=\"headline font\">Gartenbrunnen<\/p><\/a><div class=\"line\"><\/div><a class=\"more_link\" title=\"Brunnen f\u00fcr Haus & Garten kaufen\" href=\"https:\/\/www.gartentraum.de\/Gartenbrunnen\" target=\"_blank\" rel=\"sponsored nofollow\">Brunnen ab 256 \u20ac <span>*<\/span><\/a><\/div><div class=\"single_product\"><a href=\"https:\/\/www.gartentraum.de\/Gartendekoration\" title=\"Gartendeko online kaufen\" target=\"_blank\" rel=\"sponsored nofollow\"><img decoding=\"async\" title=\"Gartendeko Objekte\" alt=\"Gartendeko Objekte\" loading=\"lazy\" src=\"https:\/\/www.gartentraum.de\/magazin\/wp-content\/uploads\/2020\/03\/deko-steinurne-fuer-den-garten-tianus-200x200.jpg\" width=\"200\" height=\"200\"\/><p class=\"headline font\">Gartendeko Objekte<\/p><\/a><div class=\"line\"><\/div><a class=\"more_link\" title=\"Gartendeko online kaufen\" href=\"https:\/\/www.gartentraum.de\/Gartendekoration\" target=\"_blank\" rel=\"sponsored nofollow\">Gartendeko ab 37 \u20ac <span>*<\/span><\/a><\/div><\/div><\/div><div class=\"slide\"><img decoding=\"async\" title=\"Gartenideen f\u00fcr den Vorgarten\" alt=\"Gartenideen f\u00fcr den Vorgarten\" loading=\"lazy\" src=\"https:\/\/www.gartentraum.de\/magazin\/wp-content\/uploads\/2020\/03\/Fotolia_166401628_L-1100x628-1-1098x628.jpg\" width=\"1098\" height=\"628\"\/><div class=\"scStlItemAd flex\"><p>Anzeige<\/p><\/div><div class=\"product_placement flex\"><div class=\"single_product\"><a href=\"https:\/\/www.gartentraum.de\/Wandleuchten\" title=\"Wandleuchten f\u00fcr Haus & Garten kaufen\" target=\"_blank\" rel=\"sponsored nofollow\"><img decoding=\"async\" title=\"Wandleuchten\" alt=\"Wandleuchten\" loading=\"lazy\" src=\"https:\/\/www.gartentraum.de\/magazin\/wp-content\/uploads\/2020\/03\/aussenleuchte-zur-wandmontage-aus-metall-schwarz-kupfer-dafina-200x200.jpg\" width=\"200\" height=\"200\"\/><p class=\"headline font\">Wandleuchten<\/p><\/a><div class=\"line\"><\/div><a class=\"more_link\" title=\"Wandleuchten f\u00fcr Haus & Garten kaufen\" href=\"https:\/\/www.gartentraum.de\/Wandleuchten\" target=\"_blank\" rel=\"sponsored nofollow\">Wandleuchten ab 87 \u20ac <span>*<\/span><\/a><\/div><div class=\"single_product\"><a href=\"https:\/\/www.gartentraum.de\/Gartenamphoren\" title=\"Gartenamphoren & Gartenvasen online Shop\" target=\"_blank\" rel=\"sponsored nofollow\"><img decoding=\"async\" title=\"Gartenamphoren\" alt=\"Gartenamphoren\" loading=\"lazy\" src=\"https:\/\/www.gartentraum.de\/magazin\/wp-content\/uploads\/2020\/12\/weisse-gartenamphore-fuer-pflanzen-amphore-album-200x200.jpg\" width=\"200\" height=\"200\"\/><p class=\"headline font\">Gartenamphoren<\/p><\/a><div class=\"line\"><\/div><a class=\"more_link\" title=\"Gartenamphoren & Gartenvasen online Shop\" href=\"https:\/\/www.gartentraum.de\/Gartenamphoren\" target=\"_blank\" rel=\"sponsored nofollow\">Gartenamphoren ab 75 \u20ac <span>*<\/span><\/a><\/div><div class=\"single_product\"><a href=\"https:\/\/www.gartentraum.de\/Gartenfiguren\" title=\"Gartenfiguren Online Shop\" target=\"_blank\" rel=\"sponsored nofollow\"><img decoding=\"async\" title=\"Gartenfiguren\" alt=\"Gartenfiguren\" loading=\"lazy\" src=\"https:\/\/www.gartentraum.de\/magazin\/wp-content\/uploads\/2020\/03\/grosse-garten-drachenfigur-halvard-steinguss-200x200.jpg\" width=\"200\" height=\"200\"\/><p class=\"headline font\">Gartenfiguren<\/p><\/a><div class=\"line\"><\/div><a class=\"more_link\" title=\"Gartenfiguren Online Shop\" href=\"https:\/\/www.gartentraum.de\/Gartenfiguren\" target=\"_blank\" rel=\"sponsored nofollow\">Gartenfigur ab 64 \u20ac <span>*<\/span><\/a><\/div><\/div><\/div><div class=\"slide\"><img decoding=\"async\" title=\"Gartenideen f\u00fcr den Vorgarten\" alt=\"Gartenideen f\u00fcr den Vorgarten\" loading=\"lazy\" src=\"https:\/\/www.gartentraum.de\/magazin\/wp-content\/uploads\/2020\/03\/shutterstock_small_287453057-1098x650.jpg\" width=\"1098\" height=\"650\"\/><div class=\"scStlItemAd flex\"><p>Anzeige<\/p><\/div><div class=\"product_placement flex\"><div class=\"single_product\"><a href=\"https:\/\/www.gartentraum.de\/Gartenmoebel-Sets\" title=\"Sitzgruppen f\u00fcr den Garten\" target=\"_blank\" rel=\"sponsored nofollow\"><img decoding=\"async\" title=\"Sitzgruppen\" alt=\"Sitzgruppen\" loading=\"lazy\" src=\"https:\/\/www.gartentraum.de\/magazin\/wp-content\/uploads\/2020\/03\/schwarze-gartengarnitur-set-aus-rattan-und-holz-4-sitzer-blakella-schwarz-sitzgruppe-200x200.jpg\" width=\"200\" height=\"200\"\/><p class=\"headline font\">Sitzgruppen<\/p><\/a><div class=\"line\"><\/div><a class=\"more_link\" title=\"Sitzgruppen f\u00fcr den Garten\" href=\"https:\/\/www.gartentraum.de\/Gartenmoebel-Sets\" target=\"_blank\" rel=\"sponsored nofollow\">Sitzgruppe ab  225 \u20ac <span>*<\/span><\/a><\/div><div class=\"single_product\"><a href=\"https:\/\/www.gartentraum.de\/Pflanzgefaesse\" title=\" Pflanzgef\u00e4\u00dfe f\u00fcr Haus, Garten & Terrasse\" target=\"_blank\" rel=\"sponsored nofollow\"><img decoding=\"async\" title=\"Pflanzgef\u00e4\u00dfe\" alt=\"Pflanzgef\u00e4\u00dfe\" loading=\"lazy\" src=\"https:\/\/www.gartentraum.de\/magazin\/wp-content\/uploads\/2020\/03\/blumenkuebel-blau-fuer-garten-terrasse-steinzeug-frostfest-calva-azur-200x200.jpg\" width=\"200\" height=\"200\"\/><p class=\"headline font\">Pflanzgef\u00e4\u00dfe<\/p><\/a><div class=\"line\"><\/div><a class=\"more_link\" title=\" Pflanzgef\u00e4\u00dfe f\u00fcr Haus, Garten & Terrasse\" href=\"https:\/\/www.gartentraum.de\/Pflanzgefaesse\" target=\"_blank\" rel=\"sponsored nofollow\">Pflanzgef\u00e4\u00dfe ab 44 \u20ac <span>*<\/span><\/a><\/div><div class=\"single_product\"><a href=\"https:\/\/www.gartentraum.de\/Aussenbeleuchtung\" title=\"Aussenbeleuchtung & Gartenbeleuchtung online Shop\" target=\"_blank\" rel=\"sponsored nofollow\"><img decoding=\"async\" title=\"Gartenbeleuchtung\" alt=\"Gartenbeleuchtung\" loading=\"lazy\" src=\"https:\/\/www.gartentraum.de\/magazin\/wp-content\/uploads\/2020\/03\/garten-sockelleuchte-aus-aluminium-glas-schwarz-agda-200x200.jpg\" width=\"200\" height=\"200\"\/><p class=\"headline font\">Gartenbeleuchtung<\/p><\/a><div class=\"line\"><\/div><a class=\"more_link\" title=\"Aussenbeleuchtung & Gartenbeleuchtung online Shop\" href=\"https:\/\/www.gartentraum.de\/Aussenbeleuchtung\" target=\"_blank\" rel=\"sponsored nofollow\">Beleuchtung ab 77 \u20ac <span>*<\/span><\/a><\/div><\/div><\/div><\/div><\/div>\n<div class=\"single_button\"><a href=\"https:\/\/www.gartentraum.de\/magazin\/gartenweg-anlegen\/\" title=\"Gartenweg anlegen &amp; gestalten\">Gartenweg anlegen<\/a><\/div>\n<p>&nbsp;<\/p>\n<span id=\"4\"><\/span>\n<h3>Pflanzbereiche definieren<\/h3>\n<p>Weg vom trostlosen Hinterhof grau hin zum Garten-Gr\u00fcn! Planen Sie unbedingt Pflanzbereiche ein. Besonders im urbanen Umfeld kann diese Abwechslung Wunder wirken. Ein Innenhof wird so zu einem pers\u00f6nlichen, naturnahen R\u00fcckzugsort mitten in der Stadt. Sie sollten sich jedoch im Vorfeld genau Gedanken machen, an welchem Ort Pflanzbereiche angelegt. Auch hier ist Dauer und Intensit\u00e4t der Sonneneinstrahlung wieder von entscheidender Bedeutung. Nutzen Sie sonnenreiche W\u00e4nde f\u00fcr <a title=\"Vertikalen Garten selber bauen \u2013 Tipps und Anleitung\" href=\"https:\/\/www.gartentraum.de\/magazin\/vertikaler-garten\/\">bepflanzte Regale,<\/a>\u00a0Rankpflanzen oder sogar Spalierobst. Selbst schattige Bereiche eignen sich f\u00fcr einige Blumen oder einen kleinen Teich mit Wasserpflanzen. Auch f\u00fcr kleine B\u00e4ume k\u00f6nnen Sie einen Platz einplanen. Schmale oder niedrig wachsende Exemplare ben\u00f6tigen nicht \u00fcberm\u00e4\u00dfig viel Bodentiefe und nehmen oberirdisch anderen Pflanzen nicht zu viel Licht weg.<\/p>\n<p>&nbsp;<\/p>\n<div id=\"attachment_11534\" class=\"wp-caption aligncenter\" style=\"width: 1080px\"><img loading=\"lazy\" decoding=\"async\" class=\"wp-image-11534 size-large\" title=\"kleiner Kiesgarten mit Hochbeeten als Pflanzbereiche\" src=\"https:\/\/www.gartentraum.de\/magazin\/wp-content\/uploads\/2019\/05\/hochbeet_kleiner_kies_garten-1070x803.jpg\" alt=\"hochbeet_kleiner_kies_garten\" width=\"1070\" height=\"803\" \/><p class=\"wp-caption-text\">Hochbeete als separate Pflanzbereiche f\u00fcr den Innenhof. |\u00a0\u00a9 gardenguru \u2013 depositphotos.com\r\n            <span class=\"social_links\">\r\n                <a title=\"auf pinterest teilen\" rel=\"nofollow\" target=\"_blank\" href=\"https:\/\/pinterest.com\/pin\/create\/button\/?url=https:\/\/www.gartentraum.de\/magazin\/wp-json\/wp\/v2\/posts\/11880&media=https:\/\/www.gartentraum.de\/magazin\/wp-content\/uploads\/2019\/05\/hochbeet_kleiner_kies_garten-e1599212905754.jpg&description=Hochbeete als separate Pflanzbereiche f\u00fcr den Innenhof. |\u00a0\u00a9 gardenguru \u2013 depositphotos.com\"><svg x=\"0px\" y=\"0px\"\r\n\t width=\"50px\" height=\"50px\" viewBox=\"0 0 50 50\"><path d=\"M39.553,5.124c-3.441-3.303-8.205-5.123-13.412-5.123c-7.953,0-12.845,3.26-15.548,5.995\r\n\t\tc-3.331,3.37-5.241,7.846-5.241,12.278c0,5.566,2.327,9.837,6.227,11.427c0.262,0.107,0.524,0.16,0.783,0.16\r\n\t\tc0.822,0,1.474-0.537,1.699-1.4c0.132-0.496,0.437-1.717,0.569-2.248c0.284-1.046,0.055-1.55-0.564-2.279\r\n\t\tc-1.128-1.336-1.652-2.912-1.652-4.966c0-6.098,4.541-12.58,12.958-12.58c6.678,0,10.826,3.796,10.826,9.906\r\n\t\tc0,3.855-0.83,7.425-2.338,10.054c-1.049,1.826-2.893,4.004-5.723,4.004c-1.223,0-2.322-0.504-3.016-1.379\r\n\t\tc-0.656-0.828-0.871-1.898-0.607-3.013c0.297-1.262,0.703-2.576,1.096-3.846c0.717-2.32,1.395-4.513,1.395-6.262\r\n\t\tc0-2.991-1.84-5.001-4.576-5.001c-3.479,0-6.203,3.532-6.203,8.042c0,2.211,0.588,3.866,0.854,4.5\r\n\t\tc-0.438,1.857-3.042,12.894-3.536,14.974c-0.285,1.217-2.006,10.813,0.842,11.576c3.2,0.861,6.06-8.484,6.351-9.541\r\n\t\tc0.236-0.859,1.062-4.107,1.567-6.104c1.545,1.488,4.032,2.494,6.452,2.494c4.563,0,8.664-2.053,11.553-5.781\r\n\t\tc2.801-3.615,4.342-8.654,4.342-14.187C44.648,12.499,42.791,8.234,39.553,5.124z\"\/><\/svg><\/a>\r\n                <a title=\"auf facebook teilen\" rel=\"nofollow\" target=\"_blank\" href=\"https:\/\/www.facebook.com\/sharer\/sharer.php?u=https:\/\/www.gartentraum.de\/magazin\/wp-json\/wp\/v2\/posts\/11880\"><svg x=\"0px\" y=\"0px\" width=\"23.325px\" height=\"49.982px\" viewBox=\"0 0 23.325 49.982\"><path d=\"M5.042,9.68c0,1.26,0,6.882,0,6.882H0v8.415h5.042v25.005h10.356V24.977h6.95\r\n\t\tc0,0,0.651-4.035,0.966-8.447c-0.905,0-7.877,0-7.877,0s0-4.896,0-5.753c0-0.86,1.129-2.017,2.246-2.017c1.114,0,3.465,0,5.642,0\r\n\t\tc0-1.146,0-5.104,0-8.76c-2.907,0-6.214,0-7.672,0C4.786,0,5.042,8.423,5.042,9.68z\"\/><\/svg><\/a>\r\n                <a title=\"Download der Grafik\" rel=\"nofollow\" target=\"_blank\" href=\"https:\/\/www.gartentraum.de\/magazin\/wp-content\/uploads\/2019\/05\/hochbeet_kleiner_kies_garten-e1599212905754.jpg?original\"><svg viewBox=\"0 0 576 512\"><path d=\"M528 288h-92.1l46.1-46.1c30.1-30.1 8.8-81.9-33.9-81.9h-64V48c0-26.5-21.5-48-48-48h-96c-26.5 0-48 21.5-48 48v112h-64c-42.6 0-64.2 51.7-33.9 81.9l46.1 46.1H48c-26.5 0-48 21.5-48 48v128c0 26.5 21.5 48 48 48h480c26.5 0 48-21.5 48-48V336c0-26.5-21.5-48-48-48zm-400-80h112V48h96v160h112L288 368 128 208zm400 256H48V336h140.1l65.9 65.9c18.8 18.8 49.1 18.7 67.9 0l65.9-65.9H528v128zm-88-64c0-13.3 10.7-24 24-24s24 10.7 24 24-10.7 24-24 24-24-10.7-24-24z\"><\/path><\/svg><\/a>  \r\n            <\/span>\r\n        <\/p><\/div>\n<div class=\"single_button\"><a href=\"https:\/\/www.gartentraum.de\/magazin\/gartenpflanzen\/\" title=\"Top-20 Gartenpflanzen (winterhart) f\u00fcr Fr\u00fchling, Sommer, Herbst &amp; Winter mit Bildern\">Gartenpflanzen Top 20<\/a><\/div>\n<p>&nbsp;<\/p>\n<span id=\"5\"><\/span>\n<h3>Wandgestaltung<\/h3>\n<p>Rankpflanzen an den W\u00e4nden bringen nicht nur Farbe in den Innenhof, sie lassen ihn auch gr\u00f6\u00dfer erscheinen. Rankgitter helfen zum einen beim optimalen Wachstum und verhindern zum anderen, dass die Wurzeln das Mauerwerk angreifen. Doch nicht nur Rankpflanzen m\u00f6gen den Platz am Rand Ihres Innenhofs. Wenn sich eine Wand im Sonnenlicht aufheizt, speichert sie die W\u00e4rme und kann diese sp\u00e4ter weitergeben. Dar\u00fcber freuen sich auch Pflanzen in einem ebenerdigen Beet. Manchmal ist es also durchaus angebracht eine Wand so zu lassen wie sie ist. Neben Rankpflanzen k\u00f6nnen Sie allerdings auch andere Elemente zur Wandgestaltung nutzen. Ein stilvolles <a title=\"Exklusive Wandreliefs f\u00fcr Ihre Innenhof-Wand online kaufen\" href=\"https:\/\/www.gartentraum.de\/Wandreliefs\" target=\"_blank\" rel=\"noopener noreferrer\">Wandrelief<\/a>\u00a0oder ein exklusiver Wandbrunnen sorgen f\u00fcr Highlights, die sich platzsparend in den Innenhof integrieren lassen.<\/p>\n<div class=\"mceTemp\"><\/div>\n<div class=\"shopthelook\"><div class=\"heading\"><p class=\"font\">Gartenideen mit Pool zum Kaufen<\/p><\/div><div class=\"stl_slider\"><div class=\"slide\"><img decoding=\"async\" title=\"Gartenideen mit Pool zum Kaufen\" alt=\"Gartenideen mit Pool zum Kaufen\" loading=\"lazy\" src=\"https:\/\/www.gartentraum.de\/magazin\/wp-content\/uploads\/2020\/03\/Gartengestaltung-Pool-1098x650.jpg\" width=\"1098\" height=\"650\"\/><div class=\"scStlItemAd flex\"><p>Anzeige<\/p><\/div><div class=\"product_placement flex\"><div class=\"single_product\"><a href=\"https:\/\/www.gartentraum.de\/Gartenruinen\" title=\"Gartenruinen Baus\u00e4tze online kaufen\" target=\"_blank\" rel=\"sponsored nofollow\"><img decoding=\"async\" title=\"Gartenruinen\" alt=\"Gartenruinen\" loading=\"lazy\" src=\"https:\/\/www.gartentraum.de\/magazin\/wp-content\/uploads\/2020\/03\/stein-pavillon-fuer-den-garten-exford-chapell-1-200x200.jpg\" width=\"200\" height=\"200\"\/><p class=\"headline font\">Gartenruinen<\/p><\/a><div class=\"line\"><\/div><a class=\"more_link\" title=\"Gartenruinen Baus\u00e4tze online kaufen\" href=\"https:\/\/www.gartentraum.de\/Gartenruinen\" target=\"_blank\" rel=\"sponsored nofollow\">Gartenruinen ab 3.250 \u20ac <span>*<\/span><\/a><\/div><div class=\"single_product\"><a href=\"https:\/\/www.gartentraum.de\/Garten-Pool-Schwimmbecken\" title=\"Swimmingpools & Schwimmbecken online kaufen\" target=\"_blank\" rel=\"sponsored nofollow\"><img decoding=\"async\" title=\"Pools\" alt=\"Pools\" loading=\"lazy\" src=\"https:\/\/www.gartentraum.de\/magazin\/wp-content\/uploads\/2021\/10\/pool-freigestellt-stl-200x200.jpg\" width=\"200\" height=\"200\"\/><p class=\"headline font\">Pools<\/p><\/a><div class=\"line\"><\/div><a class=\"more_link\" title=\"Swimmingpools & Schwimmbecken online kaufen\" href=\"https:\/\/www.gartentraum.de\/Garten-Pool-Schwimmbecken\" target=\"_blank\" rel=\"sponsored nofollow\">Pools ab 6.345 \u20ac <span>*<\/span><\/a><\/div><div class=\"single_product\"><a href=\"https:\/\/www.gartentraum.de\/Gartenbaenke\" title=\"Hochwertige Gartenb\u00e4nke aus Metall\" target=\"_blank\" rel=\"sponsored nofollow\"><img decoding=\"async\" title=\"Gartenb\u00e4nke\" alt=\"Gartenb\u00e4nke\" loading=\"lazy\" src=\"https:\/\/www.gartentraum.de\/magazin\/wp-content\/uploads\/2020\/03\/bequeme-gartenbank-2-sitzer-aus-braunem-holz-eukalyptus-eudesmia-2-sitzer-bank-200x200.jpg\" width=\"200\" height=\"200\"\/><p class=\"headline font\">Gartenb\u00e4nke<\/p><\/a><div class=\"line\"><\/div><a class=\"more_link\" title=\"Hochwertige Gartenb\u00e4nke aus Metall\" href=\"https:\/\/www.gartentraum.de\/Gartenbaenke\" target=\"_blank\" rel=\"sponsored nofollow\">Gartenb\u00e4nke ab 177 \u20ac <span>*<\/span><\/a><\/div><\/div><\/div><div class=\"slide\"><img decoding=\"async\" title=\"Gartenideen mit Pool zum Kaufen\" alt=\"Gartenideen mit Pool zum Kaufen\" loading=\"lazy\" src=\"https:\/\/www.gartentraum.de\/magazin\/wp-content\/uploads\/2020\/03\/Gartenpool-mit-Sonnenliegen-1098x650.jpg\" width=\"1098\" height=\"650\"\/><div class=\"scStlItemAd flex\"><p>Anzeige<\/p><\/div><div class=\"product_placement flex\"><div class=\"single_product\"><a href=\"https:\/\/www.gartentraum.de\/Gartenliegen-Sonnenliegen\" title=\"Sonnenliegen & Gartenliegen online kaufen\" target=\"_blank\" rel=\"sponsored nofollow\"><img decoding=\"async\" title=\"Sonnenliegen\" alt=\"Sonnenliegen\" loading=\"lazy\" src=\"https:\/\/www.gartentraum.de\/magazin\/wp-content\/uploads\/2020\/03\/gartenliege-mit-abklappbaren-armlehnen-und-rollen-synabilis-liege-200x200.jpg\" width=\"200\" height=\"200\"\/><p class=\"headline font\">Sonnenliegen<\/p><\/a><div class=\"line\"><\/div><a class=\"more_link\" title=\"Sonnenliegen & Gartenliegen online kaufen\" href=\"https:\/\/www.gartentraum.de\/Gartenliegen-Sonnenliegen\" target=\"_blank\" rel=\"sponsored nofollow\">Sonnenliegen ab 138 \u20ac <span>*<\/span><\/a><\/div><div class=\"single_product\"><a href=\"https:\/\/www.gartentraum.de\/Sonnenschirme\" title=\"Sonnenschirme online kaufen\" target=\"_blank\" rel=\"sponsored nofollow\"><img decoding=\"async\" title=\"Sonnenschirme\" alt=\"Sonnenschirme\" loading=\"lazy\" src=\"https:\/\/www.gartentraum.de\/magazin\/wp-content\/uploads\/2020\/03\/Sonnenschirme-200x200.jpg\" width=\"200\" height=\"200\"\/><p class=\"headline font\">Sonnenschirme<\/p><\/a><div class=\"line\"><\/div><a class=\"more_link\" title=\"Sonnenschirme online kaufen\" href=\"https:\/\/www.gartentraum.de\/Sonnenschirme\" target=\"_blank\" rel=\"sponsored nofollow\">Sonnenschirme ab 150 \u20ac <span>*<\/span><\/a><\/div><div class=\"single_product\"><a href=\"https:\/\/www.gartentraum.de\/Skulpturen\" title=\"Skulpturen & Figuren f\u00fcr den Garten\" target=\"_blank\" rel=\"sponsored nofollow\"><img decoding=\"async\" title=\"Garten Skulpturen\" alt=\"Garten Skulpturen\" loading=\"lazy\" src=\"https:\/\/www.gartentraum.de\/magazin\/wp-content\/uploads\/2020\/03\/Skulpturen-200x200.jpg\" width=\"200\" height=\"200\"\/><p class=\"headline font\">Garten Skulpturen<\/p><\/a><div class=\"line\"><\/div><a class=\"more_link\" title=\"Skulpturen & Figuren f\u00fcr den Garten\" href=\"https:\/\/www.gartentraum.de\/Skulpturen\" target=\"_blank\" rel=\"sponsored nofollow\">Skulpturen ab 75 \u20ac <span>*<\/span><\/a><\/div><\/div><\/div><\/div><\/div>\n<div class=\"single_button\"><a href=\"https:\/\/www.gartentraum.de\/Gartenruinen\" title=\"Gartenruinen Baus\u00e4tze kaufen\" target=\"_blank\">Gartenruinen Baus\u00e4tze kaufen<\/a><\/div>\n<p>&nbsp;<\/p>\n<blockquote><p>Da Innenh\u00f6fe in der Regel von W\u00e4nden umgeben sind, sollten Sie diese auf jeden Fall in die Gartengestaltung mit einbeziehen.<\/p><\/blockquote>\n<p>&nbsp;<\/p>\n<span id=\"6\"><\/span>\n<h3>Sitz &#8211; &amp; Aufenthaltsbereiche<\/h3>\n<p>Ein sch\u00f6ner Innenhof muss betrachtet werden. Besonders, wenn er als besagte Wohlf\u00fchloase und R\u00fcckzugsort angelegt wird, brauchen Sie unbedingt einen Platz, an dem Sie entspannen k\u00f6nnen. Bereiche f\u00fcr eine Sitzgruppe mit Esstisch, eine Lounge-Ecke oder nur zwei St\u00fchle mit Beistelltisch sind quasi ein Muss. Wie in einem Wohnzimmer sind L\u00f6sungen f\u00fcr Sitzbereiche direkt an der Wand denkbar. Das spart Platz und l\u00e4sst vor allem kleine Innenh\u00f6fe nicht zu \u00fcberladen wirken. Oft sind Sitz- und Aufenthaltsbereiche der zentrale Bestandteil eines neu gestalteten Innenhofs. Holzpodeste als Terrasse und warme Beleuchtung sorgen f\u00fcr mediterranes Flair. Pflanzen wandern als reines Dekorationsobjekt eher in den Hintergrund. Wir empfehlen jedoch eine ausgewogene Mischung und einen Innenhof mit ausreichend Gr\u00fcn zu versehen. Eine Kiesfl\u00e4che f\u00fcr die Gartenm\u00f6bel, umgeben von wenigen bunten Blumen oder kleinen Gr\u00e4sern wirkt stimmig und l\u00e4sst den Innenhof zu einem \u201cInnenhofgarten\u201d werden.<\/p>\n<p>&nbsp;<\/p>\n<div id=\"attachment_11907\" class=\"wp-caption aligncenter\" style=\"width: 1080px\"><img loading=\"lazy\" decoding=\"async\" class=\"wp-image-11907\" title=\"Sitzecke mit Gartensofa und Sesseln aus Rattan\" src=\"https:\/\/www.gartentraum.de\/magazin\/wp-content\/uploads\/2019\/07\/innenhof_gestalten_sitzecke_gartenmoebel_sofa_sonnenschirm.jpg\" alt=\"innenhof_gestalten_sitzecke_gartenmoebel_sofa_sonnenschirm\" width=\"1070\" height=\"803\" srcset=\"https:\/\/www.gartentraum.de\/magazin\/wp-content\/uploads\/2019\/07\/innenhof_gestalten_sitzecke_gartenmoebel_sofa_sonnenschirm.jpg 1920w, https:\/\/www.gartentraum.de\/magazin\/wp-content\/uploads\/2019\/07\/innenhof_gestalten_sitzecke_gartenmoebel_sofa_sonnenschirm-300x225.jpg 300w, https:\/\/www.gartentraum.de\/magazin\/wp-content\/uploads\/2019\/07\/innenhof_gestalten_sitzecke_gartenmoebel_sofa_sonnenschirm-1070x803.jpg 1070w, https:\/\/www.gartentraum.de\/magazin\/wp-content\/uploads\/2019\/07\/innenhof_gestalten_sitzecke_gartenmoebel_sofa_sonnenschirm-768x576.jpg 768w, https:\/\/www.gartentraum.de\/magazin\/wp-content\/uploads\/2019\/07\/innenhof_gestalten_sitzecke_gartenmoebel_sofa_sonnenschirm-1536x1152.jpg 1536w, https:\/\/www.gartentraum.de\/magazin\/wp-content\/uploads\/2019\/07\/innenhof_gestalten_sitzecke_gartenmoebel_sofa_sonnenschirm-350x263.jpg 350w, https:\/\/www.gartentraum.de\/magazin\/wp-content\/uploads\/2019\/07\/innenhof_gestalten_sitzecke_gartenmoebel_sofa_sonnenschirm-1024x768.jpg 1024w, https:\/\/www.gartentraum.de\/magazin\/wp-content\/uploads\/2019\/07\/innenhof_gestalten_sitzecke_gartenmoebel_sofa_sonnenschirm-67x50.jpg 67w, https:\/\/www.gartentraum.de\/magazin\/wp-content\/uploads\/2019\/07\/innenhof_gestalten_sitzecke_gartenmoebel_sofa_sonnenschirm-430x323.jpg 430w\" sizes=\"auto, (max-width: 1070px) 100vw, 1070px\" \/><p class=\"wp-caption-text\">\u00dcberlegen Sie sich im Vorfeld, wo eine Sitzecke in Ihrem Innenhof hin passt. |\u00a0\u00a9 Shutterstock \u2013 Wutthikrai Busayaporn\r\n            <span class=\"social_links\">\r\n                <a title=\"auf pinterest teilen\" rel=\"nofollow\" target=\"_blank\" href=\"https:\/\/pinterest.com\/pin\/create\/button\/?url=https:\/\/www.gartentraum.de\/magazin\/wp-json\/wp\/v2\/posts\/11880&media=https:\/\/www.gartentraum.de\/magazin\/wp-content\/uploads\/2019\/07\/innenhof_gestalten_sitzecke_gartenmoebel_sofa_sonnenschirm.jpg&description=\u00dcberlegen Sie sich im Vorfeld, wo eine Sitzecke in Ihrem Innenhof hin passt. |\u00a0\u00a9 Shutterstock \u2013 Wutthikrai Busayaporn\"><svg x=\"0px\" y=\"0px\"\r\n\t width=\"50px\" height=\"50px\" viewBox=\"0 0 50 50\"><path d=\"M39.553,5.124c-3.441-3.303-8.205-5.123-13.412-5.123c-7.953,0-12.845,3.26-15.548,5.995\r\n\t\tc-3.331,3.37-5.241,7.846-5.241,12.278c0,5.566,2.327,9.837,6.227,11.427c0.262,0.107,0.524,0.16,0.783,0.16\r\n\t\tc0.822,0,1.474-0.537,1.699-1.4c0.132-0.496,0.437-1.717,0.569-2.248c0.284-1.046,0.055-1.55-0.564-2.279\r\n\t\tc-1.128-1.336-1.652-2.912-1.652-4.966c0-6.098,4.541-12.58,12.958-12.58c6.678,0,10.826,3.796,10.826,9.906\r\n\t\tc0,3.855-0.83,7.425-2.338,10.054c-1.049,1.826-2.893,4.004-5.723,4.004c-1.223,0-2.322-0.504-3.016-1.379\r\n\t\tc-0.656-0.828-0.871-1.898-0.607-3.013c0.297-1.262,0.703-2.576,1.096-3.846c0.717-2.32,1.395-4.513,1.395-6.262\r\n\t\tc0-2.991-1.84-5.001-4.576-5.001c-3.479,0-6.203,3.532-6.203,8.042c0,2.211,0.588,3.866,0.854,4.5\r\n\t\tc-0.438,1.857-3.042,12.894-3.536,14.974c-0.285,1.217-2.006,10.813,0.842,11.576c3.2,0.861,6.06-8.484,6.351-9.541\r\n\t\tc0.236-0.859,1.062-4.107,1.567-6.104c1.545,1.488,4.032,2.494,6.452,2.494c4.563,0,8.664-2.053,11.553-5.781\r\n\t\tc2.801-3.615,4.342-8.654,4.342-14.187C44.648,12.499,42.791,8.234,39.553,5.124z\"\/><\/svg><\/a>\r\n                <a title=\"auf facebook teilen\" rel=\"nofollow\" target=\"_blank\" href=\"https:\/\/www.facebook.com\/sharer\/sharer.php?u=https:\/\/www.gartentraum.de\/magazin\/wp-json\/wp\/v2\/posts\/11880\"><svg x=\"0px\" y=\"0px\" width=\"23.325px\" height=\"49.982px\" viewBox=\"0 0 23.325 49.982\"><path d=\"M5.042,9.68c0,1.26,0,6.882,0,6.882H0v8.415h5.042v25.005h10.356V24.977h6.95\r\n\t\tc0,0,0.651-4.035,0.966-8.447c-0.905,0-7.877,0-7.877,0s0-4.896,0-5.753c0-0.86,1.129-2.017,2.246-2.017c1.114,0,3.465,0,5.642,0\r\n\t\tc0-1.146,0-5.104,0-8.76c-2.907,0-6.214,0-7.672,0C4.786,0,5.042,8.423,5.042,9.68z\"\/><\/svg><\/a>\r\n                <a title=\"Download der Grafik\" rel=\"nofollow\" target=\"_blank\" href=\"https:\/\/www.gartentraum.de\/magazin\/wp-content\/uploads\/2019\/07\/innenhof_gestalten_sitzecke_gartenmoebel_sofa_sonnenschirm.jpg?original\"><svg viewBox=\"0 0 576 512\"><path d=\"M528 288h-92.1l46.1-46.1c30.1-30.1 8.8-81.9-33.9-81.9h-64V48c0-26.5-21.5-48-48-48h-96c-26.5 0-48 21.5-48 48v112h-64c-42.6 0-64.2 51.7-33.9 81.9l46.1 46.1H48c-26.5 0-48 21.5-48 48v128c0 26.5 21.5 48 48 48h480c26.5 0 48-21.5 48-48V336c0-26.5-21.5-48-48-48zm-400-80h112V48h96v160h112L288 368 128 208zm400 256H48V336h140.1l65.9 65.9c18.8 18.8 49.1 18.7 67.9 0l65.9-65.9H528v128zm-88-64c0-13.3 10.7-24 24-24s24 10.7 24 24-10.7 24-24 24-24-10.7-24-24z\"><\/path><\/svg><\/a>  \r\n            <\/span>\r\n        <\/p><\/div>\n<div class=\"single_button\"><a href=\"https:\/\/www.gartentraum.de\/Loungemoebel\" title=\"Exklusive Loungem\u00f6bel f\u00fcr Terrasse, Balkon &amp; Garten finden Sie in unserem Online Shop\" target=\"_blank\">Loungem\u00f6bel kaufen<\/a><\/div>\n<div class=\"mason_gal\" data-index=\"Banner1\"><div class=\"first\"><div class=\"single_mason\"><a href=\"https:\/\/www.gartentraum.de\/Gartendekoration\" target=\"_blank\" title=\"Wasserspiele f\u00fcr den Innenhof\"><img decoding=\"async\" title=\"Wasserspiele f\u00fcr den Innenhof\" alt=\"Eine Grafik zu Wasserspiele f\u00fcr den Innenhof\" src=\"https:\/\/www.gartentraum.de\/magazin\/wp-content\/uploads\/2019\/07\/wandbrunnen-aus-zink-fascio.jpg\"\/><\/a><div class=\"text\"><span class=\"top\">\u201c<\/span><p>Wasserspiele wie Brunnen, Teiche oder Bachl\u00e4ufe k\u00f6nnen problemlos in das Gesamtbild eines Innenhofes eingearbeitet werden. Auf Gartentraum.de finden Sie eine gro\u00dfe Auswahl dazu. <\/p><span class=\"bottom\">\u201e<\/span><\/div><div class=\"bottom\"><a href=\"https:\/\/www.gartentraum.de\/Gartendekoration\" target=\"_blank\" title=\"Wasserspiele f\u00fcr den Innenhof\">Wasserspiele f\u00fcr den Innenhof<\/a><\/div><\/div><\/div><div class=\"second\"><div class=\"single_mason\"><a href=\"https:\/\/www.gartentraum.de\/magazin\/hauseingang-gestalten\/\" target=\"_blank\" title=\"Hauseingang passend gestalten\"><img decoding=\"async\" title=\"Hauseingang passend gestalten\" alt=\"Eine Grafik zu Hauseingang passend gestalten\" src=\"https:\/\/www.gartentraum.de\/magazin\/wp-content\/uploads\/2019\/07\/hauseingang_gestalten_granit_block_treppe-400x400-1-350x350.jpg\"\/><\/a><div class=\"text\"><span class=\"top\">\u201c<\/span><p>Um das Maximum aus ihren eigenen vier W\u00e4nden heraus zu holen, muss das Gesamtbild stimmen. Passen Sie deshalb bestm\u00f6glich Hauseingang sowie Innenhof gut miteinander an.<\/p><span class=\"bottom\">\u201e<\/span><\/div><div class=\"bottom\"><a href=\"https:\/\/www.gartentraum.de\/magazin\/hauseingang-gestalten\/\" target=\"_blank\" title=\"Hauseingang passend gestalten\">Hauseingang passend gestalten<\/a><\/div><\/div><\/div><div class=\"third\"><div class=\"single_mason\"><a href=\"https:\/\/www.gartentraum.de\/Gartenmoebel\" target=\"_blank\" title=\"Passende M\u00f6bel zum Innenhof\"><img decoding=\"async\" title=\"Passende M\u00f6bel zum Innenhof\" alt=\"Eine Grafik zu Passende M\u00f6bel zum Innenhof\" src=\"https:\/\/www.gartentraum.de\/magazin\/wp-content\/uploads\/2019\/07\/garten-steinbank-rund-brighton-hall.jpg\"\/><\/a><div class=\"text\"><span class=\"top\">\u201c<\/span><p>In unserem Shop finden Sie eine gro\u00dfe Auswahl an M\u00f6beln mit verschiedensten Verwendungsm\u00f6glichkeiten f\u00fcr ihren Innenhof. St\u00f6bern Sie gerne herum, vielleicht finden Sie etwas.<\/p><span class=\"bottom\">\u201e<\/span><\/div><div class=\"bottom\"><a href=\"https:\/\/www.gartentraum.de\/Gartenmoebel\" target=\"_blank\" title=\"Passende M\u00f6bel zum Innenhof\">Passende M\u00f6bel zum Innenhof<\/a><\/div><\/div><\/div><\/div>\n<p><span id=\"7\"><\/span><div class=\"h2_h3_comby\"><h2 class=\"font\">PFLANZEN IM INNENHOF<\/h2><div class=\"line\"><\/div><p class=\"fakeH3\">Welche Blumen, B\u00e4ume &amp; Co. k\u00f6nnen Sie in einem Innenhof anpflanzen?<\/p><\/div><\/p>\n<p>Einen Innenhof k\u00f6nnen Sie genauso ansprechend gestalten, wie eine Dachterrasse oder einen Balkon. Pflanzen sollten dabei nicht fehlen. Sowohl f\u00fcr schattige als auch sonnige Innenh\u00f6fe gibt es dabei einige Ideen, die wir Ihnen kurz vorstellen m\u00f6chten.<\/p>\n<p>&nbsp;<\/p>\n<span id=\"8\"><\/span>\n<h3>Rankpflanzen f\u00fcr die W\u00e4nde<\/h3>\n<p>Wir haben es bereits erw\u00e4hnt: Rank- &amp; Kletterpflanzen eignen sich ideal f\u00fcr Innenh\u00f6fe. Am Boden ben\u00f6tigen sie meist wenig Platz, zumindest im Verh\u00e4ltnis zur Gr\u00f6\u00dfe, die sie an der Wand annehmen k\u00f6nnen. Interessant sind hier besonders der heimische Efeu und Wilder Wein. Diese Kletterpflanzen wachsen n\u00e4mlich auch an schattigen Pl\u00e4tzen noch gut. Neben dem immergr\u00fcnen Efeu ist die Klematis (Clematis Wadas Primrose) eine Pflanze, die Farbe in den Hof bringt. Im Sommer tr\u00e4gt sie sch\u00f6ne wei\u00dfe und manche Z\u00fcchtungen sogar bunte Bl\u00fcten. Bei diesen drei Kletterpflanzen handelt es sich um mehrj\u00e4hrige Pflanzen, die etwas Zeit zum Wachsen ben\u00f6tigen. Schneller in die H\u00f6he kommt da der einj\u00e4hrige Japanische Hopfen. Dieser und viele andere Kletterpflanzen f\u00fchlen sich an sonnigen oder zumindest halbschattigen Orten wesentlich wohler. Kletterrosen und -hortensien oder der Japanische Blauregen sind weitere M\u00f6glichkeiten W\u00e4nde als Pflanzenfl\u00e4che zu nutzen. Beachten Sie, dass sich Kletterpflanzen hartn\u00e4ckig in der Wand festsetzen und Mauerwerk oder Putz schnell besch\u00e4digen k\u00f6nnen.<\/p>\n<p>&nbsp;<\/p>\n<div id=\"attachment_11909\" class=\"wp-caption aligncenter\" style=\"width: 1080px\"><img loading=\"lazy\" decoding=\"async\" class=\"wp-image-11909 size-large\" title=\"Kletterrose an einer Gartenmauer\" src=\"https:\/\/www.gartentraum.de\/magazin\/wp-content\/uploads\/2019\/07\/innenhof_gestalten_wand_mauer_kletterpflanze_rose-1070x803.jpg\" alt=\"innenhof_gestalten_wand_mauer_kletterpflanze_rose\" width=\"1070\" height=\"803\" srcset=\"https:\/\/www.gartentraum.de\/magazin\/wp-content\/uploads\/2019\/07\/innenhof_gestalten_wand_mauer_kletterpflanze_rose-1070x803.jpg 1070w, https:\/\/www.gartentraum.de\/magazin\/wp-content\/uploads\/2019\/07\/innenhof_gestalten_wand_mauer_kletterpflanze_rose-300x225.jpg 300w, https:\/\/www.gartentraum.de\/magazin\/wp-content\/uploads\/2019\/07\/innenhof_gestalten_wand_mauer_kletterpflanze_rose-768x576.jpg 768w, https:\/\/www.gartentraum.de\/magazin\/wp-content\/uploads\/2019\/07\/innenhof_gestalten_wand_mauer_kletterpflanze_rose-1536x1152.jpg 1536w, https:\/\/www.gartentraum.de\/magazin\/wp-content\/uploads\/2019\/07\/innenhof_gestalten_wand_mauer_kletterpflanze_rose-350x263.jpg 350w, https:\/\/www.gartentraum.de\/magazin\/wp-content\/uploads\/2019\/07\/innenhof_gestalten_wand_mauer_kletterpflanze_rose-1024x768.jpg 1024w, https:\/\/www.gartentraum.de\/magazin\/wp-content\/uploads\/2019\/07\/innenhof_gestalten_wand_mauer_kletterpflanze_rose-67x50.jpg 67w, https:\/\/www.gartentraum.de\/magazin\/wp-content\/uploads\/2019\/07\/innenhof_gestalten_wand_mauer_kletterpflanze_rose-430x323.jpg 430w, https:\/\/www.gartentraum.de\/magazin\/wp-content\/uploads\/2019\/07\/innenhof_gestalten_wand_mauer_kletterpflanze_rose.jpg 1920w\" sizes=\"auto, (max-width: 1070px) 100vw, 1070px\" \/><p class=\"wp-caption-text\">Kletterrosen f\u00fcllen karge W\u00e4nde bis oben mit wundersch\u00f6ner Bl\u00fctenpracht. |\u00a0\u00a9 Shutterstock.com \u2013 Peter Turner Photography\r\n            <span class=\"social_links\">\r\n                <a title=\"auf pinterest teilen\" rel=\"nofollow\" target=\"_blank\" href=\"https:\/\/pinterest.com\/pin\/create\/button\/?url=https:\/\/www.gartentraum.de\/magazin\/wp-json\/wp\/v2\/posts\/11880&media=https:\/\/www.gartentraum.de\/magazin\/wp-content\/uploads\/2019\/07\/innenhof_gestalten_wand_mauer_kletterpflanze_rose.jpg&description=Kletterrosen f\u00fcllen karge W\u00e4nde bis oben mit wundersch\u00f6ner Bl\u00fctenpracht. |\u00a0\u00a9 Shutterstock.com \u2013 Peter Turner Photography\"><svg x=\"0px\" y=\"0px\"\r\n\t width=\"50px\" height=\"50px\" viewBox=\"0 0 50 50\"><path d=\"M39.553,5.124c-3.441-3.303-8.205-5.123-13.412-5.123c-7.953,0-12.845,3.26-15.548,5.995\r\n\t\tc-3.331,3.37-5.241,7.846-5.241,12.278c0,5.566,2.327,9.837,6.227,11.427c0.262,0.107,0.524,0.16,0.783,0.16\r\n\t\tc0.822,0,1.474-0.537,1.699-1.4c0.132-0.496,0.437-1.717,0.569-2.248c0.284-1.046,0.055-1.55-0.564-2.279\r\n\t\tc-1.128-1.336-1.652-2.912-1.652-4.966c0-6.098,4.541-12.58,12.958-12.58c6.678,0,10.826,3.796,10.826,9.906\r\n\t\tc0,3.855-0.83,7.425-2.338,10.054c-1.049,1.826-2.893,4.004-5.723,4.004c-1.223,0-2.322-0.504-3.016-1.379\r\n\t\tc-0.656-0.828-0.871-1.898-0.607-3.013c0.297-1.262,0.703-2.576,1.096-3.846c0.717-2.32,1.395-4.513,1.395-6.262\r\n\t\tc0-2.991-1.84-5.001-4.576-5.001c-3.479,0-6.203,3.532-6.203,8.042c0,2.211,0.588,3.866,0.854,4.5\r\n\t\tc-0.438,1.857-3.042,12.894-3.536,14.974c-0.285,1.217-2.006,10.813,0.842,11.576c3.2,0.861,6.06-8.484,6.351-9.541\r\n\t\tc0.236-0.859,1.062-4.107,1.567-6.104c1.545,1.488,4.032,2.494,6.452,2.494c4.563,0,8.664-2.053,11.553-5.781\r\n\t\tc2.801-3.615,4.342-8.654,4.342-14.187C44.648,12.499,42.791,8.234,39.553,5.124z\"\/><\/svg><\/a>\r\n                <a title=\"auf facebook teilen\" rel=\"nofollow\" target=\"_blank\" href=\"https:\/\/www.facebook.com\/sharer\/sharer.php?u=https:\/\/www.gartentraum.de\/magazin\/wp-json\/wp\/v2\/posts\/11880\"><svg x=\"0px\" y=\"0px\" width=\"23.325px\" height=\"49.982px\" viewBox=\"0 0 23.325 49.982\"><path d=\"M5.042,9.68c0,1.26,0,6.882,0,6.882H0v8.415h5.042v25.005h10.356V24.977h6.95\r\n\t\tc0,0,0.651-4.035,0.966-8.447c-0.905,0-7.877,0-7.877,0s0-4.896,0-5.753c0-0.86,1.129-2.017,2.246-2.017c1.114,0,3.465,0,5.642,0\r\n\t\tc0-1.146,0-5.104,0-8.76c-2.907,0-6.214,0-7.672,0C4.786,0,5.042,8.423,5.042,9.68z\"\/><\/svg><\/a>\r\n                <a title=\"Download der Grafik\" rel=\"nofollow\" target=\"_blank\" href=\"https:\/\/www.gartentraum.de\/magazin\/wp-content\/uploads\/2019\/07\/innenhof_gestalten_wand_mauer_kletterpflanze_rose.jpg?original\"><svg viewBox=\"0 0 576 512\"><path d=\"M528 288h-92.1l46.1-46.1c30.1-30.1 8.8-81.9-33.9-81.9h-64V48c0-26.5-21.5-48-48-48h-96c-26.5 0-48 21.5-48 48v112h-64c-42.6 0-64.2 51.7-33.9 81.9l46.1 46.1H48c-26.5 0-48 21.5-48 48v128c0 26.5 21.5 48 48 48h480c26.5 0 48-21.5 48-48V336c0-26.5-21.5-48-48-48zm-400-80h112V48h96v160h112L288 368 128 208zm400 256H48V336h140.1l65.9 65.9c18.8 18.8 49.1 18.7 67.9 0l65.9-65.9H528v128zm-88-64c0-13.3 10.7-24 24-24s24 10.7 24 24-10.7 24-24 24-24-10.7-24-24z\"><\/path><\/svg><\/a>  \r\n            <\/span>\r\n        <\/p><\/div>\n<p>&nbsp;<\/p>\n<span id=\"9\"><\/span>\n<h3>Stauden &amp; andere Blumen<\/h3>\n<p>Durch ihre Artenvielfalt sind Stauden in nahezu allen G\u00e4rten gern gesehen. Von trockenliebenden Sukkulenten bis hin zu Uferstauden, die sich in feuchtem, fast nassem Boden wohlf\u00fchlen. Stauden passen \u00fcberall rein und sind zudem gern gesehene Anlaufstelle f\u00fcr <a title=\"Bienenfreundliche Pflanzen, Blumen &amp; Str\u00e4ucher\" href=\"https:\/\/www.gartentraum.de\/magazin\/bienenfreundliche-pflanzen-blumen\/\">Bienen.<\/a>\u00a0Auch f\u00fcr Ihren Innenhof eignen sich Stauden sehr gut. Die meisten kommen ohne viel Sonne aus. Halbschattige oder sogar schattige Pl\u00e4tze machen ihnen nichts aus. Der interessante Aronstab passt beispielsweise perfekt an den Gartenteich, ist allerdings auch sehr giftig. Weitere Schattenstauden mit bunter Bl\u00fctenpracht, die sich gut f\u00fcr den Innenhof eignen sind:<\/p>\n<div class=\"old_columns_row\"><div class=\"old_column one_half\"><p><\/p>\n<ul>\n<li>Bergenie<\/li>\n<li>Herzlilie<\/li>\n<li>Fingerhut<\/li>\n<li>Astilben<\/li>\n<\/ul>\n<p><\/div><div class=\"old_column one_half\"><p><\/p>\n<ul>\n<li>Fr\u00fchlings-Nabeln\u00fcsschen<\/li>\n<li>Rhododendron<\/li>\n<li>Wildes Silberblatt<\/li>\n<li>Begonie<\/li>\n<\/ul>\n<p><\/div><\/div>\n<p>Sonnige Standorte machen Ihnen die Blumenwahl definitiv einfacher. In der Regel scheint in einem Innenhof die Sonne nicht den ganzen Tag auf eine Stelle. Dass Pflanzen dort unter zu viel Sonneneinstrahlung eingehen, ist eher unwahrscheinlich, solange sie ausreichend bew\u00e4ssert werden.<\/p>\n<div class=\"shopthelook\"><div class=\"heading\"><p class=\"font\">Gartenideen Terrassengestaltung<\/p><\/div><div class=\"stl_slider\"><div class=\"slide\"><img decoding=\"async\" title=\"Gartenideen Terrassengestaltung\" alt=\"Gartenideen Terrassengestaltung\" loading=\"lazy\" src=\"https:\/\/www.gartentraum.de\/magazin\/wp-content\/uploads\/2020\/03\/home-3593732_1920-1098x650.jpg\" width=\"1098\" height=\"650\"\/><div class=\"scStlItemAd flex\"><p>Anzeige<\/p><\/div><div class=\"product_placement flex\"><div class=\"single_product\"><a href=\"https:\/\/www.gartentraum.de\/Wandleuchten\" title=\"Au\u00dfenwandleuchten & Au\u00dfenwandlampen kaufen\" target=\"_blank\" rel=\"sponsored nofollow\"><img decoding=\"async\" title=\"Au\u00dfenwandleuchten\" alt=\"Au\u00dfenwandleuchten\" loading=\"lazy\" src=\"https:\/\/www.gartentraum.de\/magazin\/wp-content\/uploads\/2020\/03\/aussenleuchte-zur-wandmontage-aus-metall-schwarz-kupfer-dafina-200x200.jpg\" width=\"200\" height=\"200\"\/><p class=\"headline font\">Au\u00dfenwandleuchten<\/p><\/a><div class=\"line\"><\/div><a class=\"more_link\" title=\"Au\u00dfenwandleuchten & Au\u00dfenwandlampen kaufen\" href=\"https:\/\/www.gartentraum.de\/Wandleuchten\" target=\"_blank\" rel=\"sponsored nofollow\">Wandleuchte ab 87 \u20ac <span>*<\/span><\/a><\/div><div class=\"single_product\"><a href=\"https:\/\/www.gartentraum.de\/feuerkoerbe-feuerschalen\" title=\"Feuerschalen Online Shop\" target=\"_blank\" rel=\"sponsored nofollow\"><img decoding=\"async\" title=\"Feuerschalen\" alt=\"Feuerschalen\" loading=\"lazy\" src=\"https:\/\/www.gartentraum.de\/magazin\/wp-content\/uploads\/2020\/03\/feuerschale-80cm-aus-stahl-mit-grill-optional-selene-200x200.jpg\" width=\"200\" height=\"200\"\/><p class=\"headline font\">Feuerschalen<\/p><\/a><div class=\"line\"><\/div><a class=\"more_link\" title=\"Feuerschalen Online Shop\" href=\"https:\/\/www.gartentraum.de\/feuerkoerbe-feuerschalen\" target=\"_blank\" rel=\"sponsored nofollow\">Feuerschale ab 98 \u20ac <span>*<\/span><\/a><\/div><div class=\"single_product\"><a href=\"https:\/\/www.gartentraum.de\/Gartensofas\" title=\"Gartensofa Online Shop\" target=\"_blank\" rel=\"sponsored nofollow\"><img decoding=\"async\" title=\"Gartensofas\" alt=\"Gartensofas\" loading=\"lazy\" src=\"https:\/\/www.gartentraum.de\/magazin\/wp-content\/uploads\/2020\/03\/3-sitzer-gartensofa-fuer-loungecke-aus-holz-couch-calyptra-200x200.jpg\" width=\"200\" height=\"200\"\/><p class=\"headline font\">Gartensofas<\/p><\/a><div class=\"line\"><\/div><a class=\"more_link\" title=\"Gartensofa Online Shop\" href=\"https:\/\/www.gartentraum.de\/Gartensofas\" target=\"_blank\" rel=\"sponsored nofollow\">Gartensofa ab 464 \u20ac <span>*<\/span><\/a><\/div><\/div><\/div><div class=\"slide\"><img decoding=\"async\" title=\"Gartenideen Terrassengestaltung\" alt=\"Gartenideen Terrassengestaltung\" loading=\"lazy\" src=\"https:\/\/www.gartentraum.de\/magazin\/wp-content\/uploads\/2020\/03\/Borek-Teak-Chios-chair-and-table-1100x628-1-1098x628.jpg\" width=\"1098\" height=\"628\"\/><div class=\"scStlItemAd flex\"><p>Anzeige<\/p><\/div><div class=\"product_placement flex\"><div class=\"single_product\"><a href=\"https:\/\/www.gartentraum.de\/Ampelschirme\" title=\"Ampelschirme online Shop\" target=\"_blank\" rel=\"sponsored nofollow\"><img decoding=\"async\" title=\"Ampelschirme\" alt=\"Ampelschirme\" loading=\"lazy\" src=\"https:\/\/www.gartentraum.de\/magazin\/wp-content\/uploads\/2020\/03\/ampelschirm-gross-350cm-rund-dreh-und-schwenkbar-dickens-sonnenschirm-200x200.jpg\" width=\"200\" height=\"200\"\/><p class=\"headline font\">Ampelschirme<\/p><\/a><div class=\"line\"><\/div><a class=\"more_link\" title=\"Ampelschirme online Shop\" href=\"https:\/\/www.gartentraum.de\/Ampelschirme\" target=\"_blank\" rel=\"sponsored nofollow\">Ampelschirm ab 190 \u20ac <span>*<\/span><\/a><\/div><div class=\"single_product\"><a href=\"https:\/\/www.gartentraum.de\/Gartenmoebel__Borek\" title=\"Borek Gartenm\u00f6bel online Shop\" target=\"_blank\" rel=\"sponsored nofollow\"><img decoding=\"async\" title=\"Borek Gartenm\u00f6bel\" alt=\"Borek Gartenm\u00f6bel\" loading=\"lazy\" src=\"https:\/\/www.gartentraum.de\/magazin\/wp-content\/uploads\/2021\/05\/gartenmoebel-komplettset-gartentisch-6-stuehle-holz-kunststoff-borek-chios-sitzgruppe_2-200x200.jpg\" width=\"200\" height=\"200\"\/><p class=\"headline font\">Borek Gartenm\u00f6bel<\/p><\/a><div class=\"line\"><\/div><a class=\"more_link\" title=\"Borek Gartenm\u00f6bel online Shop\" href=\"https:\/\/www.gartentraum.de\/Gartenmoebel__Borek\" target=\"_blank\" rel=\"sponsored nofollow\">M\u00f6bel ab 275 \u20ac <span>*<\/span><\/a><\/div><div class=\"single_product\"><a href=\"https:\/\/www.gartentraum.de\/Pflanzgefaesse\" title=\"Pflanzgef\u00e4\u00dfe online Shop\" target=\"_blank\" rel=\"sponsored nofollow\"><img decoding=\"async\" title=\"Pflanzgef\u00e4\u00dfe\" alt=\"Pflanzgef\u00e4\u00dfe\" loading=\"lazy\" src=\"https:\/\/www.gartentraum.de\/magazin\/wp-content\/uploads\/2020\/03\/stein-gartenvase-antik-stockwood-park-200x200.jpg\" width=\"200\" height=\"200\"\/><p class=\"headline font\">Pflanzgef\u00e4\u00dfe<\/p><\/a><div class=\"line\"><\/div><a class=\"more_link\" title=\"Pflanzgef\u00e4\u00dfe online Shop\" href=\"https:\/\/www.gartentraum.de\/Pflanzgefaesse\" target=\"_blank\" rel=\"sponsored nofollow\">Pflanzgef\u00e4\u00df ab 44 \u20ac <span>*<\/span><\/a><\/div><\/div><\/div><\/div><\/div>\n<div class=\"single_button\"><a href=\"https:\/\/www.gartentraum.de\/Loungemoebel\" title=\"Garten Loungem\u00f6bel online kaufen\" target=\"_blank\">Der Garten Loungem\u00f6bel Shop<\/a><\/div>\n<p>&nbsp;<\/p>\n<span id=\"10\"><\/span>\n<h3>Spalierobst &amp; Gem\u00fcse<\/h3>\n<p>Neben Zierpflanzen ist es im Sinne des Urban Gardening auch modern geworden Nutzpflanzen anzubauen. Der Hinter- oder Innenhof bietet dazu eine gute M\u00f6glichkeit. Hochbeete k\u00f6nnen Sie beispielsweise platzsparend zum Gem\u00fcseanbau nutzen. Diese Beete sollten allerdings mit ausreichend Sonne versorgt werden und das idealerweise gleich in den Morgenstunden, damit sich die Erde schnell erw\u00e4rmt. Hat Ihr Innenhof sonnenbeschienene W\u00e4nde, eignet sich Spalierobst perfekt zum Anbau in diesem Bereich. Die Obstb\u00e4ume werden direkt unten an der Wand eingepflanzt. Damit sie auf nat\u00fcrliche Art und Weise an der Wand entlang wachsen, m\u00fcssen Sie zun\u00e4chst einen Holzrahmen oder Draht mit jeweils einem Mindestabstand von 10cm am Mauerwerk installieren. Daran w\u00e4chst sp\u00e4ter das Spalierobst entlang. Bei Apfel- und Birnb\u00e4umen sollten Sie mindestens zwei Exemplare beieinander pflanzen, damit sich diese gegenseitig befruchten k\u00f6nnen. Experten raten zudem dazu die Triebe mit einem elastischen Schlauchband zu befestigen, die nicht in die Obstb\u00e4ume einwachsen und sp\u00e4ter gut entfernt werden k\u00f6nnen. Mit dem richtigen <a title=\"Baumschnitt bei (Obst-) B\u00e4umen: Anleitung, Technik &amp; Zeitpunkt\" href=\"https:\/\/www.gartentraum.de\/magazin\/baumschnitt-baumpflege\/\">Baumschnitt<\/a> m\u00fcssen Sie das Spalierobst regelm\u00e4\u00dfig in Form halten. Sind die B\u00e4ume gro\u00df genug, werden Sie sehen, wie die sch\u00fctzenden und w\u00e4rmespeichernden W\u00e4nde Ihres Innenhofs im wahrsten Sinne des Wortes Fr\u00fcchte tragen.<\/p>\n<p>&nbsp;<\/p>\n<div id=\"attachment_11891\" class=\"wp-caption aligncenter\" style=\"width: 1010px\"><img loading=\"lazy\" decoding=\"async\" class=\"wp-image-11891 size-full\" src=\"https:\/\/www.gartentraum.de\/magazin\/wp-content\/uploads\/2019\/07\/innenhof_gestalten_spalierobst_wand_baum.jpg\" alt=\"innenhof_gestalten_spalierobst_wand_baum\" width=\"1000\" height=\"667\" srcset=\"https:\/\/www.gartentraum.de\/magazin\/wp-content\/uploads\/2019\/07\/innenhof_gestalten_spalierobst_wand_baum.jpg 1000w, https:\/\/www.gartentraum.de\/magazin\/wp-content\/uploads\/2019\/07\/innenhof_gestalten_spalierobst_wand_baum-300x200.jpg 300w, https:\/\/www.gartentraum.de\/magazin\/wp-content\/uploads\/2019\/07\/innenhof_gestalten_spalierobst_wand_baum-768x512.jpg 768w, https:\/\/www.gartentraum.de\/magazin\/wp-content\/uploads\/2019\/07\/innenhof_gestalten_spalierobst_wand_baum-350x233.jpg 350w, https:\/\/www.gartentraum.de\/magazin\/wp-content\/uploads\/2019\/07\/innenhof_gestalten_spalierobst_wand_baum-75x50.jpg 75w, https:\/\/www.gartentraum.de\/magazin\/wp-content\/uploads\/2019\/07\/innenhof_gestalten_spalierobst_wand_baum-430x287.jpg 430w\" sizes=\"auto, (max-width: 1000px) 100vw, 1000px\" \/><p class=\"wp-caption-text\">Spalierobst gedeiht wunderbar an sonnenbeschienenen W\u00e4nden. |\u00a0@ Shutterstock \u2013 Scorsby\r\n            <span class=\"social_links\">\r\n                <a title=\"auf pinterest teilen\" rel=\"nofollow\" target=\"_blank\" href=\"https:\/\/pinterest.com\/pin\/create\/button\/?url=https:\/\/www.gartentraum.de\/magazin\/wp-json\/wp\/v2\/posts\/11880&media=https:\/\/www.gartentraum.de\/magazin\/wp-content\/uploads\/2019\/07\/innenhof_gestalten_spalierobst_wand_baum.jpg&description=Spalierobst gedeiht wunderbar an sonnenbeschienenen W\u00e4nden. |\u00a0@ Shutterstock \u2013 Scorsby\"><svg x=\"0px\" y=\"0px\"\r\n\t width=\"50px\" height=\"50px\" viewBox=\"0 0 50 50\"><path d=\"M39.553,5.124c-3.441-3.303-8.205-5.123-13.412-5.123c-7.953,0-12.845,3.26-15.548,5.995\r\n\t\tc-3.331,3.37-5.241,7.846-5.241,12.278c0,5.566,2.327,9.837,6.227,11.427c0.262,0.107,0.524,0.16,0.783,0.16\r\n\t\tc0.822,0,1.474-0.537,1.699-1.4c0.132-0.496,0.437-1.717,0.569-2.248c0.284-1.046,0.055-1.55-0.564-2.279\r\n\t\tc-1.128-1.336-1.652-2.912-1.652-4.966c0-6.098,4.541-12.58,12.958-12.58c6.678,0,10.826,3.796,10.826,9.906\r\n\t\tc0,3.855-0.83,7.425-2.338,10.054c-1.049,1.826-2.893,4.004-5.723,4.004c-1.223,0-2.322-0.504-3.016-1.379\r\n\t\tc-0.656-0.828-0.871-1.898-0.607-3.013c0.297-1.262,0.703-2.576,1.096-3.846c0.717-2.32,1.395-4.513,1.395-6.262\r\n\t\tc0-2.991-1.84-5.001-4.576-5.001c-3.479,0-6.203,3.532-6.203,8.042c0,2.211,0.588,3.866,0.854,4.5\r\n\t\tc-0.438,1.857-3.042,12.894-3.536,14.974c-0.285,1.217-2.006,10.813,0.842,11.576c3.2,0.861,6.06-8.484,6.351-9.541\r\n\t\tc0.236-0.859,1.062-4.107,1.567-6.104c1.545,1.488,4.032,2.494,6.452,2.494c4.563,0,8.664-2.053,11.553-5.781\r\n\t\tc2.801-3.615,4.342-8.654,4.342-14.187C44.648,12.499,42.791,8.234,39.553,5.124z\"\/><\/svg><\/a>\r\n                <a title=\"auf facebook teilen\" rel=\"nofollow\" target=\"_blank\" href=\"https:\/\/www.facebook.com\/sharer\/sharer.php?u=https:\/\/www.gartentraum.de\/magazin\/wp-json\/wp\/v2\/posts\/11880\"><svg x=\"0px\" y=\"0px\" width=\"23.325px\" height=\"49.982px\" viewBox=\"0 0 23.325 49.982\"><path d=\"M5.042,9.68c0,1.26,0,6.882,0,6.882H0v8.415h5.042v25.005h10.356V24.977h6.95\r\n\t\tc0,0,0.651-4.035,0.966-8.447c-0.905,0-7.877,0-7.877,0s0-4.896,0-5.753c0-0.86,1.129-2.017,2.246-2.017c1.114,0,3.465,0,5.642,0\r\n\t\tc0-1.146,0-5.104,0-8.76c-2.907,0-6.214,0-7.672,0C4.786,0,5.042,8.423,5.042,9.68z\"\/><\/svg><\/a>\r\n                <a title=\"Download der Grafik\" rel=\"nofollow\" target=\"_blank\" href=\"https:\/\/www.gartentraum.de\/magazin\/wp-content\/uploads\/2019\/07\/innenhof_gestalten_spalierobst_wand_baum.jpg?original\"><svg viewBox=\"0 0 576 512\"><path d=\"M528 288h-92.1l46.1-46.1c30.1-30.1 8.8-81.9-33.9-81.9h-64V48c0-26.5-21.5-48-48-48h-96c-26.5 0-48 21.5-48 48v112h-64c-42.6 0-64.2 51.7-33.9 81.9l46.1 46.1H48c-26.5 0-48 21.5-48 48v128c0 26.5 21.5 48 48 48h480c26.5 0 48-21.5 48-48V336c0-26.5-21.5-48-48-48zm-400-80h112V48h96v160h112L288 368 128 208zm400 256H48V336h140.1l65.9 65.9c18.8 18.8 49.1 18.7 67.9 0l65.9-65.9H528v128zm-88-64c0-13.3 10.7-24 24-24s24 10.7 24 24-10.7 24-24 24-24-10.7-24-24z\"><\/path><\/svg><\/a>  \r\n            <\/span>\r\n        <\/p><\/div>\n<div class=\"single_button\"><a href=\"https:\/\/www.gartentraum.de\/magazin\/hochbeet-selber-bauen\/\" title=\"Hochbeet selber bauen, bef\u00fcllen &amp; bepflanzen\">Hochbeet selber bauen<\/a><\/div>\n<p>&nbsp;<\/p>\n<span id=\"11\"><\/span>\n<h3>B\u00e4ume &amp; B\u00fcsche im Innenhof<\/h3>\n<p>B\u00e4ume k\u00f6nnen riesig werden, wei\u00df jeder, der schon einmal im Wald vor einer ausgewachsenen Buche stand. Auf lange Sicht werden solche gro\u00dfen B\u00e4ume im Innenhof zur Last. Greifen Sie lieber auf kleinere oder schmalere Exemplare zur\u00fcck. Kugelb\u00e4ume wie die Kugel-Esche oder der Kugel-Ahorn eignen sich wunderbar aufgrund ihrer maximalen H\u00f6he von knapp 5 Metern. Durch die kugelf\u00f6rmige Krone k\u00f6nnen Sie darunter noch andere Pflanzen setzen. Eine \u00e4hnliche Variante sind S\u00e4ulenb\u00e4ume wie beispielsweise die S\u00e4ulenbuche oder -eberesche. Auch hier bleibt genug Platz und Licht f\u00fcr andere Pflanzen.<\/p>\n<blockquote><p>Damit Sie im Innenhof nicht auf B\u00e4ume verzichten m\u00fcssen, k\u00f6nnen Sie auf schmale oder niedrige Arten zur\u00fcckgreifen.<\/p><\/blockquote>\n<div class=\"h2_h3_comby\"><h2 class=\"font\">IDEEN F\u00dcR DEKORATIONEN IM INNENHOF<\/h2><div class=\"line\"><\/div><p class=\"fakeH3\">Welche Gartendekorationen sind in Innenh\u00f6fen beliebt?<\/p><\/div>\n<p>Ansprechende Dekorationen finden in jedem Garten Platz. Vor allem in einem Innenhof k\u00f6nnen Sie damit gut die L\u00fccken f\u00fcllen, die durch Pflanzen nicht abgedeckt werden k\u00f6nnen. Die M\u00f6glichkeiten sind auch hier vielf\u00e4ltig.<\/p>\n<p>&nbsp;<\/p>\n<span id=\"12\"><\/span>\n<h3>Skulpturen &amp; Wanddekoration<\/h3>\n<p>Skulpturen und Gartenfiguren finden Sie in s\u00e4mtlichen Gr\u00f6\u00dfen. Vom kleinen Kobold f\u00fcrs Beet \u00fcber lebensgro\u00dfe Statuen im antiken Stil bis hin zu XXL-Tierfiguren. In einem Innenhof bietet sich allerdings Zur\u00fcckhaltung an. Kleinere Figuren, punktuell als Highlight in einer freien Ecke machen mehr her, als ein vollgestellter Innenhof. Wandreliefs eignen sich perfekt als platzsparende Dekoration, mit der Sie auch einen bestimmten Gartenstil verwirklichen k\u00f6nnen, wie beispielsweise bei einem <a title=\"Feng Shui Garten anlegen und gestalten: N\u00fctzliche Tipps &amp; Beispiele zur Planung\" href=\"https:\/\/www.gartentraum.de\/magazin\/feng-shui-garten-gestalten\/\">Feng Shui Garten.<\/a><\/p>\n<p>&nbsp;<\/p>\n<div id=\"attachment_9067\" class=\"wp-caption aligncenter\" style=\"width: 1080px\"><img loading=\"lazy\" decoding=\"async\" class=\"wp-image-9067 size-large\" title=\"Buddha Figur f\u00fcr einen asiatischen Gartenstil\" src=\"https:\/\/www.gartentraum.de\/magazin\/wp-content\/uploads\/2014\/06\/buddha-589308_1920-1070x803.jpg\" alt=\"Der Buddha ist das Symbol f\u00fcr den asiatischen Stil\" width=\"1070\" height=\"803\" srcset=\"https:\/\/www.gartentraum.de\/magazin\/wp-content\/uploads\/2014\/06\/buddha-589308_1920-1070x803.jpg 1070w, https:\/\/www.gartentraum.de\/magazin\/wp-content\/uploads\/2014\/06\/buddha-589308_1920-300x225.jpg 300w, https:\/\/www.gartentraum.de\/magazin\/wp-content\/uploads\/2014\/06\/buddha-589308_1920-768x576.jpg 768w, https:\/\/www.gartentraum.de\/magazin\/wp-content\/uploads\/2014\/06\/buddha-589308_1920-350x263.jpg 350w, https:\/\/www.gartentraum.de\/magazin\/wp-content\/uploads\/2014\/06\/buddha-589308_1920-1024x768.jpg 1024w, https:\/\/www.gartentraum.de\/magazin\/wp-content\/uploads\/2014\/06\/buddha-589308_1920-67x50.jpg 67w, https:\/\/www.gartentraum.de\/magazin\/wp-content\/uploads\/2014\/06\/buddha-589308_1920-430x323.jpg 430w, https:\/\/www.gartentraum.de\/magazin\/wp-content\/uploads\/2014\/06\/buddha-589308_1920.jpg 1100w\" sizes=\"auto, (max-width: 1070px) 100vw, 1070px\" \/><p class=\"wp-caption-text\">Richtig platziert, sind bspw. Buddha Figuren perfekt zur Umsetzung eines asiatischen Gartenstils geeignet. |\u00a0\u00a9 Fotolia.com\r\n            <span class=\"social_links\">\r\n                <a title=\"auf pinterest teilen\" rel=\"nofollow\" target=\"_blank\" href=\"https:\/\/pinterest.com\/pin\/create\/button\/?url=https:\/\/www.gartentraum.de\/magazin\/wp-json\/wp\/v2\/posts\/11880&media=https:\/\/www.gartentraum.de\/magazin\/wp-content\/uploads\/2014\/06\/buddha-589308_1920.jpg&description=Richtig platziert, sind bspw. Buddha Figuren perfekt zur Umsetzung eines asiatischen Gartenstils geeignet. |\u00a0\u00a9 Fotolia.com\"><svg x=\"0px\" y=\"0px\"\r\n\t width=\"50px\" height=\"50px\" viewBox=\"0 0 50 50\"><path d=\"M39.553,5.124c-3.441-3.303-8.205-5.123-13.412-5.123c-7.953,0-12.845,3.26-15.548,5.995\r\n\t\tc-3.331,3.37-5.241,7.846-5.241,12.278c0,5.566,2.327,9.837,6.227,11.427c0.262,0.107,0.524,0.16,0.783,0.16\r\n\t\tc0.822,0,1.474-0.537,1.699-1.4c0.132-0.496,0.437-1.717,0.569-2.248c0.284-1.046,0.055-1.55-0.564-2.279\r\n\t\tc-1.128-1.336-1.652-2.912-1.652-4.966c0-6.098,4.541-12.58,12.958-12.58c6.678,0,10.826,3.796,10.826,9.906\r\n\t\tc0,3.855-0.83,7.425-2.338,10.054c-1.049,1.826-2.893,4.004-5.723,4.004c-1.223,0-2.322-0.504-3.016-1.379\r\n\t\tc-0.656-0.828-0.871-1.898-0.607-3.013c0.297-1.262,0.703-2.576,1.096-3.846c0.717-2.32,1.395-4.513,1.395-6.262\r\n\t\tc0-2.991-1.84-5.001-4.576-5.001c-3.479,0-6.203,3.532-6.203,8.042c0,2.211,0.588,3.866,0.854,4.5\r\n\t\tc-0.438,1.857-3.042,12.894-3.536,14.974c-0.285,1.217-2.006,10.813,0.842,11.576c3.2,0.861,6.06-8.484,6.351-9.541\r\n\t\tc0.236-0.859,1.062-4.107,1.567-6.104c1.545,1.488,4.032,2.494,6.452,2.494c4.563,0,8.664-2.053,11.553-5.781\r\n\t\tc2.801-3.615,4.342-8.654,4.342-14.187C44.648,12.499,42.791,8.234,39.553,5.124z\"\/><\/svg><\/a>\r\n                <a title=\"auf facebook teilen\" rel=\"nofollow\" target=\"_blank\" href=\"https:\/\/www.facebook.com\/sharer\/sharer.php?u=https:\/\/www.gartentraum.de\/magazin\/wp-json\/wp\/v2\/posts\/11880\"><svg x=\"0px\" y=\"0px\" width=\"23.325px\" height=\"49.982px\" viewBox=\"0 0 23.325 49.982\"><path d=\"M5.042,9.68c0,1.26,0,6.882,0,6.882H0v8.415h5.042v25.005h10.356V24.977h6.95\r\n\t\tc0,0,0.651-4.035,0.966-8.447c-0.905,0-7.877,0-7.877,0s0-4.896,0-5.753c0-0.86,1.129-2.017,2.246-2.017c1.114,0,3.465,0,5.642,0\r\n\t\tc0-1.146,0-5.104,0-8.76c-2.907,0-6.214,0-7.672,0C4.786,0,5.042,8.423,5.042,9.68z\"\/><\/svg><\/a>\r\n                <a title=\"Download der Grafik\" rel=\"nofollow\" target=\"_blank\" href=\"https:\/\/www.gartentraum.de\/magazin\/wp-content\/uploads\/2014\/06\/buddha-589308_1920.jpg?original\"><svg viewBox=\"0 0 576 512\"><path d=\"M528 288h-92.1l46.1-46.1c30.1-30.1 8.8-81.9-33.9-81.9h-64V48c0-26.5-21.5-48-48-48h-96c-26.5 0-48 21.5-48 48v112h-64c-42.6 0-64.2 51.7-33.9 81.9l46.1 46.1H48c-26.5 0-48 21.5-48 48v128c0 26.5 21.5 48 48 48h480c26.5 0 48-21.5 48-48V336c0-26.5-21.5-48-48-48zm-400-80h112V48h96v160h112L288 368 128 208zm400 256H48V336h140.1l65.9 65.9c18.8 18.8 49.1 18.7 67.9 0l65.9-65.9H528v128zm-88-64c0-13.3 10.7-24 24-24s24 10.7 24 24-10.7 24-24 24-24-10.7-24-24z\"><\/path><\/svg><\/a>  \r\n            <\/span>\r\n        <\/p><\/div>\n<div class=\"mceTemp\"><\/div>\n<div class=\"single_button\"><a href=\"https:\/\/www.gartentraum.de\/Asiafiguren__Buddha\" title=\"Buddha Figuren online kaufen\" target=\"_blank\">Der Buddha Figuren Shop<\/a><\/div>\n<p>&nbsp;<\/p>\n<span id=\"13\"><\/span>\n<h3>Pflanzgef\u00e4\u00dfe<\/h3>\n<p>Mit Pflanzgef\u00e4\u00dfen k\u00f6nnen Sie \u00c4sthetik mit Nutzen verbinden. Besonders wenn die Bodenbeschaffenheit mit Pflastersteinen oder Beton vorgegeben ist. Hier k\u00f6nnen Sie nicht so einfach ein Beet anlegen oder einen Baum pflanzen. Damit der Innenhof trotzdem nicht grau und karg bleibt, m\u00fcssen die Pflanzen eben auf anderem Wege dort Platz finden. Pflanzgef\u00e4\u00dfe gibt es von l\u00e4nglichen <a title=\"Hochwertige und witterungsbest\u00e4ndige Pflanztr\u00f6ge finden Sie hier\" href=\"https:\/\/www.gartentraum.de\/Pflanztroege\" target=\"_blank\" rel=\"noopener noreferrer\">Pflanztr\u00f6gen<\/a>\u00a0f\u00fcr eine ganze Reihe Blumen oder als gro\u00dfen <a title=\"Hochwertige und witterungsbest\u00e4ndige Pflanzt\u00f6pfe online kaufen\" href=\"https:\/\/www.gartentraum.de\/Pflanztoepfe\" target=\"_blank\" rel=\"noopener noreferrer\">Pflanztopf,<\/a>\u00a0der sogar einen kleinen Baum fasst. Auch die zuvor erw\u00e4hnten Hochbeete sind eine M\u00f6glichkeit in einem Innenhof auf ansprechende Art und Weise Zierpflanzen oder Blumen anzupflanzen.<\/p>\n<div class=\"single_button\"><a href=\"https:\/\/www.gartentraum.de\/Pflanzgefaesse\" title=\"Hochwertige und winterfeste Pflanzgef\u00e4\u00dfe aus Steinguss, Terrakotta &amp; Co. finden Sie hier\" target=\"_blank\">Pflanzgef\u00e4\u00dfe kaufen<\/a><\/div>\n<div class=\"h2_h3_comby\"><h2 class=\"font\">WASSER IM INNENHOF<\/h2><div class=\"line\"><\/div><p class=\"fakeH3\">Welche M\u00f6glichkeiten zur Gestaltung mit Wasser gibt es?<\/p><\/div>\n<p>Wasser spielt in nahezu jedem Garten eine wichtige Rolle. Auch in Innenh\u00f6fen finden sich seit jeher Gestaltungselemente, die das k\u00fchle Nass beinhalten. Sowohl in den fr\u00fchen Atriumh\u00e4usern, als auch in sp\u00e4teren Ablegern fanden sich immer wieder ein Wasserbecken im Innenhof. Wir m\u00f6chten Ihnen hier drei M\u00f6glichkeiten n\u00e4her bringen.<\/p>\n<p>&nbsp;<\/p>\n<span id=\"14\"><\/span>\n<h3>Brunnen<\/h3>\n<p>Ein Teil, das einem sofort in den Sinn kommt, wenn man an Wasser und Garten denkt, ist der Brunnen. Fr\u00fcher noch als rein Nutzen bringendes Objekt gesehen, wird er heute \u00fcberwiegend als Dekoration verwendet. Da sich in Innenh\u00f6fen meist keine nat\u00fcrliche Wasserquelle findet, sind es vor allem geschlossene Becken oder am Hausanschluss installierte Brunnen, die dort Platz finden. Inmitten des Hofes ist ein Brunnen definitiv das Highlight. Ein <a title=\"Hochwertige Springbrunnen finden Sie in unserem Online Shop\" href=\"https:\/\/www.gartentraum.de\/Springbrunnen\" target=\"_blank\" rel=\"noopener noreferrer\">Springbrunnen<\/a> oder ein runder <a title=\"Hochwertige Kaskadenbrunnen finden Sie in unserem Online Shop\" href=\"https:\/\/www.gartentraum.de\/Kaskadenbrunnen\" target=\"_blank\" rel=\"noopener noreferrer\">Kaskadenbrunnen<\/a> zieht hier alle Blicke auf sich. Sie sollten jedoch darauf achten, dass er nicht zu viel des Raumes einnimmt und Sie sich drum herum immer noch ausreichend bewegen k\u00f6nnen. Eine praktischere und dennoch elegante Variante sind Wandbrunnen. Mit diesem k\u00f6nnen Sie einen schattigen Bereich Ihres Innenhofs ideal ausf\u00fcllen, an dem sich Pflanzen weniger wohlf\u00fchlen. Entspannendes Pl\u00e4tschern bekommen Sie auch mit einem <a title=\"Hochwertige Quellsteine finden Sie in unserem Online Shop\" href=\"https:\/\/www.gartentraum.de\/Quellsteine\" target=\"_blank\" rel=\"noopener noreferrer\">Quellstein<\/a>. Dieser kann mit einer kleinen Schale zudem relativ flexibel aufgestellt und gegebenenfalls umgesetzt werden.<\/p>\n<p>&nbsp;<\/p>\n<div id=\"attachment_11899\" class=\"wp-caption aligncenter\" style=\"width: 1080px\"><img loading=\"lazy\" decoding=\"async\" class=\"wp-image-11899 size-large\" src=\"https:\/\/www.gartentraum.de\/magazin\/wp-content\/uploads\/2019\/07\/innenhof_gestalten_brunnen_blumen_pflanztoepfe-1070x803.jpg\" alt=\"innenhof_gestalten_brunnen_blumen_pflanztoepfe\" width=\"1070\" height=\"803\" \/><p class=\"wp-caption-text\">In diesem Innenhof haben ein dekorativer Brunnen und viele Pflanzgef\u00e4\u00dfe die Oberhand. | \u00a9 Shutterstock.com \u2013 Alexandre Arocas\r\n            <span class=\"social_links\">\r\n                <a title=\"auf pinterest teilen\" rel=\"nofollow\" target=\"_blank\" href=\"https:\/\/pinterest.com\/pin\/create\/button\/?url=https:\/\/www.gartentraum.de\/magazin\/wp-json\/wp\/v2\/posts\/11880&media=https:\/\/www.gartentraum.de\/magazin\/wp-content\/uploads\/2019\/07\/innenhof_gestalten_brunnen_blumen_pflanztoepfe-e1599226657521.jpg&description=In diesem Innenhof haben ein dekorativer Brunnen und viele Pflanzgef\u00e4\u00dfe die Oberhand. | \u00a9 Shutterstock.com \u2013 Alexandre Arocas\"><svg x=\"0px\" y=\"0px\"\r\n\t width=\"50px\" height=\"50px\" viewBox=\"0 0 50 50\"><path d=\"M39.553,5.124c-3.441-3.303-8.205-5.123-13.412-5.123c-7.953,0-12.845,3.26-15.548,5.995\r\n\t\tc-3.331,3.37-5.241,7.846-5.241,12.278c0,5.566,2.327,9.837,6.227,11.427c0.262,0.107,0.524,0.16,0.783,0.16\r\n\t\tc0.822,0,1.474-0.537,1.699-1.4c0.132-0.496,0.437-1.717,0.569-2.248c0.284-1.046,0.055-1.55-0.564-2.279\r\n\t\tc-1.128-1.336-1.652-2.912-1.652-4.966c0-6.098,4.541-12.58,12.958-12.58c6.678,0,10.826,3.796,10.826,9.906\r\n\t\tc0,3.855-0.83,7.425-2.338,10.054c-1.049,1.826-2.893,4.004-5.723,4.004c-1.223,0-2.322-0.504-3.016-1.379\r\n\t\tc-0.656-0.828-0.871-1.898-0.607-3.013c0.297-1.262,0.703-2.576,1.096-3.846c0.717-2.32,1.395-4.513,1.395-6.262\r\n\t\tc0-2.991-1.84-5.001-4.576-5.001c-3.479,0-6.203,3.532-6.203,8.042c0,2.211,0.588,3.866,0.854,4.5\r\n\t\tc-0.438,1.857-3.042,12.894-3.536,14.974c-0.285,1.217-2.006,10.813,0.842,11.576c3.2,0.861,6.06-8.484,6.351-9.541\r\n\t\tc0.236-0.859,1.062-4.107,1.567-6.104c1.545,1.488,4.032,2.494,6.452,2.494c4.563,0,8.664-2.053,11.553-5.781\r\n\t\tc2.801-3.615,4.342-8.654,4.342-14.187C44.648,12.499,42.791,8.234,39.553,5.124z\"\/><\/svg><\/a>\r\n                <a title=\"auf facebook teilen\" rel=\"nofollow\" target=\"_blank\" href=\"https:\/\/www.facebook.com\/sharer\/sharer.php?u=https:\/\/www.gartentraum.de\/magazin\/wp-json\/wp\/v2\/posts\/11880\"><svg x=\"0px\" y=\"0px\" width=\"23.325px\" height=\"49.982px\" viewBox=\"0 0 23.325 49.982\"><path d=\"M5.042,9.68c0,1.26,0,6.882,0,6.882H0v8.415h5.042v25.005h10.356V24.977h6.95\r\n\t\tc0,0,0.651-4.035,0.966-8.447c-0.905,0-7.877,0-7.877,0s0-4.896,0-5.753c0-0.86,1.129-2.017,2.246-2.017c1.114,0,3.465,0,5.642,0\r\n\t\tc0-1.146,0-5.104,0-8.76c-2.907,0-6.214,0-7.672,0C4.786,0,5.042,8.423,5.042,9.68z\"\/><\/svg><\/a>\r\n                <a title=\"Download der Grafik\" rel=\"nofollow\" target=\"_blank\" href=\"https:\/\/www.gartentraum.de\/magazin\/wp-content\/uploads\/2019\/07\/innenhof_gestalten_brunnen_blumen_pflanztoepfe-e1599226657521.jpg?original\"><svg viewBox=\"0 0 576 512\"><path d=\"M528 288h-92.1l46.1-46.1c30.1-30.1 8.8-81.9-33.9-81.9h-64V48c0-26.5-21.5-48-48-48h-96c-26.5 0-48 21.5-48 48v112h-64c-42.6 0-64.2 51.7-33.9 81.9l46.1 46.1H48c-26.5 0-48 21.5-48 48v128c0 26.5 21.5 48 48 48h480c26.5 0 48-21.5 48-48V336c0-26.5-21.5-48-48-48zm-400-80h112V48h96v160h112L288 368 128 208zm400 256H48V336h140.1l65.9 65.9c18.8 18.8 49.1 18.7 67.9 0l65.9-65.9H528v128zm-88-64c0-13.3 10.7-24 24-24s24 10.7 24 24-10.7 24-24 24-24-10.7-24-24z\"><\/path><\/svg><\/a>  \r\n            <\/span>\r\n        <\/p><\/div>\n<div class=\"single_button\"><a href=\"https:\/\/www.gartentraum.de\/Springbrunnen\" title=\"Garten Springbrunnen online kaufen\" target=\"_blank\">Der Springbrunnen Shop<\/a><\/div>\n<p>&nbsp;<\/p>\n<span id=\"15\"><\/span>\n<h3>Teich<\/h3>\n<p>Ein Gartenteich ist eine weitere M\u00f6glichkeit Wasser in Ihren Innenhof zu integrieren. Nat\u00fcrlich kommt es auch hier wieder auf die Ausma\u00dfe an. Kleine Teichschalen k\u00f6nnen Sie beispielsweise in einer freien Ecke in den Boden einlassen. Platzsparend sind auch als Halbkreis gemauerte Becken, \u00e4hnlich wie bei einem Wandbrunnen. Werden diese schmaler, daf\u00fcr aber in der Breite ausgedehnter angelegt, bleibt genug Platz sowohl f\u00fcr Sie als auch f\u00fcr Ihre Fische. Ist ausreichend Raum vorhanden, sind selbst gr\u00f6\u00dfere Teiche umsetzbar. Achten Sie auf vor Ort geltende Richtlinien beim Teichbau und die Statik umliegender Bauten.<\/p>\n<p>&nbsp;<\/p>\n<div id=\"attachment_11897\" class=\"wp-caption aligncenter\" style=\"width: 1080px\"><img loading=\"lazy\" decoding=\"async\" class=\"wp-image-11897 size-large\" title=\"Mediterraner Innenhof mit hellem Marmor-Boden und Gartenteich\" src=\"https:\/\/www.gartentraum.de\/magazin\/wp-content\/uploads\/2019\/07\/innenhof_gestalten_mediterran_teich-1070x803.jpg\" alt=\"innenhof_gestalten_mediterran_teich\" width=\"1070\" height=\"803\" srcset=\"https:\/\/www.gartentraum.de\/magazin\/wp-content\/uploads\/2019\/07\/innenhof_gestalten_mediterran_teich-1070x803.jpg 1070w, https:\/\/www.gartentraum.de\/magazin\/wp-content\/uploads\/2019\/07\/innenhof_gestalten_mediterran_teich-300x225.jpg 300w, https:\/\/www.gartentraum.de\/magazin\/wp-content\/uploads\/2019\/07\/innenhof_gestalten_mediterran_teich-768x576.jpg 768w, https:\/\/www.gartentraum.de\/magazin\/wp-content\/uploads\/2019\/07\/innenhof_gestalten_mediterran_teich-1536x1152.jpg 1536w, https:\/\/www.gartentraum.de\/magazin\/wp-content\/uploads\/2019\/07\/innenhof_gestalten_mediterran_teich-350x263.jpg 350w, https:\/\/www.gartentraum.de\/magazin\/wp-content\/uploads\/2019\/07\/innenhof_gestalten_mediterran_teich-1024x768.jpg 1024w, https:\/\/www.gartentraum.de\/magazin\/wp-content\/uploads\/2019\/07\/innenhof_gestalten_mediterran_teich-67x50.jpg 67w, https:\/\/www.gartentraum.de\/magazin\/wp-content\/uploads\/2019\/07\/innenhof_gestalten_mediterran_teich-430x323.jpg 430w, https:\/\/www.gartentraum.de\/magazin\/wp-content\/uploads\/2019\/07\/innenhof_gestalten_mediterran_teich.jpg 1920w\" sizes=\"auto, (max-width: 1070px) 100vw, 1070px\" \/><p class=\"wp-caption-text\">In diesem mediterranen Innenhof ist der gro\u00dfe Teich das zentrale Bestandteil. | \u00a9 Shutterstock \u2013 sirtravelalot\r\n            <span class=\"social_links\">\r\n                <a title=\"auf pinterest teilen\" rel=\"nofollow\" target=\"_blank\" href=\"https:\/\/pinterest.com\/pin\/create\/button\/?url=https:\/\/www.gartentraum.de\/magazin\/wp-json\/wp\/v2\/posts\/11880&media=https:\/\/www.gartentraum.de\/magazin\/wp-content\/uploads\/2019\/07\/innenhof_gestalten_mediterran_teich.jpg&description=In diesem mediterranen Innenhof ist der gro\u00dfe Teich das zentrale Bestandteil. | \u00a9 Shutterstock \u2013 sirtravelalot\"><svg x=\"0px\" y=\"0px\"\r\n\t width=\"50px\" height=\"50px\" viewBox=\"0 0 50 50\"><path d=\"M39.553,5.124c-3.441-3.303-8.205-5.123-13.412-5.123c-7.953,0-12.845,3.26-15.548,5.995\r\n\t\tc-3.331,3.37-5.241,7.846-5.241,12.278c0,5.566,2.327,9.837,6.227,11.427c0.262,0.107,0.524,0.16,0.783,0.16\r\n\t\tc0.822,0,1.474-0.537,1.699-1.4c0.132-0.496,0.437-1.717,0.569-2.248c0.284-1.046,0.055-1.55-0.564-2.279\r\n\t\tc-1.128-1.336-1.652-2.912-1.652-4.966c0-6.098,4.541-12.58,12.958-12.58c6.678,0,10.826,3.796,10.826,9.906\r\n\t\tc0,3.855-0.83,7.425-2.338,10.054c-1.049,1.826-2.893,4.004-5.723,4.004c-1.223,0-2.322-0.504-3.016-1.379\r\n\t\tc-0.656-0.828-0.871-1.898-0.607-3.013c0.297-1.262,0.703-2.576,1.096-3.846c0.717-2.32,1.395-4.513,1.395-6.262\r\n\t\tc0-2.991-1.84-5.001-4.576-5.001c-3.479,0-6.203,3.532-6.203,8.042c0,2.211,0.588,3.866,0.854,4.5\r\n\t\tc-0.438,1.857-3.042,12.894-3.536,14.974c-0.285,1.217-2.006,10.813,0.842,11.576c3.2,0.861,6.06-8.484,6.351-9.541\r\n\t\tc0.236-0.859,1.062-4.107,1.567-6.104c1.545,1.488,4.032,2.494,6.452,2.494c4.563,0,8.664-2.053,11.553-5.781\r\n\t\tc2.801-3.615,4.342-8.654,4.342-14.187C44.648,12.499,42.791,8.234,39.553,5.124z\"\/><\/svg><\/a>\r\n                <a title=\"auf facebook teilen\" rel=\"nofollow\" target=\"_blank\" href=\"https:\/\/www.facebook.com\/sharer\/sharer.php?u=https:\/\/www.gartentraum.de\/magazin\/wp-json\/wp\/v2\/posts\/11880\"><svg x=\"0px\" y=\"0px\" width=\"23.325px\" height=\"49.982px\" viewBox=\"0 0 23.325 49.982\"><path d=\"M5.042,9.68c0,1.26,0,6.882,0,6.882H0v8.415h5.042v25.005h10.356V24.977h6.95\r\n\t\tc0,0,0.651-4.035,0.966-8.447c-0.905,0-7.877,0-7.877,0s0-4.896,0-5.753c0-0.86,1.129-2.017,2.246-2.017c1.114,0,3.465,0,5.642,0\r\n\t\tc0-1.146,0-5.104,0-8.76c-2.907,0-6.214,0-7.672,0C4.786,0,5.042,8.423,5.042,9.68z\"\/><\/svg><\/a>\r\n                <a title=\"Download der Grafik\" rel=\"nofollow\" target=\"_blank\" href=\"https:\/\/www.gartentraum.de\/magazin\/wp-content\/uploads\/2019\/07\/innenhof_gestalten_mediterran_teich.jpg?original\"><svg viewBox=\"0 0 576 512\"><path d=\"M528 288h-92.1l46.1-46.1c30.1-30.1 8.8-81.9-33.9-81.9h-64V48c0-26.5-21.5-48-48-48h-96c-26.5 0-48 21.5-48 48v112h-64c-42.6 0-64.2 51.7-33.9 81.9l46.1 46.1H48c-26.5 0-48 21.5-48 48v128c0 26.5 21.5 48 48 48h480c26.5 0 48-21.5 48-48V336c0-26.5-21.5-48-48-48zm-400-80h112V48h96v160h112L288 368 128 208zm400 256H48V336h140.1l65.9 65.9c18.8 18.8 49.1 18.7 67.9 0l65.9-65.9H528v128zm-88-64c0-13.3 10.7-24 24-24s24 10.7 24 24-10.7 24-24 24-24-10.7-24-24z\"><\/path><\/svg><\/a>  \r\n            <\/span>\r\n        <\/p><\/div>\n<div class=\"single_button\"><a href=\"https:\/\/www.gartentraum.de\/magazin\/gartenteich\/\" title=\"Kleinen Gartenteich selber anlegen\/bauen &amp; gestalten - 20 Ideen, Bilder, Deko &amp; Kosten\">Gartenteich anlegen<\/a><\/div>\n<p>&nbsp;<\/p>\n<span id=\"16\"><\/span>\n<h3>Bachlauf<\/h3>\n<p>Bachl\u00e4ufe lassen sich ideal mit einem Gartenteich verbinden. Was aber f\u00fcr den Teich gilt, gilt auch f\u00fcr einen Bachlauf. Grunds\u00e4tzlich ben\u00f6tigen diese Gestaltungselemente einigen Platz. Dennoch haben Bachl\u00e4ufe den Vorteil, dass Sie sie verh\u00e4ltnism\u00e4\u00dfig schmal gestalten k\u00f6nnen. Der Weg entlang einer Wand im Innenhof ist also gut m\u00f6glich und kann durchaus sch\u00f6n anzusehen sein. Mit vereinzelten Pflanzen um den Bachlauf herum m\u00fcssen Sie dabei nicht komplett auf ein Blumenbeet verzichten, sondern k\u00f6nnen beide Elemente kombinieren.<\/p>\n<div class=\"single_button\"><a href=\"https:\/\/www.gartentraum.de\/magazin\/bachlauf-anlegen\/\" title=\"Bachlauf im Garten anlegen oder selber bauen \u2013 Anleitung, Tipps &amp; Inspiration\">Bachlauf anlegen<\/a><\/div>\n<p><span id=\"17\"><\/span><div class=\"h2_h3_comby\"><h2 class=\"font\">IDEEN F\u00dcR GARTENM\u00d6BEL IM INNENHOF<\/h2><div class=\"line\"><\/div><p class=\"fakeH3\">Welche Gartenm\u00f6bel passen in einen Innenhof?<\/p><\/div><\/p>\n<p>Sie machen sich die M\u00fche und bringen Ihren Innenhof mit sattgr\u00fcnen Pflanzen und stilvollen Gartendekorationen auf Vordermann? Dann sollten Sie ihn hinterher auch ad\u00e4quat auskosten k\u00f6nnen, was Sie erschaffen haben. Ein Ort zum Verweilen ist deshalb in jedem Fall zu empfehlen! Haben Sie Platz f\u00fcr eine kleine Holzterrasse oder eine Fl\u00e4che aus Kies eingeplant, sollten Sie da eine Sitzecke erschaffen. Dort passt im Grunde alles hin, was frei f\u00fcr sich stehen, wie ein Esstisch mit mehreren Sitzpl\u00e4tzen. <a title=\"Hochwertige Gartensofas f\u00fcr mehrere Personen finden Sie in unserem Online Shop\" href=\"https:\/\/www.gartentraum.de\/Gartensofas\" target=\"_blank\" rel=\"noopener noreferrer\">Gartensofas<\/a> und <a title=\"Hochwertige Gartenb\u00e4nke aus Holz, Metall &amp; Co. finden Sie in unserem Online Shop\" href=\"https:\/\/www.gartentraum.de\/Gartenbaenke\" target=\"_blank\" rel=\"noopener noreferrer\">Gartenb\u00e4nke<\/a>\u00a0k\u00f6nnen Sie hingegen gut an freien W\u00e4nden platzieren. Der Blick richtet sich dabei sehr sch\u00f6n ins Innere. Auch Loungem\u00f6bel eignen sich optimal f\u00fcr eine Sitzecke direkt an der Wand. Ecksofas m\u00fcssen dazu nicht zwangsl\u00e4ufig in einer Ecke stehen. Wenn ein Teil nach innen steht, wirkt das wie ein Raumtrenner. In Verbindung mit einem passenden Sessel zur Sitzgruppe wird die Lounge f\u00fcr sich gehalten.<\/p>\n<p>&nbsp;<\/p>\n<div id=\"attachment_11901\" class=\"wp-caption aligncenter\" style=\"width: 1080px\"><img loading=\"lazy\" decoding=\"async\" class=\"wp-image-11901 size-large\" title=\"Sitzecke mit zwei Gartenb\u00e4nken und einem Beistelltisch\" src=\"https:\/\/www.gartentraum.de\/magazin\/wp-content\/uploads\/2019\/07\/innenhof_gestalten_sitzecke_bank_tisch_brunnen-1070x803.jpg\" alt=\"innenhof_gestalten_sitzecke_bank_tisch_brunnen\" width=\"1070\" height=\"803\" srcset=\"https:\/\/www.gartentraum.de\/magazin\/wp-content\/uploads\/2019\/07\/innenhof_gestalten_sitzecke_bank_tisch_brunnen-1070x803.jpg 1070w, https:\/\/www.gartentraum.de\/magazin\/wp-content\/uploads\/2019\/07\/innenhof_gestalten_sitzecke_bank_tisch_brunnen-300x225.jpg 300w, https:\/\/www.gartentraum.de\/magazin\/wp-content\/uploads\/2019\/07\/innenhof_gestalten_sitzecke_bank_tisch_brunnen-768x576.jpg 768w, https:\/\/www.gartentraum.de\/magazin\/wp-content\/uploads\/2019\/07\/innenhof_gestalten_sitzecke_bank_tisch_brunnen-1536x1152.jpg 1536w, https:\/\/www.gartentraum.de\/magazin\/wp-content\/uploads\/2019\/07\/innenhof_gestalten_sitzecke_bank_tisch_brunnen-350x263.jpg 350w, https:\/\/www.gartentraum.de\/magazin\/wp-content\/uploads\/2019\/07\/innenhof_gestalten_sitzecke_bank_tisch_brunnen-1024x768.jpg 1024w, https:\/\/www.gartentraum.de\/magazin\/wp-content\/uploads\/2019\/07\/innenhof_gestalten_sitzecke_bank_tisch_brunnen-67x50.jpg 67w, https:\/\/www.gartentraum.de\/magazin\/wp-content\/uploads\/2019\/07\/innenhof_gestalten_sitzecke_bank_tisch_brunnen-430x323.jpg 430w, https:\/\/www.gartentraum.de\/magazin\/wp-content\/uploads\/2019\/07\/innenhof_gestalten_sitzecke_bank_tisch_brunnen.jpg 1920w\" sizes=\"auto, (max-width: 1070px) 100vw, 1070px\" \/><p class=\"wp-caption-text\">Eine kleine Sitzecke, um einfach ein paar Stunden im gem\u00fctlichen Innenhof zu verbringen, muss nicht viel mehr haben. | \u00a9 Shutterstock.com \u2013 Del Boy\r\n            <span class=\"social_links\">\r\n                <a title=\"auf pinterest teilen\" rel=\"nofollow\" target=\"_blank\" href=\"https:\/\/pinterest.com\/pin\/create\/button\/?url=https:\/\/www.gartentraum.de\/magazin\/wp-json\/wp\/v2\/posts\/11880&media=https:\/\/www.gartentraum.de\/magazin\/wp-content\/uploads\/2019\/07\/innenhof_gestalten_sitzecke_bank_tisch_brunnen.jpg&description=Eine kleine Sitzecke, um einfach ein paar Stunden im gem\u00fctlichen Innenhof zu verbringen, muss nicht viel mehr haben. | \u00a9 Shutterstock.com \u2013 Del Boy\"><svg x=\"0px\" y=\"0px\"\r\n\t width=\"50px\" height=\"50px\" viewBox=\"0 0 50 50\"><path d=\"M39.553,5.124c-3.441-3.303-8.205-5.123-13.412-5.123c-7.953,0-12.845,3.26-15.548,5.995\r\n\t\tc-3.331,3.37-5.241,7.846-5.241,12.278c0,5.566,2.327,9.837,6.227,11.427c0.262,0.107,0.524,0.16,0.783,0.16\r\n\t\tc0.822,0,1.474-0.537,1.699-1.4c0.132-0.496,0.437-1.717,0.569-2.248c0.284-1.046,0.055-1.55-0.564-2.279\r\n\t\tc-1.128-1.336-1.652-2.912-1.652-4.966c0-6.098,4.541-12.58,12.958-12.58c6.678,0,10.826,3.796,10.826,9.906\r\n\t\tc0,3.855-0.83,7.425-2.338,10.054c-1.049,1.826-2.893,4.004-5.723,4.004c-1.223,0-2.322-0.504-3.016-1.379\r\n\t\tc-0.656-0.828-0.871-1.898-0.607-3.013c0.297-1.262,0.703-2.576,1.096-3.846c0.717-2.32,1.395-4.513,1.395-6.262\r\n\t\tc0-2.991-1.84-5.001-4.576-5.001c-3.479,0-6.203,3.532-6.203,8.042c0,2.211,0.588,3.866,0.854,4.5\r\n\t\tc-0.438,1.857-3.042,12.894-3.536,14.974c-0.285,1.217-2.006,10.813,0.842,11.576c3.2,0.861,6.06-8.484,6.351-9.541\r\n\t\tc0.236-0.859,1.062-4.107,1.567-6.104c1.545,1.488,4.032,2.494,6.452,2.494c4.563,0,8.664-2.053,11.553-5.781\r\n\t\tc2.801-3.615,4.342-8.654,4.342-14.187C44.648,12.499,42.791,8.234,39.553,5.124z\"\/><\/svg><\/a>\r\n                <a title=\"auf facebook teilen\" rel=\"nofollow\" target=\"_blank\" href=\"https:\/\/www.facebook.com\/sharer\/sharer.php?u=https:\/\/www.gartentraum.de\/magazin\/wp-json\/wp\/v2\/posts\/11880\"><svg x=\"0px\" y=\"0px\" width=\"23.325px\" height=\"49.982px\" viewBox=\"0 0 23.325 49.982\"><path d=\"M5.042,9.68c0,1.26,0,6.882,0,6.882H0v8.415h5.042v25.005h10.356V24.977h6.95\r\n\t\tc0,0,0.651-4.035,0.966-8.447c-0.905,0-7.877,0-7.877,0s0-4.896,0-5.753c0-0.86,1.129-2.017,2.246-2.017c1.114,0,3.465,0,5.642,0\r\n\t\tc0-1.146,0-5.104,0-8.76c-2.907,0-6.214,0-7.672,0C4.786,0,5.042,8.423,5.042,9.68z\"\/><\/svg><\/a>\r\n                <a title=\"Download der Grafik\" rel=\"nofollow\" target=\"_blank\" href=\"https:\/\/www.gartentraum.de\/magazin\/wp-content\/uploads\/2019\/07\/innenhof_gestalten_sitzecke_bank_tisch_brunnen.jpg?original\"><svg viewBox=\"0 0 576 512\"><path d=\"M528 288h-92.1l46.1-46.1c30.1-30.1 8.8-81.9-33.9-81.9h-64V48c0-26.5-21.5-48-48-48h-96c-26.5 0-48 21.5-48 48v112h-64c-42.6 0-64.2 51.7-33.9 81.9l46.1 46.1H48c-26.5 0-48 21.5-48 48v128c0 26.5 21.5 48 48 48h480c26.5 0 48-21.5 48-48V336c0-26.5-21.5-48-48-48zm-400-80h112V48h96v160h112L288 368 128 208zm400 256H48V336h140.1l65.9 65.9c18.8 18.8 49.1 18.7 67.9 0l65.9-65.9H528v128zm-88-64c0-13.3 10.7-24 24-24s24 10.7 24 24-10.7 24-24 24-24-10.7-24-24z\"><\/path><\/svg><\/a>  \r\n            <\/span>\r\n        <\/p><\/div>\n<div class=\"single_button\"><a href=\"https:\/\/www.gartentraum.de\/Gartenmoebel\" title=\"Hochwertige Gartenm\u00f6bel aus Holz, Metall, Polyrattan &amp; Co. finden Sie hier\" target=\"_blank\">Gartenm\u00f6bel kaufen<\/a><\/div>\n<p><span id=\"18\"><\/span><div class=\"h2_h3_comby\"><h2 class=\"font\">GARTENSTILE F\u00dcR DEN INNENHOF<\/h2><div class=\"line\"><\/div><p class=\"fakeH3\">Welche Gartenstile werden h\u00e4ufig in Innenh\u00f6fen umgesetzt?<\/p><\/div><\/p>\n<p>Innenh\u00f6fe findet man seit jeher in H\u00e4usern verschiedener Kulturen und verschiedener Regionen wieder. Es ist daher nicht verwunderlich, dass sich durch das Umfeld sowohl auf das architektonische als auch auf das dekorative Aussehen auswirkte.<\/p>\n<p>&nbsp;<\/p>\n<span id=\"19\"><\/span>\n<h3>Mediterraner Stil<\/h3>\n<p>Mit den Anf\u00e4ngen im R\u00f6mischen Reich verbreiteten sich H\u00e4user mit Innenh\u00f6fen schnell im ganzen Mittelmeerraum. Selbst in Spanien und Portugal, hier als Patio bezeichnet, wurde diese Architektur in Stadth\u00e4usern umgesetzt. In diesen warmen Gegenden dominiert heller Naturstein wie Kalk- oder Sandstein den Innenhof. Pflanzen und nicht selten kleine Oliven- oder Obstb\u00e4ume in <a title=\"Exklusive Pflanzgef\u00e4\u00dfe aus Terrakotta finden Sie in unserem Online Shop\" href=\"https:\/\/www.gartentraum.de\/Pflanzgefaesse__Terrakotta\" target=\"_blank\" rel=\"noopener noreferrer\">Terrakotta-T\u00f6pfen<\/a>\u00a0geh\u00f6ren auf jeden Fall mit zum Inventar. Da hier das gemeinsame, abendliche Essen eine wichtige Rolle spielt, finden Sie meist auch eine <a title=\"Hochwertige Gartenm\u00f6bel-Sets f\u00fcr mehrere Personen finden Sie hier\" href=\"https:\/\/www.gartentraum.de\/Gartenmoebel-Sets\" target=\"_blank\" rel=\"noopener noreferrer\">Sitzgruppe<\/a>\u00a0mit gro\u00dfem Esstisch und vielen St\u00fchlen wieder. Besonders die Patios besitzen zudem Elemente aus Holz, wie eine Pergola, die gleichzeitig als wichtiger Sonnenschutz dient.<\/p>\n<div class=\"single_button\"><a href=\"https:\/\/www.gartentraum.de\/magazin\/mediterrane-gartengestaltung\/\" title=\"Mediterrane Gartengestaltung \u2013 25 Ideen &amp; Beispiele mit Bildergalerie\">Mediterranen Garten gestalten<\/a><\/div>\n<p>&nbsp;<\/p>\n<span id=\"20\"><\/span>\n<h3>Arabischer \/ Orientalischer Stil<\/h3>\n<p>Was der Patio in Spanien und Portugal ist, ist im arabischen und vor allem nordafrikanischen Raum der Riad. Diese Innenh\u00f6fe werden in der typisch arabischen Architektur aus verzierten B\u00f6gen und S\u00e4ulen mit den umliegenden R\u00e4umen verbunden. Mosaike aus wei\u00dfen und kr\u00e4ftigen, meist einfarbigen Fliesen bringen lebendige Muster zustande. Wasser spielt eine entscheidende Rolle und wird in der Regel durch ein (Schwimm-) Becken oder Brunnen in der Mitte umgesetzt. Als zentraler Ort der Zusammenkunft finden sich hier viele Sitzm\u00f6glichkeiten, die durch flache Sofas mit breiten Sitzfl\u00e4chen oder bequeme <a title=\"Exklusive und bequeme Gartensessel finden Sie in unserem Online Shop\" href=\"https:\/\/www.gartentraum.de\/Gartensessel\" target=\"_blank\" rel=\"noopener noreferrer\">Sessel<\/a> eher l\u00e9g\u00e8re als f\u00f6rmlich wirken. Auch Pflanzen sind in arabischen Innenh\u00f6fen von mittelgro\u00dfen Palmen und B\u00fcschen in eigenen Beeten bis hin zu H\u00e4ngepflanzen von den oberen Laubeng\u00e4ngen reichlich vertreten.<\/p>\n<p>&nbsp;<\/p>\n<div class=\"own_gallery own_gallery_2\"><a data-title=\"Innenhof eines Riads mit Brunnen \u00a9 Pixabay.com\" href=\"https:\/\/www.gartentraum.de\/magazin\/wp-content\/uploads\/2019\/07\/innenhof_gestalten_riad_brunnen-1070x803.jpg\" data-lightbox=\"gallery\">\n        <img decoding=\"async\" class=\"gallery2Items\" title=\"Innenhof eines Riads mit Brunnen \u00a9 Pixabay.com\" alt=\"Innenhof eines Riads mit Brunnen \u00a9 Pixabay.com\" loading=\"lazy\" src=\"https:\/\/www.gartentraum.de\/magazin\/wp-content\/uploads\/2019\/07\/innenhof_gestalten_riad_brunnen.jpg\"\/>\n        <\/a><a data-title=\"Riads mit Wasserbecken \u00a9 Pixabay.com\" href=\"https:\/\/www.gartentraum.de\/magazin\/wp-content\/uploads\/2019\/07\/innenhof_gestalten_riad_wasser_becken-1070x803.jpg\" data-lightbox=\"gallery\">\n        <img decoding=\"async\" class=\"gallery2Items\" title=\"Riads mit Wasserbecken \u00a9 Pixabay.com\" alt=\"Riads mit Wasserbecken \u00a9 Pixabay.com\" loading=\"lazy\" src=\"https:\/\/www.gartentraum.de\/magazin\/wp-content\/uploads\/2019\/07\/innenhof_gestalten_riad_wasser_becken.jpg\"\/>\n        <\/a><\/div>\n<p>&nbsp;<\/p>\n<span id=\"21\"><\/span>\n<h3>Modern \/ Urban<\/h3>\n<p>Klare Linien, gerade Wege und sauber getrennte Bereiche dominieren den modernen Gartenstil, der auch in Innenh\u00f6fen umgesetzt werden kann. Wege und Fl\u00e4chen f\u00fcr Sitzgelegenheiten sind mit Holzdielen oder Fliesen aus Naturstein regelrecht ausgewiesen. Beete und Pflanzbereiche sind klar eingegrenzt, d\u00fcrfen aber nicht zu viel Pflegeaufwand bedeuten. Moderne Gartenm\u00f6bel wie Loungesofas mit einem niedrigen Tisch und bequeme Sessel laden einfach zum Entspannen ein. Beim urbanen Stil suchen Gartenliebhaber wieder mehr die Verbindung zur Natur. In pflaster- oder backstein-dominierten Innenh\u00f6fen findet sich viel Gr\u00fcn wieder, das wild wachsend eben keine klaren Grenzen mehr verfolgt. Da es in der Regel an nat\u00fcrlichem Erdboden mangelt, werden notgedrungen Pflanzgef\u00e4\u00dfe f\u00fcr Blumen, h\u00f6here Stauden, Palmen oder \u00c4hnliches verwendet. F\u00fcr Gartenm\u00f6bel bleibt meist wenig Platz, weshalb hier oft nur kleine Tische mit ein paar St\u00fchlen oder ein Gartensofa aufgestellt werden.<\/p>\n<p>&nbsp;<\/p>\n<div id=\"attachment_11905\" class=\"wp-caption aligncenter\" style=\"width: 1080px\"><img loading=\"lazy\" decoding=\"async\" class=\"wp-image-11905 size-large\" title=\"Urbaner Innenhof mit Paletten-M\u00f6beln\" src=\"https:\/\/www.gartentraum.de\/magazin\/wp-content\/uploads\/2019\/07\/innenhof_gestalten_stadt_backstein_paletten_sofa-1070x803.jpg\" alt=\"innenhof_gestalten_stadt_backstein_paletten_sofa\" width=\"1070\" height=\"803\" srcset=\"https:\/\/www.gartentraum.de\/magazin\/wp-content\/uploads\/2019\/07\/innenhof_gestalten_stadt_backstein_paletten_sofa-1070x803.jpg 1070w, https:\/\/www.gartentraum.de\/magazin\/wp-content\/uploads\/2019\/07\/innenhof_gestalten_stadt_backstein_paletten_sofa-300x225.jpg 300w, https:\/\/www.gartentraum.de\/magazin\/wp-content\/uploads\/2019\/07\/innenhof_gestalten_stadt_backstein_paletten_sofa-768x576.jpg 768w, https:\/\/www.gartentraum.de\/magazin\/wp-content\/uploads\/2019\/07\/innenhof_gestalten_stadt_backstein_paletten_sofa-1536x1152.jpg 1536w, https:\/\/www.gartentraum.de\/magazin\/wp-content\/uploads\/2019\/07\/innenhof_gestalten_stadt_backstein_paletten_sofa-350x263.jpg 350w, https:\/\/www.gartentraum.de\/magazin\/wp-content\/uploads\/2019\/07\/innenhof_gestalten_stadt_backstein_paletten_sofa-1024x768.jpg 1024w, https:\/\/www.gartentraum.de\/magazin\/wp-content\/uploads\/2019\/07\/innenhof_gestalten_stadt_backstein_paletten_sofa-67x50.jpg 67w, https:\/\/www.gartentraum.de\/magazin\/wp-content\/uploads\/2019\/07\/innenhof_gestalten_stadt_backstein_paletten_sofa-430x323.jpg 430w, https:\/\/www.gartentraum.de\/magazin\/wp-content\/uploads\/2019\/07\/innenhof_gestalten_stadt_backstein_paletten_sofa.jpg 1920w\" sizes=\"auto, (max-width: 1070px) 100vw, 1070px\" \/><p class=\"wp-caption-text\">Bei Stadtwohnungen m\u00fcssen Sie sich oft mit Pflanzgef\u00e4\u00dfen im Innenhof helfen. | \u00a9 Shutterstock.com \u2013 PinkyWinky\r\n            <span class=\"social_links\">\r\n                <a title=\"auf pinterest teilen\" rel=\"nofollow\" target=\"_blank\" href=\"https:\/\/pinterest.com\/pin\/create\/button\/?url=https:\/\/www.gartentraum.de\/magazin\/wp-json\/wp\/v2\/posts\/11880&media=https:\/\/www.gartentraum.de\/magazin\/wp-content\/uploads\/2019\/07\/innenhof_gestalten_stadt_backstein_paletten_sofa.jpg&description=Bei Stadtwohnungen m\u00fcssen Sie sich oft mit Pflanzgef\u00e4\u00dfen im Innenhof helfen. | \u00a9 Shutterstock.com \u2013 PinkyWinky\"><svg x=\"0px\" y=\"0px\"\r\n\t width=\"50px\" height=\"50px\" viewBox=\"0 0 50 50\"><path d=\"M39.553,5.124c-3.441-3.303-8.205-5.123-13.412-5.123c-7.953,0-12.845,3.26-15.548,5.995\r\n\t\tc-3.331,3.37-5.241,7.846-5.241,12.278c0,5.566,2.327,9.837,6.227,11.427c0.262,0.107,0.524,0.16,0.783,0.16\r\n\t\tc0.822,0,1.474-0.537,1.699-1.4c0.132-0.496,0.437-1.717,0.569-2.248c0.284-1.046,0.055-1.55-0.564-2.279\r\n\t\tc-1.128-1.336-1.652-2.912-1.652-4.966c0-6.098,4.541-12.58,12.958-12.58c6.678,0,10.826,3.796,10.826,9.906\r\n\t\tc0,3.855-0.83,7.425-2.338,10.054c-1.049,1.826-2.893,4.004-5.723,4.004c-1.223,0-2.322-0.504-3.016-1.379\r\n\t\tc-0.656-0.828-0.871-1.898-0.607-3.013c0.297-1.262,0.703-2.576,1.096-3.846c0.717-2.32,1.395-4.513,1.395-6.262\r\n\t\tc0-2.991-1.84-5.001-4.576-5.001c-3.479,0-6.203,3.532-6.203,8.042c0,2.211,0.588,3.866,0.854,4.5\r\n\t\tc-0.438,1.857-3.042,12.894-3.536,14.974c-0.285,1.217-2.006,10.813,0.842,11.576c3.2,0.861,6.06-8.484,6.351-9.541\r\n\t\tc0.236-0.859,1.062-4.107,1.567-6.104c1.545,1.488,4.032,2.494,6.452,2.494c4.563,0,8.664-2.053,11.553-5.781\r\n\t\tc2.801-3.615,4.342-8.654,4.342-14.187C44.648,12.499,42.791,8.234,39.553,5.124z\"\/><\/svg><\/a>\r\n                <a title=\"auf facebook teilen\" rel=\"nofollow\" target=\"_blank\" href=\"https:\/\/www.facebook.com\/sharer\/sharer.php?u=https:\/\/www.gartentraum.de\/magazin\/wp-json\/wp\/v2\/posts\/11880\"><svg x=\"0px\" y=\"0px\" width=\"23.325px\" height=\"49.982px\" viewBox=\"0 0 23.325 49.982\"><path d=\"M5.042,9.68c0,1.26,0,6.882,0,6.882H0v8.415h5.042v25.005h10.356V24.977h6.95\r\n\t\tc0,0,0.651-4.035,0.966-8.447c-0.905,0-7.877,0-7.877,0s0-4.896,0-5.753c0-0.86,1.129-2.017,2.246-2.017c1.114,0,3.465,0,5.642,0\r\n\t\tc0-1.146,0-5.104,0-8.76c-2.907,0-6.214,0-7.672,0C4.786,0,5.042,8.423,5.042,9.68z\"\/><\/svg><\/a>\r\n                <a title=\"Download der Grafik\" rel=\"nofollow\" target=\"_blank\" href=\"https:\/\/www.gartentraum.de\/magazin\/wp-content\/uploads\/2019\/07\/innenhof_gestalten_stadt_backstein_paletten_sofa.jpg?original\"><svg viewBox=\"0 0 576 512\"><path d=\"M528 288h-92.1l46.1-46.1c30.1-30.1 8.8-81.9-33.9-81.9h-64V48c0-26.5-21.5-48-48-48h-96c-26.5 0-48 21.5-48 48v112h-64c-42.6 0-64.2 51.7-33.9 81.9l46.1 46.1H48c-26.5 0-48 21.5-48 48v128c0 26.5 21.5 48 48 48h480c26.5 0 48-21.5 48-48V336c0-26.5-21.5-48-48-48zm-400-80h112V48h96v160h112L288 368 128 208zm400 256H48V336h140.1l65.9 65.9c18.8 18.8 49.1 18.7 67.9 0l65.9-65.9H528v128zm-88-64c0-13.3 10.7-24 24-24s24 10.7 24 24-10.7 24-24 24-24-10.7-24-24z\"><\/path><\/svg><\/a>  \r\n            <\/span>\r\n        <\/p><\/div>\n<p>&nbsp;<\/p>\n<span id=\"22\"><\/span>\n<h3>Landhausstil<\/h3>\n<p>Bei H\u00e4usern im Landhausstil finden Sie seltener Innenh\u00f6fe als einseitig offene H\u00f6fe oder Hinterh\u00f6fe. Diese sind also weitl\u00e4ufiger und meist nicht komplett geschlossen. Dennoch finden sich immer wieder d\u00f6rfliche Wohnh\u00e4user, die nach hinten eine Art Innenhof haben. Diese k\u00f6nnen beispielsweise von kleinen Stallungen oder alten Schuppen eingegrenzt sein. Hier passen rustikale <a title=\"Hochwertige Gartenm\u00f6bel aus Metall finden Sie in unserem Online Shop\" href=\"https:\/\/www.gartentraum.de\/Gartenmoebel__Metall\" target=\"_blank\" rel=\"noopener noreferrer\">Gartenm\u00f6bel aus Metall<\/a> oder Holz perfekt ins Bild. Raue, verfugte Natursteinb\u00f6den k\u00f6nnen Sie mit Pflanzgef\u00e4\u00dfen aus Steinguss best\u00fccken. Das oft graue Erscheinungsbild dieser Innenh\u00f6fe wird mit gr\u00fcnen Akzenten wunderbar aufgelockert bis es einige Meter entfernt m\u00f6glicherweise komplett in Rasen oder Bauerngarten \u00fcbergeht.<\/p>\n<div class=\"single_button\"><a href=\"https:\/\/www.gartentraum.de\/Gartenmoebel__landhaus-stil\" title=\"Hier finden Sie wundersch\u00f6ne, rustikale M\u00f6bel im Landhausstil online\" target=\"_blank\">Gartenm\u00f6bel im Landhausstil kaufen<\/a><\/div>\n<p>&nbsp;<\/p>\n<span id=\"23\"><\/span>\n<h3>Barock \/ Franz\u00f6sisch<\/h3>\n<p>Barocke Anwesen gro\u00dfer franz\u00f6sischer Stadth\u00e4user hatten seltener Innenh\u00f6fe als weitl\u00e4ufige, halboffene H\u00f6fe f\u00fcr Kutschen und Pferde. Innenh\u00f6fe adliger Anwesen wiederum glichen mehr einer Parkanlage. Dennoch l\u00e4sst sich dieser Stil auch auf kleine Fl\u00e4chen anwenden, indem Sie die damals vorherrschende symmetrische Anordnung der Gartenelemente umsetzen. Gartenwege f\u00fchrten meist in geraden Linien und wurden ges\u00e4umt von antiken Statuen, B\u00e4nken oder \u00c4hnlichem in exakt gleichen Abst\u00e4nden zueinander. Eine gro\u00dfe Brunnenanlage in der Mitte durfte dabei nicht fehlen. In kleineren Ausf\u00fchrungen k\u00f6nnen Sie dies auch in Ihrem Innenhof verwirklichen.<\/p>\n<div class=\"single_button\"><a href=\"https:\/\/www.gartentraum.de\/Statuen\" title=\"Statuen im antiken Stil &amp; Co. finden Sie in unserem Online Shop\" target=\"_blank\">Statuen kaufen<\/a><\/div>\n<p><span id=\"24\"><\/span><div class=\"h2_h3_comby\"><h2 class=\"font\">BILDERGALERIE<\/h2><div class=\"line\"><\/div><p class=\"fakeH3\">Diese Beispiele &amp; Ideen zur Innenhofgestaltung k\u00f6nnten Sie inspirieren<\/p><\/div><\/p>\n<div class=\"own_gallery own_gallery_4\"><a data-title=\"Gro\u00dfer Innenhof mit B\u00e4umen aufwendig gestaltetem Bodenbelag \u00a9 Shutterstock.com - Aleksandar Todorovic\" href=\"https:\/\/www.gartentraum.de\/magazin\/wp-content\/uploads\/2019\/07\/innenhof_gestalten_baum_haengepflanzen_sonnensegel-1070x803.jpg\" data-lightbox=\"gallery\">\n        <img decoding=\"async\" class=\"product\" title=\"Gro\u00dfer Innenhof mit B\u00e4umen aufwendig gestaltetem Bodenbelag \u00a9 Shutterstock.com - Aleksandar Todorovic\" alt=\"Gro\u00dfer Innenhof mit B\u00e4umen aufwendig gestaltetem Bodenbelag \u00a9 Shutterstock.com - Aleksandar Todorovic\" loading=\"lazy\" src=\"https:\/\/www.gartentraum.de\/magazin\/wp-content\/uploads\/2019\/07\/innenhof_gestalten_baum_haengepflanzen_sonnensegel-400x400.jpg\" width=\"400\" height=\"400\"\/>\n        <\/a><a data-title=\"Innenhof mit gro\u00dfem Brunnen und Skulptur als Wasserspeier \u00a9 Pixabay.com\" href=\"https:\/\/www.gartentraum.de\/magazin\/wp-content\/uploads\/2019\/07\/innenhof_gestalten_brunnen_skulptur_baum-1070x803.jpg\" data-lightbox=\"gallery\">\n        <img decoding=\"async\" class=\"product\" title=\"Innenhof mit gro\u00dfem Brunnen und Skulptur als Wasserspeier \u00a9 Pixabay.com\" alt=\"Innenhof mit gro\u00dfem Brunnen und Skulptur als Wasserspeier \u00a9 Pixabay.com\" loading=\"lazy\" src=\"https:\/\/www.gartentraum.de\/magazin\/wp-content\/uploads\/2019\/07\/innenhof_gestalten_brunnen_skulptur_baum-400x400.jpg\" width=\"400\" height=\"400\"\/>\n        <\/a><a data-title=\"Innenhof mit Treppenaufgang und Pflanzt\u00f6pfen f\u00fcr farbliche Akzente \u00a9 Pixabay.com\" href=\"https:\/\/www.gartentraum.de\/magazin\/wp-content\/uploads\/2019\/07\/innenhof_gestalten_treppe_pflanzen_toepfe_brunnen-1070x803.jpg\" data-lightbox=\"gallery\">\n        <img decoding=\"async\" class=\"product\" title=\"Innenhof mit Treppenaufgang und Pflanzt\u00f6pfen f\u00fcr farbliche Akzente \u00a9 Pixabay.com\" alt=\"Innenhof mit Treppenaufgang und Pflanzt\u00f6pfen f\u00fcr farbliche Akzente \u00a9 Pixabay.com\" loading=\"lazy\" src=\"https:\/\/www.gartentraum.de\/magazin\/wp-content\/uploads\/2019\/07\/innenhof_gestalten_treppe_pflanzen_toepfe_brunnen-400x400.jpg\" width=\"400\" height=\"400\"\/>\n        <\/a><a data-title=\"Kleiner Innenhof mit Brunnen  und Pflanzt\u00f6pfen \u00a9 Shutterstock.com - AlejandroCarnicero\" href=\"https:\/\/www.gartentraum.de\/magazin\/wp-content\/uploads\/2019\/07\/innenhof_gestalten_brunnen_pflanztoepfe-1070x803.jpg\" data-lightbox=\"gallery\">\n        <img decoding=\"async\" class=\"product\" title=\"Kleiner Innenhof mit Brunnen  und Pflanzt\u00f6pfen \u00a9 Shutterstock.com - AlejandroCarnicero\" alt=\"Kleiner Innenhof mit Brunnen  und Pflanzt\u00f6pfen \u00a9 Shutterstock.com - AlejandroCarnicero\" loading=\"lazy\" src=\"https:\/\/www.gartentraum.de\/magazin\/wp-content\/uploads\/2019\/07\/innenhof_gestalten_brunnen_pflanztoepfe-400x400.jpg\" width=\"400\" height=\"400\"\/>\n        <\/a><a data-title=\"Gro\u00dfer Innenhof mit Brunnen und abgegrenzten Beeten \u00a9 Pixabay.com\" href=\"https:\/\/www.gartentraum.de\/magazin\/wp-content\/uploads\/2019\/07\/innenhof_gestalten_gross_brunnen_beete_mediterran-1070x803.jpg\" data-lightbox=\"gallery\">\n        <img decoding=\"async\" class=\"product\" title=\"Gro\u00dfer Innenhof mit Brunnen und abgegrenzten Beeten \u00a9 Pixabay.com\" alt=\"Gro\u00dfer Innenhof mit Brunnen und abgegrenzten Beeten \u00a9 Pixabay.com\" loading=\"lazy\" src=\"https:\/\/www.gartentraum.de\/magazin\/wp-content\/uploads\/2019\/07\/innenhof_gestalten_gross_brunnen_beete_mediterran-400x400.jpg\" width=\"400\" height=\"400\"\/>\n        <\/a><a data-title=\"Gro\u00dfer mediterraner Innenhof aus hellem Kalkstein \u00a9 Shutterstock.com - bilciu\" href=\"https:\/\/www.gartentraum.de\/magazin\/wp-content\/uploads\/2019\/07\/innenhof_gestalten_mediterran_tisch_stuehle_blumen-1070x803.jpg\" data-lightbox=\"gallery\">\n        <img decoding=\"async\" class=\"product\" title=\"Gro\u00dfer mediterraner Innenhof aus hellem Kalkstein \u00a9 Shutterstock.com - bilciu\" alt=\"Gro\u00dfer mediterraner Innenhof aus hellem Kalkstein \u00a9 Shutterstock.com - bilciu\" loading=\"lazy\" src=\"https:\/\/www.gartentraum.de\/magazin\/wp-content\/uploads\/2019\/07\/innenhof_gestalten_mediterran_tisch_stuehle_blumen-400x400.jpg\" width=\"400\" height=\"400\"\/>\n        <\/a><a data-title=\"Mediterraner Innenhof mit bepflanztem Brunnen \u00a9 Shutterstock.com - Botond Horvath\" href=\"https:\/\/www.gartentraum.de\/magazin\/wp-content\/uploads\/2019\/07\/innenhof_gestalten_mediterran_brunnen_blumen_obst-e1593435767225-1070x714.jpg\" data-lightbox=\"gallery\">\n        <img decoding=\"async\" class=\"product\" title=\"Mediterraner Innenhof mit bepflanztem Brunnen \u00a9 Shutterstock.com - Botond Horvath\" alt=\"Mediterraner Innenhof mit bepflanztem Brunnen \u00a9 Shutterstock.com - Botond Horvath\" loading=\"lazy\" src=\"https:\/\/www.gartentraum.de\/magazin\/wp-content\/uploads\/2019\/07\/innenhof_gestalten_mediterran_brunnen_blumen_obst-e1593435767225-400x400.jpg\" width=\"400\" height=\"400\"\/>\n        <\/a><a data-title=\"Mediterraner Innenhof mit gro\u00dfer Palme und vielen Kletterpflanzen \u00a9 Shutterstock.com - KarSol\" href=\"https:\/\/www.gartentraum.de\/magazin\/wp-content\/uploads\/2019\/07\/innenhof_gestalten_kletterpflanzen_palme_pflanztoepfe-1070x803.jpg\" data-lightbox=\"gallery\">\n        <img decoding=\"async\" class=\"product\" title=\"Mediterraner Innenhof mit gro\u00dfer Palme und vielen Kletterpflanzen \u00a9 Shutterstock.com - KarSol\" alt=\"Mediterraner Innenhof mit gro\u00dfer Palme und vielen Kletterpflanzen \u00a9 Shutterstock.com - KarSol\" loading=\"lazy\" src=\"https:\/\/www.gartentraum.de\/magazin\/wp-content\/uploads\/2019\/07\/innenhof_gestalten_kletterpflanzen_palme_pflanztoepfe-400x400.jpg\" width=\"400\" height=\"400\"\/>\n        <\/a><a data-title=\"Holzvert\u00e4felter Innenhof optimal ausgenutzt \u00a9 Shutterstock.com - Dimasik_sh\" href=\"https:\/\/www.gartentraum.de\/magazin\/wp-content\/uploads\/2019\/07\/innenhof_gestalten_klein_holz_fliesen-1070x803.jpg\" data-lightbox=\"gallery\">\n        <img decoding=\"async\" class=\"product\" title=\"Holzvert\u00e4felter Innenhof optimal ausgenutzt \u00a9 Shutterstock.com - Dimasik_sh\" alt=\"Holzvert\u00e4felter Innenhof optimal ausgenutzt \u00a9 Shutterstock.com - Dimasik_sh\" loading=\"lazy\" src=\"https:\/\/www.gartentraum.de\/magazin\/wp-content\/uploads\/2019\/07\/innenhof_gestalten_klein_holz_fliesen-400x400.jpg\" width=\"400\" height=\"400\"\/>\n        <\/a><a data-title=\"Gro\u00dfes Loungesofa f\u00fcr gem\u00fctliche Momente im Innenhof \u00a9 Shutterstock.com - Denis Zhitnik\" href=\"https:\/\/www.gartentraum.de\/magazin\/wp-content\/uploads\/2019\/07\/innenhof_gestalten_lounge_modern_kletterpflanzen-1070x803.jpg\" data-lightbox=\"gallery\">\n        <img decoding=\"async\" class=\"product\" title=\"Gro\u00dfes Loungesofa f\u00fcr gem\u00fctliche Momente im Innenhof \u00a9 Shutterstock.com - Denis Zhitnik\" alt=\"Gro\u00dfes Loungesofa f\u00fcr gem\u00fctliche Momente im Innenhof \u00a9 Shutterstock.com - Denis Zhitnik\" loading=\"lazy\" src=\"https:\/\/www.gartentraum.de\/magazin\/wp-content\/uploads\/2019\/07\/innenhof_gestalten_lounge_modern_kletterpflanzen-400x400.jpg\" width=\"400\" height=\"400\"\/>\n        <\/a><a data-title=\"Moderner Innenhof mit Loungem\u00f6beln &#038; Wandbrunnen \u00a9 Shutterstock.com - Lahra Cannon\" href=\"https:\/\/www.gartentraum.de\/magazin\/wp-content\/uploads\/2019\/07\/innenhof_gestalten_loungemoebel_wandbrunnen_modern-1070x803.jpg\" data-lightbox=\"gallery\">\n        <img decoding=\"async\" class=\"product\" title=\"Moderner Innenhof mit Loungem\u00f6beln &#038; Wandbrunnen \u00a9 Shutterstock.com - Lahra Cannon\" alt=\"Moderner Innenhof mit Loungem\u00f6beln &#038; Wandbrunnen \u00a9 Shutterstock.com - Lahra Cannon\" loading=\"lazy\" src=\"https:\/\/www.gartentraum.de\/magazin\/wp-content\/uploads\/2019\/07\/innenhof_gestalten_loungemoebel_wandbrunnen_modern-400x400.jpg\" width=\"400\" height=\"400\"\/>\n        <\/a><a data-title=\"Moderner Innenhof mit mehreren Ebenen \u00a9 Pixabay.com\" href=\"https:\/\/www.gartentraum.de\/magazin\/wp-content\/uploads\/2019\/07\/innenhof_gestalten_modern_teich_holz_sessel_treppe-1070x803.jpg\" data-lightbox=\"gallery\">\n        <img decoding=\"async\" class=\"product\" title=\"Moderner Innenhof mit mehreren Ebenen \u00a9 Pixabay.com\" alt=\"Moderner Innenhof mit mehreren Ebenen \u00a9 Pixabay.com\" loading=\"lazy\" src=\"https:\/\/www.gartentraum.de\/magazin\/wp-content\/uploads\/2019\/07\/innenhof_gestalten_modern_teich_holz_sessel_treppe-400x400.jpg\" width=\"400\" height=\"400\"\/>\n        <\/a><a data-title=\"Klappst\u00fchle &#038; Tisch aus Holz f\u00fcr einen kleinen Innenhof \u00a9 Shutterstock.com - Dimasik_sh\" href=\"https:\/\/www.gartentraum.de\/magazin\/wp-content\/uploads\/2019\/07\/innenhof_gestalten_holz_tisch_stuhl_regal-1070x803.jpg\" data-lightbox=\"gallery\">\n        <img decoding=\"async\" class=\"product\" title=\"Klappst\u00fchle &#038; Tisch aus Holz f\u00fcr einen kleinen Innenhof \u00a9 Shutterstock.com - Dimasik_sh\" alt=\"Klappst\u00fchle &#038; Tisch aus Holz f\u00fcr einen kleinen Innenhof \u00a9 Shutterstock.com - Dimasik_sh\" loading=\"lazy\" src=\"https:\/\/www.gartentraum.de\/magazin\/wp-content\/uploads\/2019\/07\/innenhof_gestalten_holz_tisch_stuhl_regal-400x400.jpg\" width=\"400\" height=\"400\"\/>\n        <\/a><a data-title=\"Gepflasterte Fl\u00e4che mit Gestaltungselementen am Rand \u00a9 Shutterstock.com - JPL Designs\" href=\"https:\/\/www.gartentraum.de\/magazin\/wp-content\/uploads\/2019\/07\/innenhof_gestalten_metall_moebel_pflastersteine-1070x803.jpg\" data-lightbox=\"gallery\">\n        <img decoding=\"async\" class=\"product\" title=\"Gepflasterte Fl\u00e4che mit Gestaltungselementen am Rand \u00a9 Shutterstock.com - JPL Designs\" alt=\"Gepflasterte Fl\u00e4che mit Gestaltungselementen am Rand \u00a9 Shutterstock.com - JPL Designs\" loading=\"lazy\" src=\"https:\/\/www.gartentraum.de\/magazin\/wp-content\/uploads\/2019\/07\/innenhof_gestalten_metall_moebel_pflastersteine-400x400.jpg\" width=\"400\" height=\"400\"\/>\n        <\/a><a data-title=\"Gartenm\u00f6bel aus Metall f\u00fcr Innenh\u00f6fe im Landhausstil \u00a9 Shutterstock.com - Nadia Turinsky\" href=\"https:\/\/www.gartentraum.de\/magazin\/wp-content\/uploads\/2019\/07\/innenhof_gestalten_landhaus_stil_metall_moebel-1070x803.jpg\" data-lightbox=\"gallery\">\n        <img decoding=\"async\" class=\"product\" title=\"Gartenm\u00f6bel aus Metall f\u00fcr Innenh\u00f6fe im Landhausstil \u00a9 Shutterstock.com - Nadia Turinsky\" alt=\"Gartenm\u00f6bel aus Metall f\u00fcr Innenh\u00f6fe im Landhausstil \u00a9 Shutterstock.com - Nadia Turinsky\" loading=\"lazy\" src=\"https:\/\/www.gartentraum.de\/magazin\/wp-content\/uploads\/2019\/07\/innenhof_gestalten_landhaus_stil_metall_moebel-400x400.jpg\" width=\"400\" height=\"400\"\/>\n        <\/a><a data-title=\"Rustikale Gartenm\u00f6bel einer kleinen Sitzecke \u00a9 Shutterstock.com - ingehogenbijl\" href=\"https:\/\/www.gartentraum.de\/magazin\/wp-content\/uploads\/2019\/07\/innenhof_gestalten_sitzecke_rustikal-1070x803.jpg\" data-lightbox=\"gallery\">\n        <img decoding=\"async\" class=\"product\" title=\"Rustikale Gartenm\u00f6bel einer kleinen Sitzecke \u00a9 Shutterstock.com - ingehogenbijl\" alt=\"Rustikale Gartenm\u00f6bel einer kleinen Sitzecke \u00a9 Shutterstock.com - ingehogenbijl\" loading=\"lazy\" src=\"https:\/\/www.gartentraum.de\/magazin\/wp-content\/uploads\/2019\/07\/innenhof_gestalten_sitzecke_rustikal-400x400.jpg\" width=\"400\" height=\"400\"\/>\n        <\/a><\/div>\n<p><span id=\"25\"><\/span><div class=\"h2_h3_comby\"><h2 class=\"font\">ZUSAMMENFASSUNG<\/h2><div class=\"line\"><\/div><p class=\"fakeH3\">Alle Infos auf einen Blick<\/p><\/div><\/p>\n<p>Die Gestaltungsm\u00f6glichkeiten eines Innenhofs sind mindestens genau so vielseitig wie die eines normalen, offenen Gartens. Bei der Neugestaltung sollten Sie vorher gewissenhaft planen, wie Ihr Innenhof aussehen soll. Welchen Bodenbelag m\u00f6chten Sie und wo sollen Pflanzbereiche oder Fl\u00e4chen f\u00fcr Gartenm\u00f6bel entstehen. Vor allem im Innenhof sollten Sie auch den W\u00e4nden besondere Aufmerksamkeit schenken. Dadurch, dass wenig Platz vorhanden ist, sollten Sie diese definitiv bei der Gestaltung mit einbeziehen. Die M\u00f6glichkeiten reichen hier von Rankpflanzen oder Spalierobst \u00fcber dekorative Wandreliefs bis hin zu stilvollen Wandbrunnen. Auch Sitzgelegenheiten k\u00f6nnen Sie nah an einer Wand platzieren, ohne sich zu beengt zu f\u00fchlen. Wir empfehlen Ihnen auch im Innenhof auf Pflanzen zu setzen. Das Ambiente eines kleinen Gartens, selbst im st\u00e4dtischen Umfeld sorgt so f\u00fcr mehr Entspannung und Abwechslung zu grauem Stein. Auch wenn in Ihrem Innenhof nicht den ganzen Tag Sonnenlicht einf\u00e4llt, gibt es viele Pflanzen mit bunten Bl\u00fcten, die im Schatten oder Halbschatten wunderbar gedeihen. Wenn Sie also einen Innenhof besitzen, sollten Sie unbedingt die Chance nutzen diesen zus\u00e4tzlichen Raum so zu gestalten, dass es ein R\u00fcckzugsort mit entspannter Atmosph\u00e4re wird.<\/p>\n<p><span id=\"26\"><\/span><div class=\"h2_h3_comby\"><h2 class=\"font\">WEITERE PRODUKTE<\/h2><div class=\"line\"><\/div><p class=\"fakeH3\">Diese Artikel von Gartentraum.de k\u00f6nnten Sie noch interessieren<\/p><\/div><\/p>\n<div class=\"jtlwzd_carousel-wrapper  has-article-title has-article-desc has-article-cta\" data-item=\"509\">\n\n  <div class=\"jtlwzd_headline\" style=\"text-align:left\">\n      <a href=\"?ref=www.gartentraum.de&campaign=11880-02\" title=\"\" rel=\"\" target=\"_blank\"><\/a>\n      <\/div>\n\n  <div class=\"jtlwzd_carousel jtlwzd_article-list\" data-intervalTime=\"0\">\n      <\/div>\n  <a href=\"#\" class=\"jtlwzd_carousel_control-prev jtli_left-open\"><\/a>\n  <a href=\"#\" class=\"jtlwzd_carousel_control-next jtli_right-open\"><\/a>\n\n  \n<\/div>\n<div class=\"jtlwzd_carousel-wrapper  has-article-title has-article-desc has-article-cta\" data-item=\"510\">\n\n  <div class=\"jtlwzd_headline\" style=\"text-align:left\">\n      <a href=\"https:\/\/www.gartentraum.de\/Loungemoebel?ref=www.gartentraum.de&campaign=11880-03\" title=\"\" rel=\"\" target=\"_blank\"><\/a>\n      <\/div>\n\n  <div class=\"jtlwzd_carousel jtlwzd_article-list\" data-intervalTime=\"0\">\n    PGRpdiBjbGFzcz0ianRsd3pkX2Nhcm91c2VsLWl0ZW0iPgogIDxmaWd1cmUgY2xhc3M9Imp0bHd6ZF9maWd1cmUiPgogICAgPGEgaHJlZj0iaHR0cHM6Ly93d3cuZ2FydGVudHJhdW0uZGUvSW5mcmFyb3QtTG91bmdlYmFuay1hdXMtSG9sei1taXQtZWluZ2ViYXV0ZW4tU3RyYWhsZXItZnVlci1XYWVybWV0aGVyYXBpZS1FZGlzP3JlZj13d3cuZ2FydGVudHJhdW0uZGUmY2FtcGFpZ249MTE4ODAtMDMiIHJlbD0iIiB0YXJnZXQ9Il9ibGFuayI+CiAgICAgIDxwaWN0dXJlPgogIDxpbWcgbG9hZGluZz0ibGF6eSIgc3JjPSJodHRwczovL3d3dy5nYXJ0ZW50cmF1bS5kZS9tZWRpYS9pbWFnZS9wcm9kdWN0LzM2NzU0L2xnL2luZnJhcm90LWxvdW5nZWJhbmstYXVzLWhvbHotbWl0LWVpbmdlYmF1dGVuLXN0cmFobGVyLWZ1ZXItd2Flcm1ldGhlcmFwaWUtZWRpcy5qcGciIGRhdGEtZWFuPSI0MDU2MDI2MzY3MjcyIiBhbHQ9IkVkaXMiLz4KPC9waWN0dXJlPgogICAgPC9hPgoKICAgICAgICAgIDxmaWdjYXB0aW9uPgogICAgICAgIDxhIGhyZWY9Imh0dHBzOi8vd3d3LmdhcnRlbnRyYXVtLmRlL0luZnJhcm90LUxvdW5nZWJhbmstYXVzLUhvbHotbWl0LWVpbmdlYmF1dGVuLVN0cmFobGVyLWZ1ZXItV2Flcm1ldGhlcmFwaWUtRWRpcz9yZWY9d3d3LmdhcnRlbnRyYXVtLmRlJmNhbXBhaWduPTExODgwLTAzIiByZWw9IiIgdGFyZ2V0PSJfYmxhbmsiPgogICAgICAgICAgICAgICAgICAgICAgPHNwYW4gY2xhc3M9Imp0bHd6ZF9maWd1cmVfc2hvcnRuYW1lIiBzdHlsZT0idGV4dC1hbGlnbjpjZW50ZXIiPkVkaXM8L3NwYW4+CiAgICAgICAgICAgICAgICAgICAgPC9hPgogICAgICAgIDxkaXYgY2xhc3M9Imp0bHd6ZF9kZXNjcmlwdGlvbi1wcmljaW5nLWFjdGlvbl9wYW5lbCI+CiAgICAgICAgICAgICAgICAgICAgICA8c3BhbiBjbGFzcz0ianRsd3pkX2ZpZ3VyZV9zaG9ydGRlc2NyaXB0aW9uIiBzdHlsZT0idGV4dC1hbGlnbjpjZW50ZXIiPkluZnJhcm90IExvdW5nZWJhbmsgYXVzIEhvbHo8L3NwYW4+CiAgICAgICAgICAgIAogICAgICAgIDxkaXYgY2xhc3M9Imp0bHd6ZF9wcmljZSI+CiAgICAgICAgICA8c3BhbiBjbGFzcz0ianRsd3pkX3ByaWNlX2xhYmVsIj5WZXJzYW5kcHJlaXMgYWI8L3NwYW4+CiAgICAgICAgICA8c3BhbiBjbGFzcz0ianRsd3pkX3ByaWNlX3RleHQiPjMuOTA1LDAwICZldXJvOzwvc3Bhbj4KICAgICAgICA8L2Rpdj4KCiAgICAgICAgICAgICAgICAgIDxkaXYgY2xhc3M9Imp0bHd6ZF9hY3Rpb24tcGFuZWwiIHN0eWxlPSJ0ZXh0LWFsaWduOiBjZW50ZXIiPgogICAgICAgICAgICA8YSBjbGFzcz0iYnRuIGJ0bi1wcmltYXJ5IiBocmVmPSJodHRwczovL3d3dy5nYXJ0ZW50cmF1bS5kZS9JbmZyYXJvdC1Mb3VuZ2ViYW5rLWF1cy1Ib2x6LW1pdC1laW5nZWJhdXRlbi1TdHJhaGxlci1mdWVyLVdhZXJtZXRoZXJhcGllLUVkaXM\/cmVmPXd3dy5nYXJ0ZW50cmF1bS5kZSZjYW1wYWlnbj0xMTg4MC0wMyIgcmVsPSIiIHRhcmdldD0iX2JsYW5rIj5KZXR6dCBLYXVmZW48L2E+CiAgICAgICAgICA8L2Rpdj4KICAgICAgICAgICAgICA8L2Rpdj4KCiAgICA8L2ZpZ2NhcHRpb24+CiAgPC9maWd1cmU+CjwvZGl2Pgo=PGRpdiBjbGFzcz0ianRsd3pkX2Nhcm91c2VsLWl0ZW0iPgogIDxmaWd1cmUgY2xhc3M9Imp0bHd6ZF9maWd1cmUiPgogICAgPGEgaHJlZj0iaHR0cHM6Ly93d3cuZ2FydGVudHJhdW0uZGUvVGVha2hvbHotTG91bmdlZWNrZS1taXQtZ3JhdWVuLUF1ZmxhZ2VuLUxvdW5nZWVja2UtQ2FkaXo\/cmVmPXd3dy5nYXJ0ZW50cmF1bS5kZSZjYW1wYWlnbj0xMTg4MC0wMyIgcmVsPSIiIHRhcmdldD0iX2JsYW5rIj4KICAgICAgPHBpY3R1cmU+CiAgPGltZyBsb2FkaW5nPSJsYXp5IiBzcmM9Imh0dHBzOi8vd3d3LmdhcnRlbnRyYXVtLmRlL21lZGlhL2ltYWdlL3Byb2R1Y3QvMjY4NjMvbGcvdGVha2hvbHotbG91bmdlZWNrZS1taXQtZ3JhdWVuLWF1ZmxhZ2VuLWxvdW5nZWVja2UtY2FkaXouanBnIiBkYXRhLWVhbj0iNDA1NjAyNjI2ODQ5NCIgYWx0PSJMb3VuZ2VlY2tlIENhZGl6Ii8+CjwvcGljdHVyZT4KICAgIDwvYT4KCiAgICAgICAgICA8ZmlnY2FwdGlvbj4KICAgICAgICA8YSBocmVmPSJodHRwczovL3d3dy5nYXJ0ZW50cmF1bS5kZS9UZWFraG9sei1Mb3VuZ2VlY2tlLW1pdC1ncmF1ZW4tQXVmbGFnZW4tTG91bmdlZWNrZS1DYWRpej9yZWY9d3d3LmdhcnRlbnRyYXVtLmRlJmNhbXBhaWduPTExODgwLTAzIiByZWw9IiIgdGFyZ2V0PSJfYmxhbmsiPgogICAgICAgICAgICAgICAgICAgICAgPHNwYW4gY2xhc3M9Imp0bHd6ZF9maWd1cmVfc2hvcnRuYW1lIiBzdHlsZT0idGV4dC1hbGlnbjpjZW50ZXIiPkxvdW5nZWVja2UgQ2FkaXo8L3NwYW4+CiAgICAgICAgICAgICAgICAgICAgPC9hPgogICAgICAgIDxkaXYgY2xhc3M9Imp0bHd6ZF9kZXNjcmlwdGlvbi1wcmljaW5nLWFjdGlvbl9wYW5lbCI+CiAgICAgICAgICAgICAgICAgICAgICA8c3BhbiBjbGFzcz0ianRsd3pkX2ZpZ3VyZV9zaG9ydGRlc2NyaXB0aW9uIiBzdHlsZT0idGV4dC1hbGlnbjpjZW50ZXIiPlRlYWtob2x6IExvdW5nZWVja2UgbWl0IEF1ZmxhZ2VuPC9zcGFuPgogICAgICAgICAgICAKICAgICAgICA8ZGl2IGNsYXNzPSJqdGx3emRfcHJpY2UiPgogICAgICAgICAgPHNwYW4gY2xhc3M9Imp0bHd6ZF9wcmljZV9sYWJlbCI+VmVyc2FuZHByZWlzIGFiPC9zcGFuPgogICAgICAgICAgPHNwYW4gY2xhc3M9Imp0bHd6ZF9wcmljZV90ZXh0Ij4yMi4wMDUsMDAgJmV1cm87PC9zcGFuPgogICAgICAgIDwvZGl2PgoKICAgICAgICAgICAgICAgICAgPGRpdiBjbGFzcz0ianRsd3pkX2FjdGlvbi1wYW5lbCIgc3R5bGU9InRleHQtYWxpZ246IGNlbnRlciI+CiAgICAgICAgICAgIDxhIGNsYXNzPSJidG4gYnRuLXByaW1hcnkiIGhyZWY9Imh0dHBzOi8vd3d3LmdhcnRlbnRyYXVtLmRlL1RlYWtob2x6LUxvdW5nZWVja2UtbWl0LWdyYXVlbi1BdWZsYWdlbi1Mb3VuZ2VlY2tlLUNhZGl6P3JlZj13d3cuZ2FydGVudHJhdW0uZGUmY2FtcGFpZ249MTE4ODAtMDMiIHJlbD0iIiB0YXJnZXQ9Il9ibGFuayI+SmV0enQgS2F1ZmVuPC9hPgogICAgICAgICAgPC9kaXY+CiAgICAgICAgICAgICAgPC9kaXY+CgogICAgPC9maWdjYXB0aW9uPgogIDwvZmlndXJlPgo8L2Rpdj4KPGRpdiBjbGFzcz0ianRsd3pkX2Nhcm91c2VsLWl0ZW0iPgogIDxmaWd1cmUgY2xhc3M9Imp0bHd6ZF9maWd1cmUiPgogICAgPGEgaHJlZj0iaHR0cHM6Ly93d3cuZ2FydGVudHJhdW0uZGUvTG91bmdlZWNrZS12b24tQm9yZWstYXVzLVRlYWtob2x6LXVuZC1Sb3BlLUdhcnRlbmdhcm5pdHVyLUNoZXByaT9yZWY9d3d3LmdhcnRlbnRyYXVtLmRlJmNhbXBhaWduPTExODgwLTAzIiByZWw9IiIgdGFyZ2V0PSJfYmxhbmsiPgogICAgICA8cGljdHVyZT4KICA8aW1nIGxvYWRpbmc9ImxhenkiIHNyYz0iaHR0cHM6Ly93d3cuZ2FydGVudHJhdW0uZGUvbWVkaWEvaW1hZ2UvcHJvZHVjdC8yNjg0OS9sZy9sb3VuZ2VlY2tlLXZvbi1ib3Jlay1hdXMtdGVha2hvbHotdW5kLXJvcGUtZ2FydGVuZ2Fybml0dXItY2hlcHJpLmpwZyIgZGF0YS1lYW49IjQwNTYwMjYyNjgyOTYiIGFsdD0iR2FydGVuZ2Fybml0dXIgQ2hlcHJpIi8+CjwvcGljdHVyZT4KICAgIDwvYT4KCiAgICAgICAgICA8ZmlnY2FwdGlvbj4KICAgICAgICA8YSBocmVmPSJodHRwczovL3d3dy5nYXJ0ZW50cmF1bS5kZS9Mb3VuZ2VlY2tlLXZvbi1Cb3Jlay1hdXMtVGVha2hvbHotdW5kLVJvcGUtR2FydGVuZ2Fybml0dXItQ2hlcHJpP3JlZj13d3cuZ2FydGVudHJhdW0uZGUmY2FtcGFpZ249MTE4ODAtMDMiIHJlbD0iIiB0YXJnZXQ9Il9ibGFuayI+CiAgICAgICAgICAgICAgICAgICAgICA8c3BhbiBjbGFzcz0ianRsd3pkX2ZpZ3VyZV9zaG9ydG5hbWUiIHN0eWxlPSJ0ZXh0LWFsaWduOmNlbnRlciI+R2FydGVuZ2Fybml0dXIgQ2hlcHJpPC9zcGFuPgogICAgICAgICAgICAgICAgICAgIDwvYT4KICAgICAgICA8ZGl2IGNsYXNzPSJqdGx3emRfZGVzY3JpcHRpb24tcHJpY2luZy1hY3Rpb25fcGFuZWwiPgogICAgICAgICAgICAgICAgICAgICAgPHNwYW4gY2xhc3M9Imp0bHd6ZF9maWd1cmVfc2hvcnRkZXNjcmlwdGlvbiIgc3R5bGU9InRleHQtYWxpZ246Y2VudGVyIj5Mb3VuZ2VlY2tlIHZvbiBCb3JlayBhdXMgSG9sejwvc3Bhbj4KICAgICAgICAgICAgCiAgICAgICAgPGRpdiBjbGFzcz0ianRsd3pkX3ByaWNlIj4KICAgICAgICAgIDxzcGFuIGNsYXNzPSJqdGx3emRfcHJpY2VfbGFiZWwiPlZlcnNhbmRwcmVpcyBhYjwvc3Bhbj4KICAgICAgICAgIDxzcGFuIGNsYXNzPSJqdGx3emRfcHJpY2VfdGV4dCI+MTkuMTQ1LDAwICZldXJvOzwvc3Bhbj4KICAgICAgICA8L2Rpdj4KCiAgICAgICAgICAgICAgICAgIDxkaXYgY2xhc3M9Imp0bHd6ZF9hY3Rpb24tcGFuZWwiIHN0eWxlPSJ0ZXh0LWFsaWduOiBjZW50ZXIiPgogICAgICAgICAgICA8YSBjbGFzcz0iYnRuIGJ0bi1wcmltYXJ5IiBocmVmPSJodHRwczovL3d3dy5nYXJ0ZW50cmF1bS5kZS9Mb3VuZ2VlY2tlLXZvbi1Cb3Jlay1hdXMtVGVha2hvbHotdW5kLVJvcGUtR2FydGVuZ2Fybml0dXItQ2hlcHJpP3JlZj13d3cuZ2FydGVudHJhdW0uZGUmY2FtcGFpZ249MTE4ODAtMDMiIHJlbD0iIiB0YXJnZXQ9Il9ibGFuayI+SmV0enQgS2F1ZmVuPC9hPgogICAgICAgICAgPC9kaXY+CiAgICAgICAgICAgICAgPC9kaXY+CgogICAgPC9maWdjYXB0aW9uPgogIDwvZmlndXJlPgo8L2Rpdj4KPGRpdiBjbGFzcz0ianRsd3pkX2Nhcm91c2VsLWl0ZW0iPgogIDxmaWd1cmUgY2xhc3M9Imp0bHd6ZF9maWd1cmUiPgogICAgPGEgaHJlZj0iaHR0cHM6Ly93d3cuZ2FydGVudHJhdW0uZGUvR2FydGVubG91bmdlLVNlc3NlbC1hdXMtQWx1LVNlaWwtbWl0LUtpc3Nlbi1NYXgtTHV1ay1Ob3JhLUxvdW5nZXNlc3NlbD9yZWY9d3d3LmdhcnRlbnRyYXVtLmRlJmNhbXBhaWduPTExODgwLTAzIiByZWw9IiIgdGFyZ2V0PSJfYmxhbmsiPgogICAgICA8cGljdHVyZT4KICA8aW1nIGxvYWRpbmc9ImxhenkiIHNyYz0iaHR0cHM6Ly93d3cuZ2FydGVudHJhdW0uZGUvbWVkaWEvaW1hZ2UvcHJvZHVjdC8xNTg2Ni9sZy9nYXJ0ZW5sb3VuZ2Utc2Vzc2VsLWF1cy1hbHUtc2VpbC1taXQta2lzc2VuLW1heC1sdXVrLW5vcmEtbG91bmdlc2Vzc2VsLmpwZyIgZGF0YS1lYW49IiIgYWx0PSJOb3JhIExvdW5nZXNlc3NlbCIvPgo8L3BpY3R1cmU+CiAgICA8L2E+CgogICAgICAgICAgPGZpZ2NhcHRpb24+CiAgICAgICAgPGEgaHJlZj0iaHR0cHM6Ly93d3cuZ2FydGVudHJhdW0uZGUvR2FydGVubG91bmdlLVNlc3NlbC1hdXMtQWx1LVNlaWwtbWl0LUtpc3Nlbi1NYXgtTHV1ay1Ob3JhLUxvdW5nZXNlc3NlbD9yZWY9d3d3LmdhcnRlbnRyYXVtLmRlJmNhbXBhaWduPTExODgwLTAzIiByZWw9IiIgdGFyZ2V0PSJfYmxhbmsiPgogICAgICAgICAgICAgICAgICAgICAgPHNwYW4gY2xhc3M9Imp0bHd6ZF9maWd1cmVfc2hvcnRuYW1lIiBzdHlsZT0idGV4dC1hbGlnbjpjZW50ZXIiPk5vcmEgTG91bmdlc2Vzc2VsPC9zcGFuPgogICAgICAgICAgICAgICAgICAgIDwvYT4KICAgICAgICA8ZGl2IGNsYXNzPSJqdGx3emRfZGVzY3JpcHRpb24tcHJpY2luZy1hY3Rpb25fcGFuZWwiPgogICAgICAgICAgICAgICAgICAgICAgPHNwYW4gY2xhc3M9Imp0bHd6ZF9maWd1cmVfc2hvcnRkZXNjcmlwdGlvbiIgc3R5bGU9InRleHQtYWxpZ246Y2VudGVyIj5HYXJ0ZW5sb3VuZ2UgU2Vzc2VsIGF1cyBBbHUgJmFtcDsgU2VpbCBtaXQgS2lzc2VuPC9zcGFuPgogICAgICAgICAgICAKICAgICAgICA8ZGl2IGNsYXNzPSJqdGx3emRfcHJpY2UiPgogICAgICAgICAgPHNwYW4gY2xhc3M9Imp0bHd6ZF9wcmljZV9sYWJlbCI+VmVyc2FuZHByZWlzIGFiPC9zcGFuPgogICAgICAgICAgPHNwYW4gY2xhc3M9Imp0bHd6ZF9wcmljZV90ZXh0Ij4xLjkzMCwwMCAmZXVybzs8L3NwYW4+CiAgICAgICAgPC9kaXY+CgogICAgICAgICAgICAgICAgICA8ZGl2IGNsYXNzPSJqdGx3emRfYWN0aW9uLXBhbmVsIiBzdHlsZT0idGV4dC1hbGlnbjogY2VudGVyIj4KICAgICAgICAgICAgPGEgY2xhc3M9ImJ0biBidG4tcHJpbWFyeSIgaHJlZj0iaHR0cHM6Ly93d3cuZ2FydGVudHJhdW0uZGUvR2FydGVubG91bmdlLVNlc3NlbC1hdXMtQWx1LVNlaWwtbWl0LUtpc3Nlbi1NYXgtTHV1ay1Ob3JhLUxvdW5nZXNlc3NlbD9yZWY9d3d3LmdhcnRlbnRyYXVtLmRlJmNhbXBhaWduPTExODgwLTAzIiByZWw9IiIgdGFyZ2V0PSJfYmxhbmsiPkpldHp0IEthdWZlbjwvYT4KICAgICAgICAgIDwvZGl2PgogICAgICAgICAgICAgIDwvZGl2PgoKICAgIDwvZmlnY2FwdGlvbj4KICA8L2ZpZ3VyZT4KPC9kaXY+Cg==  <\/div>\n  <a href=\"#\" class=\"jtlwzd_carousel_control-prev jtli_left-open\"><\/a>\n  <a href=\"#\" class=\"jtlwzd_carousel_control-next jtli_right-open\"><\/a>\n\n  \n<\/div>\n<div class=\"jtlwzd_carousel-wrapper  has-article-title has-article-desc has-article-cta\" data-item=\"511\">\n\n  <div class=\"jtlwzd_headline\" style=\"text-align:left\">\n      <a href=\"https:\/\/www.gartentraum.de\/Pflanzgefaesse?ref=www.gartentraum.de&campaign=11880-04\" title=\"\" rel=\"\" target=\"_blank\"><\/a>\n      <\/div>\n\n  <div class=\"jtlwzd_carousel jtlwzd_article-list\" data-intervalTime=\"0\">\n    PGRpdiBjbGFzcz0ianRsd3pkX2Nhcm91c2VsLWl0ZW0iPgogIDxmaWd1cmUgY2xhc3M9Imp0bHd6ZF9maWd1cmUiPgogICAgPGEgaHJlZj0iaHR0cHM6Ly93d3cuZ2FydGVudHJhdW0uZGUvT3V0ZG9vci1QZmxhbnp0b3BmLWltLTRlci1TZXQtU3RlaW5vcHRpay1sZWljaHQtd2ludGVyZmVzdC1BbGxlcm9uYT9yZWY9d3d3LmdhcnRlbnRyYXVtLmRlJmNhbXBhaWduPTExODgwLTA0IiByZWw9IiIgdGFyZ2V0PSJfYmxhbmsiPgogICAgICA8cGljdHVyZT4KICA8aW1nIGxvYWRpbmc9ImxhenkiIHNyYz0iaHR0cHM6Ly93d3cuZ2FydGVudHJhdW0uZGUvbWVkaWEvaW1hZ2UvcHJvZHVjdC8yOTEwNS9sZy9vdXRkb29yLXBmbGFuenRvcGYtaW0tNGVyLXNldC1zdGVpbm9wdGlrLWxlaWNodC13aW50ZXJmZXN0LWFsbGVyb25hLmpwZyIgZGF0YS1lYW49IjQwNTYwMjYyOTQ5NjciIGFsdD0iQWxsZXJvbmEiLz4KPC9waWN0dXJlPgogICAgPC9hPgoKICAgICAgICAgIDxmaWdjYXB0aW9uPgogICAgICAgIDxhIGhyZWY9Imh0dHBzOi8vd3d3LmdhcnRlbnRyYXVtLmRlL091dGRvb3ItUGZsYW56dG9wZi1pbS00ZXItU2V0LVN0ZWlub3B0aWstbGVpY2h0LXdpbnRlcmZlc3QtQWxsZXJvbmE\/cmVmPXd3dy5nYXJ0ZW50cmF1bS5kZSZjYW1wYWlnbj0xMTg4MC0wNCIgcmVsPSIiIHRhcmdldD0iX2JsYW5rIj4KICAgICAgICAgICAgICAgICAgICAgIDxzcGFuIGNsYXNzPSJqdGx3emRfZmlndXJlX3Nob3J0bmFtZSIgc3R5bGU9InRleHQtYWxpZ246Y2VudGVyIj5BbGxlcm9uYTwvc3Bhbj4KICAgICAgICAgICAgICAgICAgICA8L2E+CiAgICAgICAgPGRpdiBjbGFzcz0ianRsd3pkX2Rlc2NyaXB0aW9uLXByaWNpbmctYWN0aW9uX3BhbmVsIj4KICAgICAgICAgICAgICAgICAgICAgIDxzcGFuIGNsYXNzPSJqdGx3emRfZmlndXJlX3Nob3J0ZGVzY3JpcHRpb24iIHN0eWxlPSJ0ZXh0LWFsaWduOmNlbnRlciI+T3V0ZG9vciBQZmxhbnp0b3BmIGltIDRlciBTZXQ8L3NwYW4+CiAgICAgICAgICAgIAogICAgICAgIDxkaXYgY2xhc3M9Imp0bHd6ZF9wcmljZSI+CiAgICAgICAgICA8c3BhbiBjbGFzcz0ianRsd3pkX3ByaWNlX2xhYmVsIj5WZXJzYW5kcHJlaXMgYWI8L3NwYW4+CiAgICAgICAgICA8c3BhbiBjbGFzcz0ianRsd3pkX3ByaWNlX3RleHQiPjczMCwwMCAmZXVybzs8L3NwYW4+CiAgICAgICAgPC9kaXY+CgogICAgICAgICAgICAgICAgICA8ZGl2IGNsYXNzPSJqdGx3emRfYWN0aW9uLXBhbmVsIiBzdHlsZT0idGV4dC1hbGlnbjogY2VudGVyIj4KICAgICAgICAgICAgPGEgY2xhc3M9ImJ0biBidG4tcHJpbWFyeSIgaHJlZj0iaHR0cHM6Ly93d3cuZ2FydGVudHJhdW0uZGUvT3V0ZG9vci1QZmxhbnp0b3BmLWltLTRlci1TZXQtU3RlaW5vcHRpay1sZWljaHQtd2ludGVyZmVzdC1BbGxlcm9uYT9yZWY9d3d3LmdhcnRlbnRyYXVtLmRlJmNhbXBhaWduPTExODgwLTA0IiByZWw9IiIgdGFyZ2V0PSJfYmxhbmsiPkpldHp0IEthdWZlbjwvYT4KICAgICAgICAgIDwvZGl2PgogICAgICAgICAgICAgIDwvZGl2PgoKICAgIDwvZmlnY2FwdGlvbj4KICA8L2ZpZ3VyZT4KPC9kaXY+Cg==PGRpdiBjbGFzcz0ianRsd3pkX2Nhcm91c2VsLWl0ZW0iPgogIDxmaWd1cmUgY2xhc3M9Imp0bHd6ZF9maWd1cmUiPgogICAgPGEgaHJlZj0iaHR0cHM6Ly93d3cuZ2FydGVudHJhdW0uZGUvMmVyLVNldC1YWEwtUGZsYW56a3VlYmVsLWF1cy1Qb2x5c3RvbmUtUnVuZC1HcmF1ZS1aZW1lbnQtT3B0aWstR2FubmV0P3JlZj13d3cuZ2FydGVudHJhdW0uZGUmY2FtcGFpZ249MTE4ODAtMDQiIHJlbD0iIiB0YXJnZXQ9Il9ibGFuayI+CiAgICAgIDxwaWN0dXJlPgogIDxpbWcgbG9hZGluZz0ibGF6eSIgc3JjPSJodHRwczovL3d3dy5nYXJ0ZW50cmF1bS5kZS9tZWRpYS9pbWFnZS9wcm9kdWN0LzMyMzUyL2xnLzJlci1zZXQteHhsLXBmbGFuemt1ZWJlbC1hdXMtcG9seXN0b25lLXJ1bmQtZ3JhdWUtemVtZW50LW9wdGlrLWdhbm5ldC5qcGciIGRhdGEtZWFuPSI0MDU2MDI2MzE0NjY1IiBhbHQ9Ikdhbm5ldCIvPgo8L3BpY3R1cmU+CiAgICA8L2E+CgogICAgICAgICAgPGZpZ2NhcHRpb24+CiAgICAgICAgPGEgaHJlZj0iaHR0cHM6Ly93d3cuZ2FydGVudHJhdW0uZGUvMmVyLVNldC1YWEwtUGZsYW56a3VlYmVsLWF1cy1Qb2x5c3RvbmUtUnVuZC1HcmF1ZS1aZW1lbnQtT3B0aWstR2FubmV0P3JlZj13d3cuZ2FydGVudHJhdW0uZGUmY2FtcGFpZ249MTE4ODAtMDQiIHJlbD0iIiB0YXJnZXQ9Il9ibGFuayI+CiAgICAgICAgICAgICAgICAgICAgICA8c3BhbiBjbGFzcz0ianRsd3pkX2ZpZ3VyZV9zaG9ydG5hbWUiIHN0eWxlPSJ0ZXh0LWFsaWduOmNlbnRlciI+R2FubmV0PC9zcGFuPgogICAgICAgICAgICAgICAgICAgIDwvYT4KICAgICAgICA8ZGl2IGNsYXNzPSJqdGx3emRfZGVzY3JpcHRpb24tcHJpY2luZy1hY3Rpb25fcGFuZWwiPgogICAgICAgICAgICAgICAgICAgICAgPHNwYW4gY2xhc3M9Imp0bHd6ZF9maWd1cmVfc2hvcnRkZXNjcmlwdGlvbiIgc3R5bGU9InRleHQtYWxpZ246Y2VudGVyIj4yZXIgU2V0IFhYTCBQZmxhbnprJnV1bWw7YmVsIGF1cyBQb2x5c3RvbmU8L3NwYW4+CiAgICAgICAgICAgIAogICAgICAgIDxkaXYgY2xhc3M9Imp0bHd6ZF9wcmljZSI+CiAgICAgICAgICA8c3BhbiBjbGFzcz0ianRsd3pkX3ByaWNlX2xhYmVsIj5WZXJzYW5kcHJlaXMgYWI8L3NwYW4+CiAgICAgICAgICA8c3BhbiBjbGFzcz0ianRsd3pkX3ByaWNlX3RleHQiPjEuMjAwLDAwICZldXJvOzwvc3Bhbj4KICAgICAgICA8L2Rpdj4KCiAgICAgICAgICAgICAgICAgIDxkaXYgY2xhc3M9Imp0bHd6ZF9hY3Rpb24tcGFuZWwiIHN0eWxlPSJ0ZXh0LWFsaWduOiBjZW50ZXIiPgogICAgICAgICAgICA8YSBjbGFzcz0iYnRuIGJ0bi1wcmltYXJ5IiBocmVmPSJodHRwczovL3d3dy5nYXJ0ZW50cmF1bS5kZS8yZXItU2V0LVhYTC1QZmxhbnprdWViZWwtYXVzLVBvbHlzdG9uZS1SdW5kLUdyYXVlLVplbWVudC1PcHRpay1HYW5uZXQ\/cmVmPXd3dy5nYXJ0ZW50cmF1bS5kZSZjYW1wYWlnbj0xMTg4MC0wNCIgcmVsPSIiIHRhcmdldD0iX2JsYW5rIj5KZXR6dCBLYXVmZW48L2E+CiAgICAgICAgICA8L2Rpdj4KICAgICAgICAgICAgICA8L2Rpdj4KCiAgICA8L2ZpZ2NhcHRpb24+CiAgPC9maWd1cmU+CjwvZGl2Pgo=PGRpdiBjbGFzcz0ianRsd3pkX2Nhcm91c2VsLWl0ZW0iPgogIDxmaWd1cmUgY2xhc3M9Imp0bHd6ZF9maWd1cmUiPgogICAgPGEgaHJlZj0iaHR0cHM6Ly93d3cuZ2FydGVudHJhdW0uZGUvR2FydGVuLVBmbGFuenZhc2UtYXVzLUtlcmFtaWstMmVyLVNldC1CbGF1Z3J1ZW4tT2xldG8\/cmVmPXd3dy5nYXJ0ZW50cmF1bS5kZSZjYW1wYWlnbj0xMTg4MC0wNCIgcmVsPSIiIHRhcmdldD0iX2JsYW5rIj4KICAgICAgPHBpY3R1cmU+CiAgPGltZyBsb2FkaW5nPSJsYXp5IiBzcmM9Imh0dHBzOi8vd3d3LmdhcnRlbnRyYXVtLmRlL21lZGlhL2ltYWdlL3Byb2R1Y3QvMjkxODkvbGcvZ2FydGVuLXBmbGFuenZhc2UtYXVzLWtlcmFtaWstMmVyLXNldC1ibGF1Z3J1ZW4tb2xldG8uanBnIiBkYXRhLWVhbj0iNDA1NjAyNjI5NjE1MiIgYWx0PSJPbGV0byIvPgo8L3BpY3R1cmU+CiAgICA8L2E+CgogICAgICAgICAgPGZpZ2NhcHRpb24+CiAgICAgICAgPGEgaHJlZj0iaHR0cHM6Ly93d3cuZ2FydGVudHJhdW0uZGUvR2FydGVuLVBmbGFuenZhc2UtYXVzLUtlcmFtaWstMmVyLVNldC1CbGF1Z3J1ZW4tT2xldG8\/cmVmPXd3dy5nYXJ0ZW50cmF1bS5kZSZjYW1wYWlnbj0xMTg4MC0wNCIgcmVsPSIiIHRhcmdldD0iX2JsYW5rIj4KICAgICAgICAgICAgICAgICAgICAgIDxzcGFuIGNsYXNzPSJqdGx3emRfZmlndXJlX3Nob3J0bmFtZSIgc3R5bGU9InRleHQtYWxpZ246Y2VudGVyIj5PbGV0bzwvc3Bhbj4KICAgICAgICAgICAgICAgICAgICA8L2E+CiAgICAgICAgPGRpdiBjbGFzcz0ianRsd3pkX2Rlc2NyaXB0aW9uLXByaWNpbmctYWN0aW9uX3BhbmVsIj4KICAgICAgICAgICAgICAgICAgICAgIDxzcGFuIGNsYXNzPSJqdGx3emRfZmlndXJlX3Nob3J0ZGVzY3JpcHRpb24iIHN0eWxlPSJ0ZXh0LWFsaWduOmNlbnRlciI+R2FydGVuIFBmbGFuenZhc2UgYXVzIEtlcmFtaWs8L3NwYW4+CiAgICAgICAgICAgIAogICAgICAgIDxkaXYgY2xhc3M9Imp0bHd6ZF9wcmljZSI+CiAgICAgICAgICA8c3BhbiBjbGFzcz0ianRsd3pkX3ByaWNlX2xhYmVsIj5WZXJzYW5kcHJlaXMgYWI8L3NwYW4+CiAgICAgICAgICA8c3BhbiBjbGFzcz0ianRsd3pkX3ByaWNlX3RleHQiPjc3MCwwMCAmZXVybzs8L3NwYW4+CiAgICAgICAgPC9kaXY+CgogICAgICAgICAgICAgICAgICA8ZGl2IGNsYXNzPSJqdGx3emRfYWN0aW9uLXBhbmVsIiBzdHlsZT0idGV4dC1hbGlnbjogY2VudGVyIj4KICAgICAgICAgICAgPGEgY2xhc3M9ImJ0biBidG4tcHJpbWFyeSIgaHJlZj0iaHR0cHM6Ly93d3cuZ2FydGVudHJhdW0uZGUvR2FydGVuLVBmbGFuenZhc2UtYXVzLUtlcmFtaWstMmVyLVNldC1CbGF1Z3J1ZW4tT2xldG8\/cmVmPXd3dy5nYXJ0ZW50cmF1bS5kZSZjYW1wYWlnbj0xMTg4MC0wNCIgcmVsPSIiIHRhcmdldD0iX2JsYW5rIj5KZXR6dCBLYXVmZW48L2E+CiAgICAgICAgICA8L2Rpdj4KICAgICAgICAgICAgICA8L2Rpdj4KCiAgICA8L2ZpZ2NhcHRpb24+CiAgPC9maWd1cmU+CjwvZGl2Pgo=PGRpdiBjbGFzcz0ianRsd3pkX2Nhcm91c2VsLWl0ZW0iPgogIDxmaWd1cmUgY2xhc3M9Imp0bHd6ZF9maWd1cmUiPgogICAgPGEgaHJlZj0iaHR0cHM6Ly93d3cuZ2FydGVudHJhdW0uZGUvUnVuZGUtR2FydGVuLUJsdW1lbmt1ZWJlbC1hdXMtS2VyYW1pay1CbGF1Z3J1ZW4tSW1hdGVybz9yZWY9d3d3LmdhcnRlbnRyYXVtLmRlJmNhbXBhaWduPTExODgwLTA0IiByZWw9IiIgdGFyZ2V0PSJfYmxhbmsiPgogICAgICA8cGljdHVyZT4KICA8aW1nIGxvYWRpbmc9ImxhenkiIHNyYz0iaHR0cHM6Ly93d3cuZ2FydGVudHJhdW0uZGUvbWVkaWEvaW1hZ2UvcHJvZHVjdC8yOTE4Ny9sZy9ydW5kZS1nYXJ0ZW4tYmx1bWVua3VlYmVsLWF1cy1rZXJhbWlrLWJsYXVncnVlbi1pbWF0ZXJvLmpwZyIgZGF0YS1lYW49IjQwNTYwMjYyOTYxMzgiIGFsdD0iSW1hdGVybyIvPgo8L3BpY3R1cmU+CiAgICA8L2E+CgogICAgICAgICAgPGZpZ2NhcHRpb24+CiAgICAgICAgPGEgaHJlZj0iaHR0cHM6Ly93d3cuZ2FydGVudHJhdW0uZGUvUnVuZGUtR2FydGVuLUJsdW1lbmt1ZWJlbC1hdXMtS2VyYW1pay1CbGF1Z3J1ZW4tSW1hdGVybz9yZWY9d3d3LmdhcnRlbnRyYXVtLmRlJmNhbXBhaWduPTExODgwLTA0IiByZWw9IiIgdGFyZ2V0PSJfYmxhbmsiPgogICAgICAgICAgICAgICAgICAgICAgPHNwYW4gY2xhc3M9Imp0bHd6ZF9maWd1cmVfc2hvcnRuYW1lIiBzdHlsZT0idGV4dC1hbGlnbjpjZW50ZXIiPkltYXRlcm88L3NwYW4+CiAgICAgICAgICAgICAgICAgICAgPC9hPgogICAgICAgIDxkaXYgY2xhc3M9Imp0bHd6ZF9kZXNjcmlwdGlvbi1wcmljaW5nLWFjdGlvbl9wYW5lbCI+CiAgICAgICAgICAgICAgICAgICAgICA8c3BhbiBjbGFzcz0ianRsd3pkX2ZpZ3VyZV9zaG9ydGRlc2NyaXB0aW9uIiBzdHlsZT0idGV4dC1hbGlnbjpjZW50ZXIiPkdhcnRlbiBCbHVtZW5rJnV1bWw7YmVsIGF1cyBLZXJhbWlrPC9zcGFuPgogICAgICAgICAgICAKICAgICAgICA8ZGl2IGNsYXNzPSJqdGx3emRfcHJpY2UiPgogICAgICAgICAgPHNwYW4gY2xhc3M9Imp0bHd6ZF9wcmljZV9sYWJlbCI+VmVyc2FuZHByZWlzIGFiPC9zcGFuPgogICAgICAgICAgPHNwYW4gY2xhc3M9Imp0bHd6ZF9wcmljZV90ZXh0Ij4xLjMyMCwwMCAmZXVybzs8L3NwYW4+CiAgICAgICAgPC9kaXY+CgogICAgICAgICAgICAgICAgICA8ZGl2IGNsYXNzPSJqdGx3emRfYWN0aW9uLXBhbmVsIiBzdHlsZT0idGV4dC1hbGlnbjogY2VudGVyIj4KICAgICAgICAgICAgPGEgY2xhc3M9ImJ0biBidG4tcHJpbWFyeSIgaHJlZj0iaHR0cHM6Ly93d3cuZ2FydGVudHJhdW0uZGUvUnVuZGUtR2FydGVuLUJsdW1lbmt1ZWJlbC1hdXMtS2VyYW1pay1CbGF1Z3J1ZW4tSW1hdGVybz9yZWY9d3d3LmdhcnRlbnRyYXVtLmRlJmNhbXBhaWduPTExODgwLTA0IiByZWw9IiIgdGFyZ2V0PSJfYmxhbmsiPkpldHp0IEthdWZlbjwvYT4KICAgICAgICAgIDwvZGl2PgogICAgICAgICAgICAgIDwvZGl2PgoKICAgIDwvZmlnY2FwdGlvbj4KICA8L2ZpZ3VyZT4KPC9kaXY+Cg==  <\/div>\n  <a href=\"#\" class=\"jtlwzd_carousel_control-prev jtli_left-open\"><\/a>\n  <a href=\"#\" class=\"jtlwzd_carousel_control-next jtli_right-open\"><\/a>\n\n  \n<\/div>\n<div class=\"single_button\"><a href=\"https:\/\/www.gartentraum.de\" title=\"Exklusive Gartendekorationen und hochwertige Gartenm\u00f6bel finden Sie hier\" target=\"_blank\">Unser komplettes Sortiment exklusive Gartendeko und hochwertiger Gartenm\u00f6bel finden Sie hier<\/a><\/div>\n<div class=\"rating reference\"><div class=\"inside\"><div class=\"heading\"><p class=\"font\">Wie gef\u00e4llt Ihnen diese Seite?<\/p><\/div><\/div><div id=\"post-ratings-11880\" class=\"post-ratings\" data-nonce=\"5caf46be52\"><div class=\"rating_container\">\r\n                    <div class=\"stars\">\r\n<img decoding=\"async\" id=\"rating_11880_1\" src=\"https:\/\/www.gartentraum.de\/magazin\/wp-content\/plugins\/wp-postratings\/images\/stars_flat_png\/rating_on.png\" alt=\"1 Stern\" title=\"1 Stern\" onmouseover=\"current_rating(11880, 1, '1 Stern');\" onmouseout=\"ratings_off(3.9, 4, 0);\" onclick=\"rate_post();\" onkeypress=\"rate_post();\" style=\"cursor: pointer; border: 0px;\" \/><img decoding=\"async\" id=\"rating_11880_2\" src=\"https:\/\/www.gartentraum.de\/magazin\/wp-content\/plugins\/wp-postratings\/images\/stars_flat_png\/rating_on.png\" alt=\"2 Sterne\" title=\"2 Sterne\" onmouseover=\"current_rating(11880, 2, '2 Sterne');\" onmouseout=\"ratings_off(3.9, 4, 0);\" onclick=\"rate_post();\" onkeypress=\"rate_post();\" style=\"cursor: pointer; border: 0px;\" \/><img decoding=\"async\" id=\"rating_11880_3\" src=\"https:\/\/www.gartentraum.de\/magazin\/wp-content\/plugins\/wp-postratings\/images\/stars_flat_png\/rating_on.png\" alt=\"3 Sterne\" title=\"3 Sterne\" onmouseover=\"current_rating(11880, 3, '3 Sterne');\" onmouseout=\"ratings_off(3.9, 4, 0);\" onclick=\"rate_post();\" onkeypress=\"rate_post();\" style=\"cursor: pointer; border: 0px;\" \/><img decoding=\"async\" id=\"rating_11880_4\" src=\"https:\/\/www.gartentraum.de\/magazin\/wp-content\/plugins\/wp-postratings\/images\/stars_flat_png\/rating_half.png\" alt=\"4 Sterne\" title=\"4 Sterne\" onmouseover=\"current_rating(11880, 4, '4 Sterne');\" onmouseout=\"ratings_off(3.9, 4, 0);\" onclick=\"rate_post();\" onkeypress=\"rate_post();\" style=\"cursor: pointer; border: 0px;\" \/><img decoding=\"async\" id=\"rating_11880_5\" src=\"https:\/\/www.gartentraum.de\/magazin\/wp-content\/plugins\/wp-postratings\/images\/stars_flat_png\/rating_off.png\" alt=\"5 Sterne\" title=\"5 Sterne\" onmouseover=\"current_rating(11880, 5, '5 Sterne');\" onmouseout=\"ratings_off(3.9, 4, 0);\" onclick=\"rate_post();\" onkeypress=\"rate_post();\" style=\"cursor: pointer; border: 0px;\" \/><span>3,86 von  5 Sternen<\/span>\r\n<\/div>\r\n                    \r\n                    <p>Wie gef\u00e4llt Ihnen Gartentraum.de?<br \/>Geben Sie mit einem Klick auf die Sterne Ihre Bewertung ab.<\/p>\r\n                <\/div><\/div><div id=\"post-ratings-11880-loading\" class=\"post-ratings-loading\"><img loading=\"lazy\" decoding=\"async\" src=\"https:\/\/www.gartentraum.de\/magazin\/wp-content\/plugins\/wp-postratings\/images\/loading.gif\" width=\"16\" height=\"16\" class=\"post-ratings-image\" \/>Loading...<\/div><\/div>\n<span id=\"29\"><\/span>\n<div class=\"shariff shariff-align-center shariff-widget-align-center\" style=\"display:none\" data-services=\"facebook%7Cpinterest\" data-url=\"https:\/\/www.gartentraum.de\/magazin\/innenhof-gestalten\/\" data-timestamp=\"1618241608\" data-hidezero=\"1\" data-backendurl=\"https:\/\/www.gartentraum.de\/magazin\/wp-json\/shariff\/v1\/share_counts?\"><div class=\"ShariffHeadline\"><h3 class=\"font\" style=\"margin:40px auto 10px;font-size:24px;text-align:center\">Sei die\/der Erste der diesen Beitrag teilt!<\/h3><\/div><ul class=\"shariff-buttons theme-default orientation-horizontal buttonsize-medium\"><li class=\"shariff-button facebook shariff-nocustomcolor\" style=\"background-color:#4273c8\"><a href=\"https:\/\/www.facebook.com\/sharer\/sharer.php?u=https%3A%2F%2Fwww.gartentraum.de%2Fmagazin%2Finnenhof-gestalten%2F\" title=\"Bei Facebook teilen\" aria-label=\"Bei Facebook teilen\" role=\"button\" rel=\"nofollow\" class=\"shariff-link\" style=\"; background-color:#3b5998; color:#fff\" target=\"_blank\"><span class=\"shariff-icon\" style=\"\"><svg width=\"32px\" height=\"20px\" xmlns=\"http:\/\/www.w3.org\/2000\/svg\" viewBox=\"0 0 18 32\"><path fill=\"#3b5998\" d=\"M17.1 0.2v4.7h-2.8q-1.5 0-2.1 0.6t-0.5 1.9v3.4h5.2l-0.7 5.3h-4.5v13.6h-5.5v-13.6h-4.5v-5.3h4.5v-3.9q0-3.3 1.9-5.2t5-1.8q2.6 0 4.1 0.2z\"\/><\/svg><\/span><span class=\"shariff-text\">teilen<\/span>&nbsp;<span data-service=\"facebook\" style=\"color:#3b5998\" class=\"shariff-count shariff-hidezero\"><\/span>&nbsp;<\/a><\/li><li class=\"shariff-button twitter shariff-nocustomcolor\" style=\"background-color:#595959\"><a href=\"https:\/\/twitter.com\/share?url=https%3A%2F%2Fwww.gartentraum.de%2Fmagazin%2Finnenhof-gestalten%2F&text=Innenhof%20gestalten&via=gartentraum_de\" title=\"Bei X teilen\" aria-label=\"Bei X teilen\" role=\"button\" rel=\"noopener nofollow\" class=\"shariff-link\" style=\"; background-color:#000; color:#fff\" target=\"_blank\"><span class=\"shariff-icon\" style=\"\"><svg width=\"32px\" height=\"20px\" xmlns=\"http:\/\/www.w3.org\/2000\/svg\" viewBox=\"0 0 24 24\"><path fill=\"#000\" d=\"M14.258 10.152L23.176 0h-2.113l-7.747 8.813L7.133 0H0l9.352 13.328L0 23.973h2.113l8.176-9.309 6.531 9.309h7.133zm-2.895 3.293l-.949-1.328L2.875 1.56h3.246l6.086 8.523.945 1.328 7.91 11.078h-3.246zm0 0\"\/><\/svg><\/span><span class=\"shariff-text\">teilen<\/span>&nbsp;<\/a><\/li><li class=\"shariff-button pinterest shariff-nocustomcolor\" style=\"background-color:#e70f18\"><a href=\"https:\/\/www.pinterest.com\/pin\/create\/link\/?url=https%3A%2F%2Fwww.gartentraum.de%2Fmagazin%2Finnenhof-gestalten%2F&media=https%3A%2F%2Fwww.gartentraum.de%2Fmagazin%2Fwp-content%2Fuploads%2F2019%2F07%2Finnenhof_gestalten_beitragsbild.jpg&description=Innenhof%20gestalten\" title=\"Bei Pinterest pinnen\" aria-label=\"Bei Pinterest pinnen\" role=\"button\" rel=\"noopener nofollow\" class=\"shariff-link\" style=\"; background-color:#cb2027; color:#fff\" target=\"_blank\"><span class=\"shariff-icon\" style=\"\"><svg width=\"32px\" height=\"20px\" xmlns=\"http:\/\/www.w3.org\/2000\/svg\" viewBox=\"0 0 27 32\"><path fill=\"#cb2027\" d=\"M27.4 16q0 3.7-1.8 6.9t-5 5-6.9 1.9q-2 0-3.9-0.6 1.1-1.7 1.4-2.9 0.2-0.6 1-3.8 0.4 0.7 1.3 1.2t2 0.5q2.1 0 3.8-1.2t2.7-3.4 0.9-4.8q0-2-1.1-3.8t-3.1-2.9-4.5-1.2q-1.9 0-3.5 0.5t-2.8 1.4-2 2-1.2 2.3-0.4 2.4q0 1.9 0.7 3.3t2.1 2q0.5 0.2 0.7-0.4 0-0.1 0.1-0.5t0.2-0.5q0.1-0.4-0.2-0.8-0.9-1.1-0.9-2.7 0-2.7 1.9-4.6t4.9-2q2.7 0 4.2 1.5t1.5 3.8q0 3-1.2 5.2t-3.1 2.1q-1.1 0-1.7-0.8t-0.4-1.9q0.1-0.6 0.5-1.7t0.5-1.8 0.2-1.4q0-0.9-0.5-1.5t-1.4-0.6q-1.1 0-1.9 1t-0.8 2.6q0 1.3 0.4 2.2l-1.8 7.5q-0.3 1.2-0.2 3.2-3.7-1.6-6-5t-2.3-7.6q0-3.7 1.9-6.9t5-5 6.9-1.9 6.9 1.9 5 5 1.8 6.9z\"\/><\/svg><\/span><span class=\"shariff-text\">merken<\/span>&nbsp;<span data-service=\"pinterest\" style=\"color:#cb2027\" class=\"shariff-count shariff-hidezero\"><\/span>&nbsp;<\/a><\/li><li class=\"shariff-button printer shariff-nocustomcolor\" style=\"background-color:#a8a8a8\"><a href=\"javascript:window.print()\" title=\"drucken\" aria-label=\"drucken\" role=\"button\" rel=\"noopener nofollow\" class=\"shariff-link\" style=\"; background-color:#999; color:#fff\"><span class=\"shariff-icon\" style=\"\"><svg width=\"32px\" height=\"20px\" xmlns=\"http:\/\/www.w3.org\/2000\/svg\" viewBox=\"0 0 30 32\"><path fill=\"#999\" d=\"M6.8 27.4h16v-4.6h-16v4.6zM6.8 16h16v-6.8h-2.8q-0.7 0-1.2-0.5t-0.5-1.2v-2.8h-11.4v11.4zM27.4 17.2q0-0.5-0.3-0.8t-0.8-0.4-0.8 0.4-0.3 0.8 0.3 0.8 0.8 0.3 0.8-0.3 0.3-0.8zM29.7 17.2v7.4q0 0.2-0.2 0.4t-0.4 0.2h-4v2.8q0 0.7-0.5 1.2t-1.2 0.5h-17.2q-0.7 0-1.2-0.5t-0.5-1.2v-2.8h-4q-0.2 0-0.4-0.2t-0.2-0.4v-7.4q0-1.4 1-2.4t2.4-1h1.2v-9.7q0-0.7 0.5-1.2t1.2-0.5h12q0.7 0 1.6 0.4t1.3 0.8l2.7 2.7q0.5 0.5 0.9 1.4t0.4 1.6v4.6h1.1q1.4 0 2.4 1t1 2.4z\"\/><\/svg><\/span><span class=\"shariff-text\">drucken<\/span>&nbsp;<\/a><\/li><li class=\"shariff-button info shariff-nocustomcolor\" style=\"background-color:#eee\"><a href=\"http:\/\/ct.de\/-2467514\" title=\"Weitere Informationen\" aria-label=\"Weitere Informationen\" role=\"button\" rel=\"noopener \" class=\"shariff-link\" style=\"; background-color:#fff; color:#fff\" target=\"_blank\"><span class=\"shariff-icon\" style=\"\"><svg width=\"32px\" height=\"20px\" xmlns=\"http:\/\/www.w3.org\/2000\/svg\" viewBox=\"0 0 11 32\"><path fill=\"#999\" d=\"M11.4 24v2.3q0 0.5-0.3 0.8t-0.8 0.4h-9.1q-0.5 0-0.8-0.4t-0.4-0.8v-2.3q0-0.5 0.4-0.8t0.8-0.4h1.1v-6.8h-1.1q-0.5 0-0.8-0.4t-0.4-0.8v-2.3q0-0.5 0.4-0.8t0.8-0.4h6.8q0.5 0 0.8 0.4t0.4 0.8v10.3h1.1q0.5 0 0.8 0.4t0.3 0.8zM9.2 3.4v3.4q0 0.5-0.4 0.8t-0.8 0.4h-4.6q-0.4 0-0.8-0.4t-0.4-0.8v-3.4q0-0.4 0.4-0.8t0.8-0.4h4.6q0.5 0 0.8 0.4t0.4 0.8z\"\/><\/svg><\/span><\/a><\/li><\/ul><\/div>","protected":false},"excerpt":{"rendered":"<p>Der Innenhof ist zwar kein Garten, dennoch l\u00e4sst er sich mit einigen Tipps und Ideen fast zu einem gestalten. Bei uns erfahren Sie wie&#8230;<\/p>\n","protected":false},"author":14,"featured_media":11933,"comment_status":"open","ping_status":"open","sticky":false,"template":"","format":"standard","meta":{"_acf_changed":false,"footnotes":""},"categories":[3],"tags":[197,734,735,323,357],"class_list":["post-11880","post","type-post","status-publish","format-standard","has-post-thumbnail","hentry","category-inspiration","tag-gartengestaltung","tag-innenhof","tag-innenhof-gestalten","tag-kleiner-garten","tag-mediterrane-gartengestaltung"],"acf":[],"yoast_head":"<!-- This site is optimized with the Yoast SEO plugin v27.1.1 - https:\/\/yoast.com\/product\/yoast-seo-wordpress\/ -->\n<title>Innenhof gestalten - 30 Beispiele &amp; Ideen<\/title>\n<meta name=\"description\" content=\"Sie m\u00f6chten Ihren kleinen \u273f Innenhof ansprechend gestalten? Hier finden viele sch\u00f6ne Bilder &amp; Ideen wie Sie auch schattige Pl\u00e4tze pflegeleicht anlegen k\u00f6nnen.\" \/>\n<meta name=\"robots\" content=\"index, follow, max-snippet:-1, max-image-preview:large, max-video-preview:-1\" \/>\n<link rel=\"canonical\" href=\"https:\/\/www.gartentraum.de\/magazin\/innenhof-gestalten\/\" \/>\n<meta property=\"og:locale\" content=\"de_DE\" \/>\n<meta property=\"og:type\" content=\"article\" \/>\n<meta property=\"og:title\" content=\"Innenhof gestalten - 30 Beispiele &amp; Ideen\" \/>\n<meta property=\"og:description\" content=\"Sie m\u00f6chten Ihren kleinen \u273f Innenhof ansprechend gestalten? Hier finden viele sch\u00f6ne Bilder &amp; Ideen wie Sie auch schattige Pl\u00e4tze pflegeleicht anlegen k\u00f6nnen.\" \/>\n<meta property=\"og:url\" content=\"https:\/\/www.gartentraum.de\/magazin\/innenhof-gestalten\/\" \/>\n<meta property=\"og:site_name\" content=\"Gartentraum.de\" \/>\n<meta property=\"article:publisher\" content=\"https:\/\/www.facebook.com\/gartentraum.de\" \/>\n<meta property=\"article:published_time\" content=\"2019-07-12T08:00:48+00:00\" \/>\n<meta property=\"article:modified_time\" content=\"2021-04-12T14:33:28+00:00\" \/>\n<meta property=\"og:image\" content=\"https:\/\/www.gartentraum.de\/magazin\/wp-content\/uploads\/2019\/07\/innenhof_gestalten_beitragsbild.jpg\" \/>\n\t<meta property=\"og:image:width\" content=\"1200\" \/>\n\t<meta property=\"og:image:height\" content=\"900\" \/>\n\t<meta property=\"og:image:type\" content=\"image\/jpeg\" \/>\n<meta name=\"author\" content=\"Marian\" \/>\n<meta name=\"twitter:card\" content=\"summary_large_image\" \/>\n<meta name=\"twitter:creator\" content=\"@gartentraum_de\" \/>\n<meta name=\"twitter:site\" content=\"@gartentraum_de\" \/>\n<meta name=\"twitter:label1\" content=\"Verfasst von\" \/>\n\t<meta name=\"twitter:data1\" content=\"Marian\" \/>\n\t<meta name=\"twitter:label2\" content=\"Gesch\u00e4tzte Lesezeit\" \/>\n\t<meta name=\"twitter:data2\" content=\"18\u00a0Minuten\" \/>\n<script type=\"application\/ld+json\" class=\"yoast-schema-graph\">{\"@context\":\"https:\/\/schema.org\",\"@graph\":[{\"@type\":\"Article\",\"@id\":\"https:\/\/www.gartentraum.de\/magazin\/innenhof-gestalten\/#article\",\"isPartOf\":{\"@id\":\"https:\/\/www.gartentraum.de\/magazin\/innenhof-gestalten\/\"},\"author\":{\"name\":\"Marian\",\"@id\":\"https:\/\/www.gartentraum.de\/magazin\/#\/schema\/person\/21f74a6f043605dfd9e2aafc8bb6b4bf\"},\"headline\":\"Innenhof gestalten\",\"datePublished\":\"2019-07-12T08:00:48+00:00\",\"dateModified\":\"2021-04-12T14:33:28+00:00\",\"mainEntityOfPage\":{\"@id\":\"https:\/\/www.gartentraum.de\/magazin\/innenhof-gestalten\/\"},\"wordCount\":4216,\"commentCount\":0,\"image\":{\"@id\":\"https:\/\/www.gartentraum.de\/magazin\/innenhof-gestalten\/#primaryimage\"},\"thumbnailUrl\":\"https:\/\/www.gartentraum.de\/magazin\/wp-content\/uploads\/2019\/07\/innenhof_gestalten_beitragsbild.jpg\",\"keywords\":[\"Gartengestaltung\",\"Innenhof\",\"Innenhof gestalten\",\"kleiner Garten\",\"Mediterrane Gartengestaltung\"],\"articleSection\":[\"Inspiration\"],\"inLanguage\":\"de\",\"potentialAction\":[{\"@type\":\"CommentAction\",\"name\":\"Comment\",\"target\":[\"https:\/\/www.gartentraum.de\/magazin\/innenhof-gestalten\/#respond\"]}]},{\"@type\":\"WebPage\",\"@id\":\"https:\/\/www.gartentraum.de\/magazin\/innenhof-gestalten\/\",\"url\":\"https:\/\/www.gartentraum.de\/magazin\/innenhof-gestalten\/\",\"name\":\"Innenhof gestalten - 30 Beispiele & Ideen\",\"isPartOf\":{\"@id\":\"https:\/\/www.gartentraum.de\/magazin\/#website\"},\"primaryImageOfPage\":{\"@id\":\"https:\/\/www.gartentraum.de\/magazin\/innenhof-gestalten\/#primaryimage\"},\"image\":{\"@id\":\"https:\/\/www.gartentraum.de\/magazin\/innenhof-gestalten\/#primaryimage\"},\"thumbnailUrl\":\"https:\/\/www.gartentraum.de\/magazin\/wp-content\/uploads\/2019\/07\/innenhof_gestalten_beitragsbild.jpg\",\"datePublished\":\"2019-07-12T08:00:48+00:00\",\"dateModified\":\"2021-04-12T14:33:28+00:00\",\"author\":{\"@id\":\"https:\/\/www.gartentraum.de\/magazin\/#\/schema\/person\/21f74a6f043605dfd9e2aafc8bb6b4bf\"},\"description\":\"Sie m\u00f6chten Ihren kleinen \u273f Innenhof ansprechend gestalten? Hier finden viele sch\u00f6ne Bilder & Ideen wie Sie auch schattige Pl\u00e4tze pflegeleicht anlegen k\u00f6nnen.\",\"breadcrumb\":{\"@id\":\"https:\/\/www.gartentraum.de\/magazin\/innenhof-gestalten\/#breadcrumb\"},\"inLanguage\":\"de\",\"potentialAction\":[{\"@type\":\"ReadAction\",\"target\":[\"https:\/\/www.gartentraum.de\/magazin\/innenhof-gestalten\/\"]}]},{\"@type\":\"ImageObject\",\"inLanguage\":\"de\",\"@id\":\"https:\/\/www.gartentraum.de\/magazin\/innenhof-gestalten\/#primaryimage\",\"url\":\"https:\/\/www.gartentraum.de\/magazin\/wp-content\/uploads\/2019\/07\/innenhof_gestalten_beitragsbild.jpg\",\"contentUrl\":\"https:\/\/www.gartentraum.de\/magazin\/wp-content\/uploads\/2019\/07\/innenhof_gestalten_beitragsbild.jpg\",\"width\":\"1200\",\"height\":\"900\",\"caption\":\"innenhof_gestalten_beitragsbild\"},{\"@type\":\"BreadcrumbList\",\"@id\":\"https:\/\/www.gartentraum.de\/magazin\/innenhof-gestalten\/#breadcrumb\",\"itemListElement\":[{\"@type\":\"ListItem\",\"position\":1,\"name\":\"Startseite\",\"item\":\"https:\/\/www.gartentraum.de\/magazin\/\"},{\"@type\":\"ListItem\",\"position\":2,\"name\":\"Innenhof gestalten\"}]},{\"@type\":\"WebSite\",\"@id\":\"https:\/\/www.gartentraum.de\/magazin\/#website\",\"url\":\"https:\/\/www.gartentraum.de\/magazin\/\",\"name\":\"Gartentraum.de\",\"description\":\"Leidenschaft f\u00fcr einzigartige Au\u00dfengestaltung\",\"potentialAction\":[{\"@type\":\"SearchAction\",\"target\":{\"@type\":\"EntryPoint\",\"urlTemplate\":\"https:\/\/www.gartentraum.de\/magazin\/?s={search_term_string}\"},\"query-input\":{\"@type\":\"PropertyValueSpecification\",\"valueRequired\":true,\"valueName\":\"search_term_string\"}}],\"inLanguage\":\"de\"},{\"@type\":\"Person\",\"@id\":\"https:\/\/www.gartentraum.de\/magazin\/#\/schema\/person\/21f74a6f043605dfd9e2aafc8bb6b4bf\",\"name\":\"Marian\",\"image\":{\"@type\":\"ImageObject\",\"inLanguage\":\"de\",\"@id\":\"https:\/\/www.gartentraum.de\/magazin\/#\/schema\/person\/image\/\",\"url\":\"https:\/\/secure.gravatar.com\/avatar\/cca61fd9b893a8390465d36115f902ccb593d3b6fccf5b26573f98a96e5d000c?s=96&d=mm&r=g\",\"contentUrl\":\"https:\/\/secure.gravatar.com\/avatar\/cca61fd9b893a8390465d36115f902ccb593d3b6fccf5b26573f98a96e5d000c?s=96&d=mm&r=g\",\"caption\":\"Marian\"},\"url\":\"https:\/\/www.gartentraum.de\/magazin\/author\/marian-freundgartentraum-de\/\"}]}<\/script>\n<!-- \/ Yoast SEO plugin. -->","yoast_head_json":{"title":"Innenhof gestalten - 30 Beispiele & Ideen","description":"Sie m\u00f6chten Ihren kleinen \u273f Innenhof ansprechend gestalten? Hier finden viele sch\u00f6ne Bilder & Ideen wie Sie auch schattige Pl\u00e4tze pflegeleicht anlegen k\u00f6nnen.","robots":{"index":"index","follow":"follow","max-snippet":"max-snippet:-1","max-image-preview":"max-image-preview:large","max-video-preview":"max-video-preview:-1"},"canonical":"https:\/\/www.gartentraum.de\/magazin\/innenhof-gestalten\/","og_locale":"de_DE","og_type":"article","og_title":"Innenhof gestalten - 30 Beispiele & Ideen","og_description":"Sie m\u00f6chten Ihren kleinen \u273f Innenhof ansprechend gestalten? Hier finden viele sch\u00f6ne Bilder & Ideen wie Sie auch schattige Pl\u00e4tze pflegeleicht anlegen k\u00f6nnen.","og_url":"https:\/\/www.gartentraum.de\/magazin\/innenhof-gestalten\/","og_site_name":"Gartentraum.de","article_publisher":"https:\/\/www.facebook.com\/gartentraum.de","article_published_time":"2019-07-12T08:00:48+00:00","article_modified_time":"2021-04-12T14:33:28+00:00","og_image":[{"width":1200,"height":900,"url":"https:\/\/www.gartentraum.de\/magazin\/wp-content\/uploads\/2019\/07\/innenhof_gestalten_beitragsbild.jpg","type":"image\/jpeg"}],"author":"Marian","twitter_card":"summary_large_image","twitter_creator":"@gartentraum_de","twitter_site":"@gartentraum_de","twitter_misc":{"Verfasst von":"Marian","Gesch\u00e4tzte Lesezeit":"18\u00a0Minuten"},"schema":{"@context":"https:\/\/schema.org","@graph":[{"@type":"Article","@id":"https:\/\/www.gartentraum.de\/magazin\/innenhof-gestalten\/#article","isPartOf":{"@id":"https:\/\/www.gartentraum.de\/magazin\/innenhof-gestalten\/"},"author":{"name":"Marian","@id":"https:\/\/www.gartentraum.de\/magazin\/#\/schema\/person\/21f74a6f043605dfd9e2aafc8bb6b4bf"},"headline":"Innenhof gestalten","datePublished":"2019-07-12T08:00:48+00:00","dateModified":"2021-04-12T14:33:28+00:00","mainEntityOfPage":{"@id":"https:\/\/www.gartentraum.de\/magazin\/innenhof-gestalten\/"},"wordCount":4216,"commentCount":0,"image":{"@id":"https:\/\/www.gartentraum.de\/magazin\/innenhof-gestalten\/#primaryimage"},"thumbnailUrl":"https:\/\/www.gartentraum.de\/magazin\/wp-content\/uploads\/2019\/07\/innenhof_gestalten_beitragsbild.jpg","keywords":["Gartengestaltung","Innenhof","Innenhof gestalten","kleiner Garten","Mediterrane Gartengestaltung"],"articleSection":["Inspiration"],"inLanguage":"de","potentialAction":[{"@type":"CommentAction","name":"Comment","target":["https:\/\/www.gartentraum.de\/magazin\/innenhof-gestalten\/#respond"]}]},{"@type":"WebPage","@id":"https:\/\/www.gartentraum.de\/magazin\/innenhof-gestalten\/","url":"https:\/\/www.gartentraum.de\/magazin\/innenhof-gestalten\/","name":"Innenhof gestalten - 30 Beispiele & Ideen","isPartOf":{"@id":"https:\/\/www.gartentraum.de\/magazin\/#website"},"primaryImageOfPage":{"@id":"https:\/\/www.gartentraum.de\/magazin\/innenhof-gestalten\/#primaryimage"},"image":{"@id":"https:\/\/www.gartentraum.de\/magazin\/innenhof-gestalten\/#primaryimage"},"thumbnailUrl":"https:\/\/www.gartentraum.de\/magazin\/wp-content\/uploads\/2019\/07\/innenhof_gestalten_beitragsbild.jpg","datePublished":"2019-07-12T08:00:48+00:00","dateModified":"2021-04-12T14:33:28+00:00","author":{"@id":"https:\/\/www.gartentraum.de\/magazin\/#\/schema\/person\/21f74a6f043605dfd9e2aafc8bb6b4bf"},"description":"Sie m\u00f6chten Ihren kleinen \u273f Innenhof ansprechend gestalten? Hier finden viele sch\u00f6ne Bilder & Ideen wie Sie auch schattige Pl\u00e4tze pflegeleicht anlegen k\u00f6nnen.","breadcrumb":{"@id":"https:\/\/www.gartentraum.de\/magazin\/innenhof-gestalten\/#breadcrumb"},"inLanguage":"de","potentialAction":[{"@type":"ReadAction","target":["https:\/\/www.gartentraum.de\/magazin\/innenhof-gestalten\/"]}]},{"@type":"ImageObject","inLanguage":"de","@id":"https:\/\/www.gartentraum.de\/magazin\/innenhof-gestalten\/#primaryimage","url":"https:\/\/www.gartentraum.de\/magazin\/wp-content\/uploads\/2019\/07\/innenhof_gestalten_beitragsbild.jpg","contentUrl":"https:\/\/www.gartentraum.de\/magazin\/wp-content\/uploads\/2019\/07\/innenhof_gestalten_beitragsbild.jpg","width":"1200","height":"900","caption":"innenhof_gestalten_beitragsbild"},{"@type":"BreadcrumbList","@id":"https:\/\/www.gartentraum.de\/magazin\/innenhof-gestalten\/#breadcrumb","itemListElement":[{"@type":"ListItem","position":1,"name":"Startseite","item":"https:\/\/www.gartentraum.de\/magazin\/"},{"@type":"ListItem","position":2,"name":"Innenhof gestalten"}]},{"@type":"WebSite","@id":"https:\/\/www.gartentraum.de\/magazin\/#website","url":"https:\/\/www.gartentraum.de\/magazin\/","name":"Gartentraum.de","description":"Leidenschaft f\u00fcr einzigartige Au\u00dfengestaltung","potentialAction":[{"@type":"SearchAction","target":{"@type":"EntryPoint","urlTemplate":"https:\/\/www.gartentraum.de\/magazin\/?s={search_term_string}"},"query-input":{"@type":"PropertyValueSpecification","valueRequired":true,"valueName":"search_term_string"}}],"inLanguage":"de"},{"@type":"Person","@id":"https:\/\/www.gartentraum.de\/magazin\/#\/schema\/person\/21f74a6f043605dfd9e2aafc8bb6b4bf","name":"Marian","image":{"@type":"ImageObject","inLanguage":"de","@id":"https:\/\/www.gartentraum.de\/magazin\/#\/schema\/person\/image\/","url":"https:\/\/secure.gravatar.com\/avatar\/cca61fd9b893a8390465d36115f902ccb593d3b6fccf5b26573f98a96e5d000c?s=96&d=mm&r=g","contentUrl":"https:\/\/secure.gravatar.com\/avatar\/cca61fd9b893a8390465d36115f902ccb593d3b6fccf5b26573f98a96e5d000c?s=96&d=mm&r=g","caption":"Marian"},"url":"https:\/\/www.gartentraum.de\/magazin\/author\/marian-freundgartentraum-de\/"}]}},"_links":{"self":[{"href":"https:\/\/www.gartentraum.de\/magazin\/wp-json\/wp\/v2\/posts\/11880","targetHints":{"allow":["GET"]}}],"collection":[{"href":"https:\/\/www.gartentraum.de\/magazin\/wp-json\/wp\/v2\/posts"}],"about":[{"href":"https:\/\/www.gartentraum.de\/magazin\/wp-json\/wp\/v2\/types\/post"}],"author":[{"embeddable":true,"href":"https:\/\/www.gartentraum.de\/magazin\/wp-json\/wp\/v2\/users\/14"}],"replies":[{"embeddable":true,"href":"https:\/\/www.gartentraum.de\/magazin\/wp-json\/wp\/v2\/comments?post=11880"}],"version-history":[{"count":47,"href":"https:\/\/www.gartentraum.de\/magazin\/wp-json\/wp\/v2\/posts\/11880\/revisions"}],"predecessor-version":[{"id":24788,"href":"https:\/\/www.gartentraum.de\/magazin\/wp-json\/wp\/v2\/posts\/11880\/revisions\/24788"}],"wp:featuredmedia":[{"embeddable":true,"href":"https:\/\/www.gartentraum.de\/magazin\/wp-json\/wp\/v2\/media\/11933"}],"wp:attachment":[{"href":"https:\/\/www.gartentraum.de\/magazin\/wp-json\/wp\/v2\/media?parent=11880"}],"wp:term":[{"taxonomy":"category","embeddable":true,"href":"https:\/\/www.gartentraum.de\/magazin\/wp-json\/wp\/v2\/categories?post=11880"},{"taxonomy":"post_tag","embeddable":true,"href":"https:\/\/www.gartentraum.de\/magazin\/wp-json\/wp\/v2\/tags?post=11880"}],"curies":[{"name":"wp","href":"https:\/\/api.w.org\/{rel}","templated":true}]}}