{"id":30929,"date":"2022-03-02T13:41:13","date_gmt":"2022-03-02T12:41:13","guid":{"rendered":"https:\/\/www.gartentraum.de\/magazin\/?p=30929"},"modified":"2026-03-21T07:51:04","modified_gmt":"2026-03-21T06:51:04","slug":"bundesgartenschau-und-landesgartenschauen-finden","status":"publish","type":"post","link":"https:\/\/www.gartentraum.de\/magazin\/bundesgartenschau-und-landesgartenschauen-finden\/","title":{"rendered":"Bundesgartenschau (BUGA 2023) &#038; alle Landesgartenschauen 2022 &#038; 2023 im \u00dcberblick"},"content":{"rendered":"<div class=\"teaserbox\"><div class=\"teaserboxLeft\"><p><\/p>\n<p><strong>Das erwartet Sie in diesem Artikel:<\/strong><\/p>\n<ul>\n<li>Kalender: BUGA &amp; LAGAS 2022\/2023<\/li>\n<li>Infos zur BUGA 2023 in Mannheim<\/li>\n<li>Aktuelles zu allen Gartenschauen<\/li>\n<\/ul>\n<p><strong>Wichtige Termine 2022:<\/strong><\/p>\n<ul>\n<li>14.04. &#8211; 08.10.2023: BUGA Mannheim<\/li>\n<li>22.04. &#8211; 03.10.2022: LAGA Neuenburg am Rhein<\/li>\n<li>14.4. &#8211; 31.10.2022: LAGA Beelitz<\/li>\n<li>23.04. &#8211;\u00a0 09.10.2022: LAGA Torgau<\/li>\n<\/ul>\n<p><\/p><\/div><div class=\"teaserboxRight\"><img decoding=\"async\" loading=\"lazy\" width=\"400\" height=\"400\" src=\"https:\/\/www.gartentraum.de\/magazin\/wp-content\/uploads\/2021\/11\/buga-laga-schmetterlinge-bepflanzt-400x400.jpg\" title=\"Bundesgartenschau (BUGA 2023) &#038; alle Landesgartenschauen 2022 &#038; 2023 im \u00dcberblick\"\/> <\/div><\/div>\n<p>Und schon kann es losgehen. Finden Sie bei uns alle Informationen, um keine Gartenschau mehr zu verpassen!<\/p>\n<p>&nbsp;<\/p>\n<span id=\"1\"><\/span>\n<h2 class=\"h2Special\">Kalender der Landesgartenschauen 2022<\/h2>\n<p>&nbsp;<\/p>\n<p>Da kommen Blumenliebhaber ganz auf ihre Kosten. Landes- und Bundesgartenschauen bieten Besuchern nicht nur eine Auszeit vom hektischen Alltag, sondern liefern vor allen Dingen eine Menge <a title=\"Gartenideen &amp; Inspirationen f\u00fcr die kreative Gartengestaltung\" href=\"https:\/\/www.gartentraum.de\/magazin\/gartenideen-finden\/\" rel=\"\">Inspiration und kreative Anregungen<\/a> f\u00fcr das eigene, heimische Gr\u00fcn. Dabei stehen neben vielf\u00e4ltigen Beeten und Themeng\u00e4rten selbstredend auch Veranstaltungen, Bildungsprogramme sowie Erlebnis-Orte im Vordergrund. Im Gegensatz zu den j\u00e4hrlich stattfindenden Landesgartenschauen werden Bundesgartenschauen <em>durchschnittlich<\/em> alle 2 Jahre abgehalten. Wir haben Ihnen im Folgenden die anstehenden LAGAs f\u00fcr das Jahr 2022 zusammengestellt.<\/p>\n<p>&nbsp;<\/p>\n<p><img loading=\"lazy\" decoding=\"async\" class=\"aligncenter wp-image-31432\" src=\"https:\/\/www.gartentraum.de\/magazin\/wp-content\/uploads\/2022\/03\/buga-laga-grafik-kalender-2022.png\" alt=\"Kalender der Gartenschauen 2022\" width=\"700\" height=\"234\" srcset=\"https:\/\/www.gartentraum.de\/magazin\/wp-content\/uploads\/2022\/03\/buga-laga-grafik-kalender-2022.png 1376w, https:\/\/www.gartentraum.de\/magazin\/wp-content\/uploads\/2022\/03\/buga-laga-grafik-kalender-2022-300x100.png 300w, https:\/\/www.gartentraum.de\/magazin\/wp-content\/uploads\/2022\/03\/buga-laga-grafik-kalender-2022-1070x358.png 1070w, https:\/\/www.gartentraum.de\/magazin\/wp-content\/uploads\/2022\/03\/buga-laga-grafik-kalender-2022-768x257.png 768w, https:\/\/www.gartentraum.de\/magazin\/wp-content\/uploads\/2022\/03\/buga-laga-grafik-kalender-2022-350x117.png 350w, https:\/\/www.gartentraum.de\/magazin\/wp-content\/uploads\/2022\/03\/buga-laga-grafik-kalender-2022-1024x344.png 1024w, https:\/\/www.gartentraum.de\/magazin\/wp-content\/uploads\/2022\/03\/buga-laga-grafik-kalender-2022-150x50.png 150w, https:\/\/www.gartentraum.de\/magazin\/wp-content\/uploads\/2022\/03\/buga-laga-grafik-kalender-2022-430x144.png 430w\" sizes=\"auto, (max-width: 700px) 100vw, 700px\" \/><\/p>\n<div class=\"teaserbox\"><div class=\"teaserboxLeft\"><p><\/p>\n<p><strong>Schon gewusst?<\/strong><\/p>\n<p>&nbsp;<\/p>\n<p>Gartentraum ist stolzer Partner der LAGA Beelitz 2022! Es gibt viele unserer Dekorationen in der Ausstellung zu entdecken:<\/p>\n<ul>\n<li><a title=\"Tierfiguren online entdecken\" href=\"https:\/\/www.gartentraum.de\/Tierskulpturen\" target=\"_blank\" rel=\"noopener\">Tierfiguren<\/a><\/li>\n<li><a title=\"Rostskulpturen bei Gartentraum kaufen\" href=\"https:\/\/www.gartentraum.de\/Skulpturen__Rost\" target=\"_blank\" rel=\"noopener\">Rost-Skulpturen<\/a><\/li>\n<li><a title=\"S\u00e4ulenpavillon bei Gartentraum kaufen\" href=\"https:\/\/www.gartentraum.de\/Saeulenpavillons\" target=\"_blank\" rel=\"noopener\">S\u00e4ulenpavillon<\/a><\/li>\n<li>Und vieles mehr!<\/li>\n<\/ul>\n<p><\/p><\/div><div class=\"teaserboxRight\"><img decoding=\"async\" loading=\"lazy\" width=\"400\" height=\"400\" src=\"https:\/\/www.gartentraum.de\/magazin\/wp-content\/uploads\/2021\/11\/laga-beelitz-logo-bild-400x400.jpg\" title=\"Bundesgartenschau (BUGA 2023) &#038; alle Landesgartenschauen 2022 &#038; 2023 im \u00dcberblick\"\/> <\/div><\/div>\n<p>&nbsp;<\/p>\n<span id=\"2\"><\/span>\n<h2 class=\"h2Special\">Kalender der Bundes- &amp; Landesgartenschauen 2023<\/h2>\n<p>&nbsp;<\/p>\n<p>Sie m\u00f6chten bereits f\u00fcr die Zukunft planen? Dann finden Sie alle wesentlichen Fakten und Daten zur Bundes- und Landesgartenschau 2023 in unserer kontinuierlich aktualisierten Tabelle. Hier k\u00f6nnen Sie nachlesen, welche Stadt in Ihrer N\u00e4he demn\u00e4chst eine <a title=\"Top-20 Gartenblumen f\u00fcr Fr\u00fchling, Sommer, Herbst &amp; Winter - Bilder\" href=\"https:\/\/www.gartentraum.de\/magazin\/top-gartenblumen\/\" rel=\"\">blumige<\/a> Ausstellung zeigen wird.<\/p>\n<p>&nbsp;<\/p>\n<p><img loading=\"lazy\" decoding=\"async\" class=\"aligncenter wp-image-31433\" src=\"https:\/\/www.gartentraum.de\/magazin\/wp-content\/uploads\/2022\/03\/buga-laga-grafik-kalender-2023.png\" alt=\"Kalender der Gartenschauen 2023\" width=\"700\" height=\"440\" srcset=\"https:\/\/www.gartentraum.de\/magazin\/wp-content\/uploads\/2022\/03\/buga-laga-grafik-kalender-2023.png 1374w, https:\/\/www.gartentraum.de\/magazin\/wp-content\/uploads\/2022\/03\/buga-laga-grafik-kalender-2023-300x189.png 300w, https:\/\/www.gartentraum.de\/magazin\/wp-content\/uploads\/2022\/03\/buga-laga-grafik-kalender-2023-1070x673.png 1070w, https:\/\/www.gartentraum.de\/magazin\/wp-content\/uploads\/2022\/03\/buga-laga-grafik-kalender-2023-768x483.png 768w, https:\/\/www.gartentraum.de\/magazin\/wp-content\/uploads\/2022\/03\/buga-laga-grafik-kalender-2023-320x200.png 320w, https:\/\/www.gartentraum.de\/magazin\/wp-content\/uploads\/2022\/03\/buga-laga-grafik-kalender-2023-430x270.png 430w, https:\/\/www.gartentraum.de\/magazin\/wp-content\/uploads\/2022\/03\/buga-laga-grafik-kalender-2023-490x308.png 490w, https:\/\/www.gartentraum.de\/magazin\/wp-content\/uploads\/2022\/03\/buga-laga-grafik-kalender-2023-350x220.png 350w, https:\/\/www.gartentraum.de\/magazin\/wp-content\/uploads\/2022\/03\/buga-laga-grafik-kalender-2023-80x50.png 80w\" sizes=\"auto, (max-width: 700px) 100vw, 700px\" \/><\/p>\n<p>&nbsp;<\/p>\n<p><div class=\"spruchbox\"><p><strong>BUGA-Highlights kommender Jahre<\/strong><\/p>\n<p>&nbsp;<\/p>\n<ul>\n<li><strong>2025:<\/strong> Rostock wird Austragungsort der Bundesgartenschau 2025.<\/li>\n<li><strong>2027:<\/strong> Dar\u00fcber hinaus werden erste Gedanken f\u00fcr die Internationale Gartenbauaustellung 2027 im Ruhrgebiet laut.<\/li>\n<li><strong>2029:<\/strong> Die BUGA 2029 ist letztlich f\u00fcr das Weltkulturerbe Oberes Mittelrheintal geplant, von Bingen\/R\u00fcdesheim bis nach Koblenz.<\/p><\/div><\/li>\n<\/ul>\n<p>&nbsp;<\/p>\n<span id=\"3\"><\/span>\n<div class=\"h2_h3_comby\"><h2 class=\"font\">Infos zur Bundesgartenschau 2023 in Mannheim (BUGA Mannheim 2023)<\/h2><div class=\"line\"><\/div><p class=\"fakeH3\">Was gibt es zum Besuch der BUGA 2023 zu wissen?<\/p><\/div>\n<p>Die Bundesgartenschau, kurz BUGA genannt, findet in Deutschland im Schnitt alle zwei Jahre statt. Die Austragungsorte variieren dabei und werden durch Ausschreibungen ermittelt. F\u00fcr die kommende Bundesgartenschau im Jahr 2023 wird die Stadt Mannheim in Baden-W\u00fcrttemberg Repr\u00e4sentant der <a title=\"TOP-10 immergr\u00fcne Pflanzen (Hecke, Str\u00e4ucher, B\u00e4ume) - winterhart, schnellwachsend, ungiftig &amp; Co.\" href=\"https:\/\/www.gartentraum.de\/magazin\/top10-immergruene-pflanzen\/\" rel=\"\">gr\u00fcnen Pracht<\/a> sein. Alle wesentlichen Eckdaten zu Ticket-Shop &amp; Eintrittspreisen, \u00d6ffnungszeiten, Anfahrt, aber auch Maskottchen erfahren Sie im Folgenden.<\/p>\n<p>&nbsp;<\/p>\n<span id=\"4\"><\/span>\n<h3>BUGA 23 Ticket-Shop &amp; Preise<\/h3>\n<p>Mit Blick auf zuk\u00fcnftige Veranstaltungsplanungen und entsprechenden Ticket- sowie Eintrittspreisen halten sich die Organisatoren f\u00fcr die Bundesgartenschau 2023 vorerst zur\u00fcck. Gartentraum wird Sie jedoch auf dem Laufenden halten, sobald es Neuerungen hinsichtlich der Eintrittskosten geben sollte.<\/p>\n<p>&nbsp;<\/p>\n<span id=\"5\"><\/span>\n<h3>\u00d6ffnungszeiten der Bundesgartenschau 2023<\/h3>\n<p>Die \u00d6ffnungszeiten f\u00fcr die BUGA 23 bewegen sich in erster Linie im Rahmen von 09:00 \u2013 16:00 Uhr. Zu beachten sei dabei, dass sich in diesem Zeitraum einige Veranstaltungen an den unterschiedlichen Witterungsumst\u00e4nden im <a title=\"Garten im Fr\u00fchling vorbereiten \/ gestalten - Dekoideen &amp; Pflanztipps f\u00fcrs neue Gartenjahr\" href=\"https:\/\/www.gartentraum.de\/magazin\/garten-fruehling\/\" rel=\"\">Fr\u00fchling<\/a>, Sommer und Herbst orientieren. Welches aufsehenerregende Programm auf Sie wartet, das verraten wir Ihnen im Folgenden.<\/p>\n<blockquote><p>\u00d6ffnet eine neue Bundesgartenschau\u00a0 ihre Pforten, beginnen wundervolle Monate, in denen Besucher aus dem Alltag in den Naturraum entfliehen k\u00f6nnen.<\/p><\/blockquote>\n<span id=\"6\"><\/span>\n<h3>Programm &amp; Veranstaltungen der BUGA<\/h3>\n<p>Das Programm der Bundesgartenschau in Mannheim wird sich in groben Z\u00fcgen auf vier Leitthemen unterteilen: Klima, Umwelt, Energie und <a title=\"Gem\u00fcsebeet anlegen &amp; gestalten - Top 20-Ideen + Pflanzplan\" href=\"https:\/\/www.gartentraum.de\/magazin\/gemuesebeet-anlegen\/\" rel=\"\">Nahrungssicherung<\/a>. Doch nicht nur das, auch auf Folgendes d\u00fcrfen Sie sich freuen:<\/p>\n<ul>\n<li>\u00fcber 5.000 Einzelveranstaltungen<\/li>\n<li>w\u00f6chentliche Gel\u00e4ndef\u00fchrungen auf dem Spinelli-Gel\u00e4nde<\/li>\n<li>monatliche Online- &amp; Pr\u00e4senzveranstaltungen<\/li>\n<li>Workshops<\/li>\n<li>BUGA 23 Plattform-Events und Rundg\u00e4nge<\/li>\n<\/ul>\n<p>&nbsp;<\/p>\n<span id=\"7\"><\/span>\n<h3>Allgemeine Fakten zur BUGA 23 Mannheim<\/h3>\n<p>Ein paar Fakten zur Bundesgartenschau 2023 gef\u00e4llig? Da haben wir etwas f\u00fcr Sie. Aktuell d\u00fcrfen Sie sich bereits voller Vorfreude auf ein weitl\u00e4ufiges Gel\u00e4nde einstellen, welches Sie mit zahlreichen Pflanzgew\u00e4chsen und facettenreichen Veranstaltungswegen erwartet. Was das genau hei\u00dft, das verraten wir Ihnen:<\/p>\n<div class=\"contentBoxLinded\"><p><\/p>\n<ul>\n<li>14.500 qm Ausstellungsfl\u00e4che<\/li>\n<li>Neue Seilbahn-Trasse zwischen Spinelli-Park und Luisenpark (2,1 km lang \u00fcber den Neckar bei 7 Minuten Fahrzeit)<\/li>\n<li>120.000 Stauden,\u00a010.000 <a title=\"Rosen-Arten pflegen - Richtig pflanzen, schneiden &amp; d\u00fcngen\" href=\"https:\/\/www.gartentraum.de\/magazin\/rosen-pflegen\/\" rel=\"\">Rosen<\/a> &amp; 4.000 Dahlien<\/li>\n<li>43 km <a title=\"Gartenzaun selber bauen - Anleitung &amp; die 15 sch\u00f6nsten Gartenzaun-Ideen\" href=\"https:\/\/www.gartentraum.de\/magazin\/gartenzaun-bauen\/\" rel=\"\">Zaun<\/a><\/li>\n<li>150.000 Kubikmeter Erde<\/li>\n<li>81 m langer Panoramasteg<\/li>\n<li>10.000 qm Artenschutzfl\u00e4che f\u00fcr Mauereidechsen-Habitate<\/li>\n<\/ul>\n<p><\/p><\/div>\n<div class=\"single_button\"><a href=\"https:\/\/www.gartentraum.de\/Gartenmoebel\" title=\"Hochwertige Gartendeko f\u00fcr \u00f6ffentliche &amp; private Bereiche\" target=\"_blank\">M\u00f6bel f\u00fcr BUGA &amp; Zuhause finden<\/a><\/div>\n<p>&nbsp;<\/p>\n<span id=\"8\"><\/span>\n<h3>Anfahrt, Route &amp; Lageplan in Mannheim<\/h3>\n<p>Damit Sie die Bundesgartenschau 2023 in Mannheim auch sicher und zuverl\u00e4ssig erreichen, sollten Sie die passende Route w\u00e4hlen. Generell erreichen Sie das Veranstaltungsgel\u00e4nde je nach Ausgangsposition \u00fcber die A6 bzw. A659 sowie B38. Welche Parkbereiche Sie dann erwarten, das verr\u00e4t Ihnen die folgende Illustration.<\/p>\n<p>&nbsp;<\/p>\n<div id=\"attachment_30967\" class=\"wp-caption aligncenter\" style=\"width: 1210px\"><img loading=\"lazy\" decoding=\"async\" class=\"wp-image-30967 size-full\" src=\"https:\/\/www.gartentraum.de\/magazin\/wp-content\/uploads\/2021\/11\/buga-laga-lageplan-buga-23.jpg\" alt=\"Lageplan der BUGA Mannheim 2023\" width=\"1200\" height=\"800\" srcset=\"https:\/\/www.gartentraum.de\/magazin\/wp-content\/uploads\/2021\/11\/buga-laga-lageplan-buga-23.jpg 1200w, https:\/\/www.gartentraum.de\/magazin\/wp-content\/uploads\/2021\/11\/buga-laga-lageplan-buga-23-300x200.jpg 300w, https:\/\/www.gartentraum.de\/magazin\/wp-content\/uploads\/2021\/11\/buga-laga-lageplan-buga-23-1070x713.jpg 1070w, https:\/\/www.gartentraum.de\/magazin\/wp-content\/uploads\/2021\/11\/buga-laga-lageplan-buga-23-768x512.jpg 768w, https:\/\/www.gartentraum.de\/magazin\/wp-content\/uploads\/2021\/11\/buga-laga-lageplan-buga-23-350x233.jpg 350w, https:\/\/www.gartentraum.de\/magazin\/wp-content\/uploads\/2021\/11\/buga-laga-lageplan-buga-23-1024x682.jpg 1024w, https:\/\/www.gartentraum.de\/magazin\/wp-content\/uploads\/2021\/11\/buga-laga-lageplan-buga-23-75x50.jpg 75w, https:\/\/www.gartentraum.de\/magazin\/wp-content\/uploads\/2021\/11\/buga-laga-lageplan-buga-23-430x287.jpg 430w\" sizes=\"auto, (max-width: 1200px) 100vw, 1200px\" \/><p class=\"wp-caption-text\">Bei der BUGA Mannheim sind die beiden Veranstaltungsorte durch eine Seilbahn verbunden. \u00a9 Karte: BUGA 23\r\n            <span class=\"social_links\">\r\n                <a title=\"auf pinterest teilen\" rel=\"nofollow\" target=\"_blank\" href=\"https:\/\/pinterest.com\/pin\/create\/button\/?url=https:\/\/www.gartentraum.de\/magazin\/wp-json\/wp\/v2\/posts\/30929&media=https:\/\/www.gartentraum.de\/magazin\/wp-content\/uploads\/2021\/11\/buga-laga-lageplan-buga-23.jpg&description=Bei der BUGA Mannheim sind die beiden Veranstaltungsorte durch eine Seilbahn verbunden. \u00a9 Karte: BUGA 23\"><svg x=\"0px\" y=\"0px\"\r\n\t width=\"50px\" height=\"50px\" viewBox=\"0 0 50 50\"><path d=\"M39.553,5.124c-3.441-3.303-8.205-5.123-13.412-5.123c-7.953,0-12.845,3.26-15.548,5.995\r\n\t\tc-3.331,3.37-5.241,7.846-5.241,12.278c0,5.566,2.327,9.837,6.227,11.427c0.262,0.107,0.524,0.16,0.783,0.16\r\n\t\tc0.822,0,1.474-0.537,1.699-1.4c0.132-0.496,0.437-1.717,0.569-2.248c0.284-1.046,0.055-1.55-0.564-2.279\r\n\t\tc-1.128-1.336-1.652-2.912-1.652-4.966c0-6.098,4.541-12.58,12.958-12.58c6.678,0,10.826,3.796,10.826,9.906\r\n\t\tc0,3.855-0.83,7.425-2.338,10.054c-1.049,1.826-2.893,4.004-5.723,4.004c-1.223,0-2.322-0.504-3.016-1.379\r\n\t\tc-0.656-0.828-0.871-1.898-0.607-3.013c0.297-1.262,0.703-2.576,1.096-3.846c0.717-2.32,1.395-4.513,1.395-6.262\r\n\t\tc0-2.991-1.84-5.001-4.576-5.001c-3.479,0-6.203,3.532-6.203,8.042c0,2.211,0.588,3.866,0.854,4.5\r\n\t\tc-0.438,1.857-3.042,12.894-3.536,14.974c-0.285,1.217-2.006,10.813,0.842,11.576c3.2,0.861,6.06-8.484,6.351-9.541\r\n\t\tc0.236-0.859,1.062-4.107,1.567-6.104c1.545,1.488,4.032,2.494,6.452,2.494c4.563,0,8.664-2.053,11.553-5.781\r\n\t\tc2.801-3.615,4.342-8.654,4.342-14.187C44.648,12.499,42.791,8.234,39.553,5.124z\"\/><\/svg><\/a>\r\n                <a title=\"auf facebook teilen\" rel=\"nofollow\" target=\"_blank\" href=\"https:\/\/www.facebook.com\/sharer\/sharer.php?u=https:\/\/www.gartentraum.de\/magazin\/wp-json\/wp\/v2\/posts\/30929\"><svg x=\"0px\" y=\"0px\" width=\"23.325px\" height=\"49.982px\" viewBox=\"0 0 23.325 49.982\"><path d=\"M5.042,9.68c0,1.26,0,6.882,0,6.882H0v8.415h5.042v25.005h10.356V24.977h6.95\r\n\t\tc0,0,0.651-4.035,0.966-8.447c-0.905,0-7.877,0-7.877,0s0-4.896,0-5.753c0-0.86,1.129-2.017,2.246-2.017c1.114,0,3.465,0,5.642,0\r\n\t\tc0-1.146,0-5.104,0-8.76c-2.907,0-6.214,0-7.672,0C4.786,0,5.042,8.423,5.042,9.68z\"\/><\/svg><\/a>\r\n                <a title=\"Download der Grafik\" rel=\"nofollow\" target=\"_blank\" href=\"https:\/\/www.gartentraum.de\/magazin\/wp-content\/uploads\/2021\/11\/buga-laga-lageplan-buga-23.jpg?original\"><svg viewBox=\"0 0 576 512\"><path d=\"M528 288h-92.1l46.1-46.1c30.1-30.1 8.8-81.9-33.9-81.9h-64V48c0-26.5-21.5-48-48-48h-96c-26.5 0-48 21.5-48 48v112h-64c-42.6 0-64.2 51.7-33.9 81.9l46.1 46.1H48c-26.5 0-48 21.5-48 48v128c0 26.5 21.5 48 48 48h480c26.5 0 48-21.5 48-48V336c0-26.5-21.5-48-48-48zm-400-80h112V48h96v160h112L288 368 128 208zm400 256H48V336h140.1l65.9 65.9c18.8 18.8 49.1 18.7 67.9 0l65.9-65.9H528v128zm-88-64c0-13.3 10.7-24 24-24s24 10.7 24 24-10.7 24-24 24-24-10.7-24-24z\"><\/path><\/svg><\/a>  \r\n            <\/span>\r\n        <\/p><\/div>\n<ol>\n<li>Experimentierfelder<\/li>\n<li>U-Halle<\/li>\n<li>Klima-Park<\/li>\n<li>Sandrasenbiotop<\/li>\n<li>Panoramasteg und Augew\u00e4sser<\/li>\n<li>Spiel- &amp; Bewegungspark<\/li>\n<li>Neue Parkmitte Luisenpark<\/li>\n<li>Seilbahn<\/li>\n<li>Artenschutz<\/li>\n<\/ol>\n<p>&nbsp;<\/p>\n<div class=\"jtlwzd_carousel-wrapper  has-article-title has-article-desc has-article-cta\" data-item=\"595\">\n\n  <div class=\"jtlwzd_headline\" style=\"text-align:left\">\n      <a href=\"https:\/\/www.gartentraum.de\/Pflanzgefaesse?ref=www.gartentraum.de&campaign=\" title=\"Deko f\u00fcr BUGA & Zuhause kaufen\" rel=\"\" target=\"\">Deko f\u00fcr BUGA & Zuhause kaufen<\/a>\n      <\/div>\n\n  <div class=\"jtlwzd_carousel jtlwzd_article-list\" data-intervalTime=\"0\">\n    PGRpdiBjbGFzcz0ianRsd3pkX2Nhcm91c2VsLWl0ZW0iPgogIDxmaWd1cmUgY2xhc3M9Imp0bHd6ZF9maWd1cmUiPgogICAgPGEgaHJlZj0iaHR0cHM6Ly93d3cuZ2FydGVudHJhdW0uZGUvT3V0ZG9vci1QZmxhbnp0b3BmLWltLTRlci1TZXQtU3RlaW5vcHRpay1sZWljaHQtd2ludGVyZmVzdC1BbGxlcm9uYT9yZWY9d3d3LmdhcnRlbnRyYXVtLmRlJmNhbXBhaWduPSIgcmVsPSIiID4KICAgICAgPHBpY3R1cmU+CiAgPGltZyBsb2FkaW5nPSJsYXp5IiBzcmM9Imh0dHBzOi8vd3d3LmdhcnRlbnRyYXVtLmRlL21lZGlhL2ltYWdlL3Byb2R1Y3QvMjkxMDUvbGcvb3V0ZG9vci1wZmxhbnp0b3BmLWltLTRlci1zZXQtc3RlaW5vcHRpay1sZWljaHQtd2ludGVyZmVzdC1hbGxlcm9uYS5qcGciIGRhdGEtZWFuPSI0MDU2MDI2Mjk0OTY3IiBhbHQ9IkFsbGVyb25hIi8+CjwvcGljdHVyZT4KICAgIDwvYT4KCiAgICAgICAgICA8ZmlnY2FwdGlvbj4KICAgICAgICA8YSBocmVmPSJodHRwczovL3d3dy5nYXJ0ZW50cmF1bS5kZS9PdXRkb29yLVBmbGFuenRvcGYtaW0tNGVyLVNldC1TdGVpbm9wdGlrLWxlaWNodC13aW50ZXJmZXN0LUFsbGVyb25hP3JlZj13d3cuZ2FydGVudHJhdW0uZGUmY2FtcGFpZ249IiByZWw9IiIgPgogICAgICAgICAgICAgICAgICAgICAgPHNwYW4gY2xhc3M9Imp0bHd6ZF9maWd1cmVfc2hvcnRuYW1lIiBzdHlsZT0idGV4dC1hbGlnbjpsZWZ0Ij5BbGxlcm9uYTwvc3Bhbj4KICAgICAgICAgICAgICAgICAgICA8L2E+CiAgICAgICAgPGRpdiBjbGFzcz0ianRsd3pkX2Rlc2NyaXB0aW9uLXByaWNpbmctYWN0aW9uX3BhbmVsIj4KICAgICAgICAgICAgICAgICAgICAgIDxzcGFuIGNsYXNzPSJqdGx3emRfZmlndXJlX3Nob3J0ZGVzY3JpcHRpb24iIHN0eWxlPSJ0ZXh0LWFsaWduOmxlZnQiPk91dGRvb3IgUGZsYW56dG9wZiBpbSA0ZXIgU2V0PC9zcGFuPgogICAgICAgICAgICAKICAgICAgICA8ZGl2IGNsYXNzPSJqdGx3emRfcHJpY2UiPgogICAgICAgICAgPHNwYW4gY2xhc3M9Imp0bHd6ZF9wcmljZV9sYWJlbCI+VmVyc2FuZHByZWlzIGFiPC9zcGFuPgogICAgICAgICAgPHNwYW4gY2xhc3M9Imp0bHd6ZF9wcmljZV90ZXh0Ij43MzAsMDAgJmV1cm87PC9zcGFuPgogICAgICAgIDwvZGl2PgoKICAgICAgICAgICAgICAgICAgPGRpdiBjbGFzcz0ianRsd3pkX2FjdGlvbi1wYW5lbCIgc3R5bGU9InRleHQtYWxpZ246IGxlZnQiPgogICAgICAgICAgICA8YSBjbGFzcz0iYnRuIGJ0bi1wcmltYXJ5IiBocmVmPSJodHRwczovL3d3dy5nYXJ0ZW50cmF1bS5kZS9PdXRkb29yLVBmbGFuenRvcGYtaW0tNGVyLVNldC1TdGVpbm9wdGlrLWxlaWNodC13aW50ZXJmZXN0LUFsbGVyb25hP3JlZj13d3cuZ2FydGVudHJhdW0uZGUmY2FtcGFpZ249IiByZWw9IiIgPkpldHp0IEthdWZlbjwvYT4KICAgICAgICAgIDwvZGl2PgogICAgICAgICAgICAgIDwvZGl2PgoKICAgIDwvZmlnY2FwdGlvbj4KICA8L2ZpZ3VyZT4KPC9kaXY+Cg==PGRpdiBjbGFzcz0ianRsd3pkX2Nhcm91c2VsLWl0ZW0iPgogIDxmaWd1cmUgY2xhc3M9Imp0bHd6ZF9maWd1cmUiPgogICAgPGEgaHJlZj0iaHR0cHM6Ly93d3cuZ2FydGVudHJhdW0uZGUvMmVyLVNldC1YWEwtUGZsYW56a3VlYmVsLWF1cy1Qb2x5c3RvbmUtUnVuZC1HcmF1ZS1aZW1lbnQtT3B0aWstR2FubmV0P3JlZj13d3cuZ2FydGVudHJhdW0uZGUmY2FtcGFpZ249IiByZWw9IiIgPgogICAgICA8cGljdHVyZT4KICA8aW1nIGxvYWRpbmc9ImxhenkiIHNyYz0iaHR0cHM6Ly93d3cuZ2FydGVudHJhdW0uZGUvbWVkaWEvaW1hZ2UvcHJvZHVjdC8zMjM1Mi9sZy8yZXItc2V0LXh4bC1wZmxhbnprdWViZWwtYXVzLXBvbHlzdG9uZS1ydW5kLWdyYXVlLXplbWVudC1vcHRpay1nYW5uZXQuanBnIiBkYXRhLWVhbj0iNDA1NjAyNjMxNDY2NSIgYWx0PSJHYW5uZXQiLz4KPC9waWN0dXJlPgogICAgPC9hPgoKICAgICAgICAgIDxmaWdjYXB0aW9uPgogICAgICAgIDxhIGhyZWY9Imh0dHBzOi8vd3d3LmdhcnRlbnRyYXVtLmRlLzJlci1TZXQtWFhMLVBmbGFuemt1ZWJlbC1hdXMtUG9seXN0b25lLVJ1bmQtR3JhdWUtWmVtZW50LU9wdGlrLUdhbm5ldD9yZWY9d3d3LmdhcnRlbnRyYXVtLmRlJmNhbXBhaWduPSIgcmVsPSIiID4KICAgICAgICAgICAgICAgICAgICAgIDxzcGFuIGNsYXNzPSJqdGx3emRfZmlndXJlX3Nob3J0bmFtZSIgc3R5bGU9InRleHQtYWxpZ246bGVmdCI+R2FubmV0PC9zcGFuPgogICAgICAgICAgICAgICAgICAgIDwvYT4KICAgICAgICA8ZGl2IGNsYXNzPSJqdGx3emRfZGVzY3JpcHRpb24tcHJpY2luZy1hY3Rpb25fcGFuZWwiPgogICAgICAgICAgICAgICAgICAgICAgPHNwYW4gY2xhc3M9Imp0bHd6ZF9maWd1cmVfc2hvcnRkZXNjcmlwdGlvbiIgc3R5bGU9InRleHQtYWxpZ246bGVmdCI+MmVyIFNldCBYWEwgUGZsYW56ayZ1dW1sO2JlbCBhdXMgUG9seXN0b25lPC9zcGFuPgogICAgICAgICAgICAKICAgICAgICA8ZGl2IGNsYXNzPSJqdGx3emRfcHJpY2UiPgogICAgICAgICAgPHNwYW4gY2xhc3M9Imp0bHd6ZF9wcmljZV9sYWJlbCI+VmVyc2FuZHByZWlzIGFiPC9zcGFuPgogICAgICAgICAgPHNwYW4gY2xhc3M9Imp0bHd6ZF9wcmljZV90ZXh0Ij4xLjIwMCwwMCAmZXVybzs8L3NwYW4+CiAgICAgICAgPC9kaXY+CgogICAgICAgICAgICAgICAgICA8ZGl2IGNsYXNzPSJqdGx3emRfYWN0aW9uLXBhbmVsIiBzdHlsZT0idGV4dC1hbGlnbjogbGVmdCI+CiAgICAgICAgICAgIDxhIGNsYXNzPSJidG4gYnRuLXByaW1hcnkiIGhyZWY9Imh0dHBzOi8vd3d3LmdhcnRlbnRyYXVtLmRlLzJlci1TZXQtWFhMLVBmbGFuemt1ZWJlbC1hdXMtUG9seXN0b25lLVJ1bmQtR3JhdWUtWmVtZW50LU9wdGlrLUdhbm5ldD9yZWY9d3d3LmdhcnRlbnRyYXVtLmRlJmNhbXBhaWduPSIgcmVsPSIiID5KZXR6dCBLYXVmZW48L2E+CiAgICAgICAgICA8L2Rpdj4KICAgICAgICAgICAgICA8L2Rpdj4KCiAgICA8L2ZpZ2NhcHRpb24+CiAgPC9maWd1cmU+CjwvZGl2Pgo=PGRpdiBjbGFzcz0ianRsd3pkX2Nhcm91c2VsLWl0ZW0iPgogIDxmaWd1cmUgY2xhc3M9Imp0bHd6ZF9maWd1cmUiPgogICAgPGEgaHJlZj0iaHR0cHM6Ly93d3cuZ2FydGVudHJhdW0uZGUvR2FydGVuLVBmbGFuenZhc2UtYXVzLUtlcmFtaWstMmVyLVNldC1CbGF1Z3J1ZW4tT2xldG8\/cmVmPXd3dy5nYXJ0ZW50cmF1bS5kZSZjYW1wYWlnbj0iIHJlbD0iIiA+CiAgICAgIDxwaWN0dXJlPgogIDxpbWcgbG9hZGluZz0ibGF6eSIgc3JjPSJodHRwczovL3d3dy5nYXJ0ZW50cmF1bS5kZS9tZWRpYS9pbWFnZS9wcm9kdWN0LzI5MTg5L2xnL2dhcnRlbi1wZmxhbnp2YXNlLWF1cy1rZXJhbWlrLTJlci1zZXQtYmxhdWdydWVuLW9sZXRvLmpwZyIgZGF0YS1lYW49IjQwNTYwMjYyOTYxNTIiIGFsdD0iT2xldG8iLz4KPC9waWN0dXJlPgogICAgPC9hPgoKICAgICAgICAgIDxmaWdjYXB0aW9uPgogICAgICAgIDxhIGhyZWY9Imh0dHBzOi8vd3d3LmdhcnRlbnRyYXVtLmRlL0dhcnRlbi1QZmxhbnp2YXNlLWF1cy1LZXJhbWlrLTJlci1TZXQtQmxhdWdydWVuLU9sZXRvP3JlZj13d3cuZ2FydGVudHJhdW0uZGUmY2FtcGFpZ249IiByZWw9IiIgPgogICAgICAgICAgICAgICAgICAgICAgPHNwYW4gY2xhc3M9Imp0bHd6ZF9maWd1cmVfc2hvcnRuYW1lIiBzdHlsZT0idGV4dC1hbGlnbjpsZWZ0Ij5PbGV0bzwvc3Bhbj4KICAgICAgICAgICAgICAgICAgICA8L2E+CiAgICAgICAgPGRpdiBjbGFzcz0ianRsd3pkX2Rlc2NyaXB0aW9uLXByaWNpbmctYWN0aW9uX3BhbmVsIj4KICAgICAgICAgICAgICAgICAgICAgIDxzcGFuIGNsYXNzPSJqdGx3emRfZmlndXJlX3Nob3J0ZGVzY3JpcHRpb24iIHN0eWxlPSJ0ZXh0LWFsaWduOmxlZnQiPkdhcnRlbiBQZmxhbnp2YXNlIGF1cyBLZXJhbWlrPC9zcGFuPgogICAgICAgICAgICAKICAgICAgICA8ZGl2IGNsYXNzPSJqdGx3emRfcHJpY2UiPgogICAgICAgICAgPHNwYW4gY2xhc3M9Imp0bHd6ZF9wcmljZV9sYWJlbCI+VmVyc2FuZHByZWlzIGFiPC9zcGFuPgogICAgICAgICAgPHNwYW4gY2xhc3M9Imp0bHd6ZF9wcmljZV90ZXh0Ij43NzAsMDAgJmV1cm87PC9zcGFuPgogICAgICAgIDwvZGl2PgoKICAgICAgICAgICAgICAgICAgPGRpdiBjbGFzcz0ianRsd3pkX2FjdGlvbi1wYW5lbCIgc3R5bGU9InRleHQtYWxpZ246IGxlZnQiPgogICAgICAgICAgICA8YSBjbGFzcz0iYnRuIGJ0bi1wcmltYXJ5IiBocmVmPSJodHRwczovL3d3dy5nYXJ0ZW50cmF1bS5kZS9HYXJ0ZW4tUGZsYW56dmFzZS1hdXMtS2VyYW1pay0yZXItU2V0LUJsYXVncnVlbi1PbGV0bz9yZWY9d3d3LmdhcnRlbnRyYXVtLmRlJmNhbXBhaWduPSIgcmVsPSIiID5KZXR6dCBLYXVmZW48L2E+CiAgICAgICAgICA8L2Rpdj4KICAgICAgICAgICAgICA8L2Rpdj4KCiAgICA8L2ZpZ2NhcHRpb24+CiAgPC9maWd1cmU+CjwvZGl2Pgo=PGRpdiBjbGFzcz0ianRsd3pkX2Nhcm91c2VsLWl0ZW0iPgogIDxmaWd1cmUgY2xhc3M9Imp0bHd6ZF9maWd1cmUiPgogICAgPGEgaHJlZj0iaHR0cHM6Ly93d3cuZ2FydGVudHJhdW0uZGUvUnVuZGUtR2FydGVuLUJsdW1lbmt1ZWJlbC1hdXMtS2VyYW1pay1CbGF1Z3J1ZW4tSW1hdGVybz9yZWY9d3d3LmdhcnRlbnRyYXVtLmRlJmNhbXBhaWduPSIgcmVsPSIiID4KICAgICAgPHBpY3R1cmU+CiAgPGltZyBsb2FkaW5nPSJsYXp5IiBzcmM9Imh0dHBzOi8vd3d3LmdhcnRlbnRyYXVtLmRlL21lZGlhL2ltYWdlL3Byb2R1Y3QvMjkxODcvbGcvcnVuZGUtZ2FydGVuLWJsdW1lbmt1ZWJlbC1hdXMta2VyYW1pay1ibGF1Z3J1ZW4taW1hdGVyby5qcGciIGRhdGEtZWFuPSI0MDU2MDI2Mjk2MTM4IiBhbHQ9IkltYXRlcm8iLz4KPC9waWN0dXJlPgogICAgPC9hPgoKICAgICAgICAgIDxmaWdjYXB0aW9uPgogICAgICAgIDxhIGhyZWY9Imh0dHBzOi8vd3d3LmdhcnRlbnRyYXVtLmRlL1J1bmRlLUdhcnRlbi1CbHVtZW5rdWViZWwtYXVzLUtlcmFtaWstQmxhdWdydWVuLUltYXRlcm8\/cmVmPXd3dy5nYXJ0ZW50cmF1bS5kZSZjYW1wYWlnbj0iIHJlbD0iIiA+CiAgICAgICAgICAgICAgICAgICAgICA8c3BhbiBjbGFzcz0ianRsd3pkX2ZpZ3VyZV9zaG9ydG5hbWUiIHN0eWxlPSJ0ZXh0LWFsaWduOmxlZnQiPkltYXRlcm88L3NwYW4+CiAgICAgICAgICAgICAgICAgICAgPC9hPgogICAgICAgIDxkaXYgY2xhc3M9Imp0bHd6ZF9kZXNjcmlwdGlvbi1wcmljaW5nLWFjdGlvbl9wYW5lbCI+CiAgICAgICAgICAgICAgICAgICAgICA8c3BhbiBjbGFzcz0ianRsd3pkX2ZpZ3VyZV9zaG9ydGRlc2NyaXB0aW9uIiBzdHlsZT0idGV4dC1hbGlnbjpsZWZ0Ij5HYXJ0ZW4gQmx1bWVuayZ1dW1sO2JlbCBhdXMgS2VyYW1pazwvc3Bhbj4KICAgICAgICAgICAgCiAgICAgICAgPGRpdiBjbGFzcz0ianRsd3pkX3ByaWNlIj4KICAgICAgICAgIDxzcGFuIGNsYXNzPSJqdGx3emRfcHJpY2VfbGFiZWwiPlZlcnNhbmRwcmVpcyBhYjwvc3Bhbj4KICAgICAgICAgIDxzcGFuIGNsYXNzPSJqdGx3emRfcHJpY2VfdGV4dCI+MS4zMjAsMDAgJmV1cm87PC9zcGFuPgogICAgICAgIDwvZGl2PgoKICAgICAgICAgICAgICAgICAgPGRpdiBjbGFzcz0ianRsd3pkX2FjdGlvbi1wYW5lbCIgc3R5bGU9InRleHQtYWxpZ246IGxlZnQiPgogICAgICAgICAgICA8YSBjbGFzcz0iYnRuIGJ0bi1wcmltYXJ5IiBocmVmPSJodHRwczovL3d3dy5nYXJ0ZW50cmF1bS5kZS9SdW5kZS1HYXJ0ZW4tQmx1bWVua3VlYmVsLWF1cy1LZXJhbWlrLUJsYXVncnVlbi1JbWF0ZXJvP3JlZj13d3cuZ2FydGVudHJhdW0uZGUmY2FtcGFpZ249IiByZWw9IiIgPkpldHp0IEthdWZlbjwvYT4KICAgICAgICAgIDwvZGl2PgogICAgICAgICAgICAgIDwvZGl2PgoKICAgIDwvZmlnY2FwdGlvbj4KICA8L2ZpZ3VyZT4KPC9kaXY+Cg==  <\/div>\n  <a href=\"#\" class=\"jtlwzd_carousel_control-prev jtli_left-open\"><\/a>\n  <a href=\"#\" class=\"jtlwzd_carousel_control-next jtli_right-open\"><\/a>\n\n  \n<\/div>\n<div class=\"jtlwzd_carousel-wrapper  has-article-title has-article-desc has-article-cta\" data-item=\"596\">\n\n  <div class=\"jtlwzd_headline\" style=\"text-align:left\">\n      <a href=\"https:\/\/www.gartentraum.de\/Sonnenuhren?ref=www.gartentraum.de&campaign=\" title=\"\" rel=\"\" target=\"\"><\/a>\n      <\/div>\n\n  <div class=\"jtlwzd_carousel jtlwzd_article-list\" data-intervalTime=\"0\">\n    PGRpdiBjbGFzcz0ianRsd3pkX2Nhcm91c2VsLWl0ZW0iPgogIDxmaWd1cmUgY2xhc3M9Imp0bHd6ZF9maWd1cmUiPgogICAgPGEgaHJlZj0iaHR0cHM6Ly93d3cuZ2FydGVudHJhdW0uZGUvR2FydGVuLVNvbm5lbnVoci1TYW5kc3RlaW4tU2FldWxlLVNrYXBoZT9yZWY9d3d3LmdhcnRlbnRyYXVtLmRlJmNhbXBhaWduPSIgcmVsPSIiID4KICAgICAgPHBpY3R1cmU+CiAgPGltZyBsb2FkaW5nPSJsYXp5IiBzcmM9Imh0dHBzOi8vd3d3LmdhcnRlbnRyYXVtLmRlL21lZGlhL2ltYWdlL3Byb2R1Y3QvMzExNS9sZy9nYXJ0ZW4tc29ubmVudWhyLXNhbmRzdGVpbi1zYWV1bGUtc2thcGhlLmpwZyIgZGF0YS1lYW49IjQyNjAyMTgzODA0NTUiIGFsdD0iU2thcGhlIi8+CjwvcGljdHVyZT4KICAgIDwvYT4KCiAgICAgICAgICA8ZmlnY2FwdGlvbj4KICAgICAgICA8YSBocmVmPSJodHRwczovL3d3dy5nYXJ0ZW50cmF1bS5kZS9HYXJ0ZW4tU29ubmVudWhyLVNhbmRzdGVpbi1TYWV1bGUtU2thcGhlP3JlZj13d3cuZ2FydGVudHJhdW0uZGUmY2FtcGFpZ249IiByZWw9IiIgPgogICAgICAgICAgICAgICAgICAgICAgPHNwYW4gY2xhc3M9Imp0bHd6ZF9maWd1cmVfc2hvcnRuYW1lIiBzdHlsZT0idGV4dC1hbGlnbjpsZWZ0Ij5Ta2FwaGU8L3NwYW4+CiAgICAgICAgICAgICAgICAgICAgPC9hPgogICAgICAgIDxkaXYgY2xhc3M9Imp0bHd6ZF9kZXNjcmlwdGlvbi1wcmljaW5nLWFjdGlvbl9wYW5lbCI+CiAgICAgICAgICAgICAgICAgICAgICA8c3BhbiBjbGFzcz0ianRsd3pkX2ZpZ3VyZV9zaG9ydGRlc2NyaXB0aW9uIiBzdHlsZT0idGV4dC1hbGlnbjpsZWZ0Ij5Tb25uZW51aHIgbWl0IFMmYXVtbDt1bGU8L3NwYW4+CiAgICAgICAgICAgIAogICAgICAgIDxkaXYgY2xhc3M9Imp0bHd6ZF9wcmljZSI+CiAgICAgICAgICA8c3BhbiBjbGFzcz0ianRsd3pkX3ByaWNlX2xhYmVsIj5WZXJzYW5kcHJlaXMgYWI8L3NwYW4+CiAgICAgICAgICA8c3BhbiBjbGFzcz0ianRsd3pkX3ByaWNlX3RleHQiPjEuMzAwLDAwICZldXJvOzwvc3Bhbj4KICAgICAgICA8L2Rpdj4KCiAgICAgICAgICAgICAgICAgIDxkaXYgY2xhc3M9Imp0bHd6ZF9hY3Rpb24tcGFuZWwiIHN0eWxlPSJ0ZXh0LWFsaWduOiBsZWZ0Ij4KICAgICAgICAgICAgPGEgY2xhc3M9ImJ0biBidG4tcHJpbWFyeSIgaHJlZj0iaHR0cHM6Ly93d3cuZ2FydGVudHJhdW0uZGUvR2FydGVuLVNvbm5lbnVoci1TYW5kc3RlaW4tU2FldWxlLVNrYXBoZT9yZWY9d3d3LmdhcnRlbnRyYXVtLmRlJmNhbXBhaWduPSIgcmVsPSIiID5KZXR6dCBLYXVmZW48L2E+CiAgICAgICAgICA8L2Rpdj4KICAgICAgICAgICAgICA8L2Rpdj4KCiAgICA8L2ZpZ2NhcHRpb24+CiAgPC9maWd1cmU+CjwvZGl2Pgo=PGRpdiBjbGFzcz0ianRsd3pkX2Nhcm91c2VsLWl0ZW0iPgogIDxmaWd1cmUgY2xhc3M9Imp0bHd6ZF9maWd1cmUiPgogICAgPGEgaHJlZj0iaHR0cHM6Ly93d3cuZ2FydGVudHJhdW0uZGUvR2FydGVuLVNvbm5lbnVoci1rYXVmZW4tU2thcGhlP3JlZj13d3cuZ2FydGVudHJhdW0uZGUmY2FtcGFpZ249IiByZWw9IiIgPgogICAgICA8cGljdHVyZT4KICA8aW1nIGxvYWRpbmc9ImxhenkiIHNyYz0iaHR0cHM6Ly93d3cuZ2FydGVudHJhdW0uZGUvbWVkaWEvaW1hZ2UvcHJvZHVjdC8xMzM4L2xnL2dhcnRlbi1zb25uZW51aHIta2F1ZmVuLXNrYXBoZS5qcGciIGRhdGEtZWFuPSI0MDU2MDI2MDAxMzEyIiBhbHQ9IlNrYXBoZSIvPgo8L3BpY3R1cmU+CiAgICA8L2E+CgogICAgICAgICAgPGZpZ2NhcHRpb24+CiAgICAgICAgPGEgaHJlZj0iaHR0cHM6Ly93d3cuZ2FydGVudHJhdW0uZGUvR2FydGVuLVNvbm5lbnVoci1rYXVmZW4tU2thcGhlP3JlZj13d3cuZ2FydGVudHJhdW0uZGUmY2FtcGFpZ249IiByZWw9IiIgPgogICAgICAgICAgICAgICAgICAgICAgPHNwYW4gY2xhc3M9Imp0bHd6ZF9maWd1cmVfc2hvcnRuYW1lIiBzdHlsZT0idGV4dC1hbGlnbjpsZWZ0Ij5Ta2FwaGU8L3NwYW4+CiAgICAgICAgICAgICAgICAgICAgPC9hPgogICAgICAgIDxkaXYgY2xhc3M9Imp0bHd6ZF9kZXNjcmlwdGlvbi1wcmljaW5nLWFjdGlvbl9wYW5lbCI+CiAgICAgICAgICAgICAgICAgICAgICA8c3BhbiBjbGFzcz0ianRsd3pkX2ZpZ3VyZV9zaG9ydGRlc2NyaXB0aW9uIiBzdHlsZT0idGV4dC1hbGlnbjpsZWZ0Ij5HYXJ0ZW4gU29ubmVudWhyPC9zcGFuPgogICAgICAgICAgICAKICAgICAgICA8ZGl2IGNsYXNzPSJqdGx3emRfcHJpY2UiPgogICAgICAgICAgPHNwYW4gY2xhc3M9Imp0bHd6ZF9wcmljZV9sYWJlbCI+VmVyc2FuZHByZWlzIGFiPC9zcGFuPgogICAgICAgICAgPHNwYW4gY2xhc3M9Imp0bHd6ZF9wcmljZV90ZXh0Ij41NjAsMDAgJmV1cm87PC9zcGFuPgogICAgICAgIDwvZGl2PgoKICAgICAgICAgICAgICAgICAgPGRpdiBjbGFzcz0ianRsd3pkX2FjdGlvbi1wYW5lbCIgc3R5bGU9InRleHQtYWxpZ246IGxlZnQiPgogICAgICAgICAgICA8YSBjbGFzcz0iYnRuIGJ0bi1wcmltYXJ5IiBocmVmPSJodHRwczovL3d3dy5nYXJ0ZW50cmF1bS5kZS9HYXJ0ZW4tU29ubmVudWhyLWthdWZlbi1Ta2FwaGU\/cmVmPXd3dy5nYXJ0ZW50cmF1bS5kZSZjYW1wYWlnbj0iIHJlbD0iIiA+SmV0enQgS2F1ZmVuPC9hPgogICAgICAgICAgPC9kaXY+CiAgICAgICAgICAgICAgPC9kaXY+CgogICAgPC9maWdjYXB0aW9uPgogIDwvZmlndXJlPgo8L2Rpdj4KPGRpdiBjbGFzcz0ianRsd3pkX2Nhcm91c2VsLWl0ZW0iPgogIDxmaWd1cmUgY2xhc3M9Imp0bHd6ZF9maWd1cmUiPgogICAgPGEgaHJlZj0iaHR0cHM6Ly93d3cuZ2FydGVudHJhdW0uZGUvQnJvbnplLVNvbm5lbnVoci1rYXVmZW4tVmVyc2FpbGxlP3JlZj13d3cuZ2FydGVudHJhdW0uZGUmY2FtcGFpZ249IiByZWw9IiIgPgogICAgICA8cGljdHVyZT4KICA8aW1nIGxvYWRpbmc9ImxhenkiIHNyYz0iaHR0cHM6Ly93d3cuZ2FydGVudHJhdW0uZGUvbWVkaWEvaW1hZ2UvcHJvZHVjdC8yMTI4L2xnL2Jyb256ZS1zb25uZW51aHIta2F1ZmVuLXZlcnNhaWxsZS5qcGciIGRhdGEtZWFuPSI0MjYwMjE4Mzg3NjUyIiBhbHQ9IlZlcnNhaWxsZSIvPgo8L3BpY3R1cmU+CiAgICA8L2E+CgogICAgICAgICAgPGZpZ2NhcHRpb24+CiAgICAgICAgPGEgaHJlZj0iaHR0cHM6Ly93d3cuZ2FydGVudHJhdW0uZGUvQnJvbnplLVNvbm5lbnVoci1rYXVmZW4tVmVyc2FpbGxlP3JlZj13d3cuZ2FydGVudHJhdW0uZGUmY2FtcGFpZ249IiByZWw9IiIgPgogICAgICAgICAgICAgICAgICAgICAgPHNwYW4gY2xhc3M9Imp0bHd6ZF9maWd1cmVfc2hvcnRuYW1lIiBzdHlsZT0idGV4dC1hbGlnbjpsZWZ0Ij5WZXJzYWlsbGU8L3NwYW4+CiAgICAgICAgICAgICAgICAgICAgPC9hPgogICAgICAgIDxkaXYgY2xhc3M9Imp0bHd6ZF9kZXNjcmlwdGlvbi1wcmljaW5nLWFjdGlvbl9wYW5lbCI+CiAgICAgICAgICAgICAgICAgICAgICA8c3BhbiBjbGFzcz0ianRsd3pkX2ZpZ3VyZV9zaG9ydGRlc2NyaXB0aW9uIiBzdHlsZT0idGV4dC1hbGlnbjpsZWZ0Ij5Ccm9uemUgU29ubmVudWhyIGthdWZlbjwvc3Bhbj4KICAgICAgICAgICAgCiAgICAgICAgPGRpdiBjbGFzcz0ianRsd3pkX3ByaWNlIj4KICAgICAgICAgIDxzcGFuIGNsYXNzPSJqdGx3emRfcHJpY2VfbGFiZWwiPlZlcnNhbmRwcmVpcyBhYjwvc3Bhbj4KICAgICAgICAgIDxzcGFuIGNsYXNzPSJqdGx3emRfcHJpY2VfdGV4dCI+NTI1LDAwICZldXJvOzwvc3Bhbj4KICAgICAgICA8L2Rpdj4KCiAgICAgICAgICAgICAgICAgIDxkaXYgY2xhc3M9Imp0bHd6ZF9hY3Rpb24tcGFuZWwiIHN0eWxlPSJ0ZXh0LWFsaWduOiBsZWZ0Ij4KICAgICAgICAgICAgPGEgY2xhc3M9ImJ0biBidG4tcHJpbWFyeSIgaHJlZj0iaHR0cHM6Ly93d3cuZ2FydGVudHJhdW0uZGUvQnJvbnplLVNvbm5lbnVoci1rYXVmZW4tVmVyc2FpbGxlP3JlZj13d3cuZ2FydGVudHJhdW0uZGUmY2FtcGFpZ249IiByZWw9IiIgPkpldHp0IEthdWZlbjwvYT4KICAgICAgICAgIDwvZGl2PgogICAgICAgICAgICAgIDwvZGl2PgoKICAgIDwvZmlnY2FwdGlvbj4KICA8L2ZpZ3VyZT4KPC9kaXY+Cg==PGRpdiBjbGFzcz0ianRsd3pkX2Nhcm91c2VsLWl0ZW0iPgogIDxmaWd1cmUgY2xhc3M9Imp0bHd6ZF9maWd1cmUiPgogICAgPGEgaHJlZj0iaHR0cHM6Ly93d3cuZ2FydGVudHJhdW0uZGUvQWVxdWF0b3JpYWxlLVNvbm5lbnVoci1hdXMtRWRlbHN0YWhsLU1pbGVuaXVtLTE\/cmVmPXd3dy5nYXJ0ZW50cmF1bS5kZSZjYW1wYWlnbj0iIHJlbD0iIiA+CiAgICAgIDxwaWN0dXJlPgogIDxpbWcgbG9hZGluZz0ibGF6eSIgc3JjPSJodHRwczovL3d3dy5nYXJ0ZW50cmF1bS5kZS9tZWRpYS9pbWFnZS9wcm9kdWN0LzU3MDQvbGcvYWVxdWF0b3JpYWxlLXNvbm5lbnVoci1hdXMtZWRlbHN0YWhsLW1pbGVuaXVtLTEuanBnIiBkYXRhLWVhbj0iNDA1NjAyNjAyMzkzMiIgYWx0PSJNaWxlbml1bS0xIi8+CjwvcGljdHVyZT4KICAgIDwvYT4KCiAgICAgICAgICA8ZmlnY2FwdGlvbj4KICAgICAgICA8YSBocmVmPSJodHRwczovL3d3dy5nYXJ0ZW50cmF1bS5kZS9BZXF1YXRvcmlhbGUtU29ubmVudWhyLWF1cy1FZGVsc3RhaGwtTWlsZW5pdW0tMT9yZWY9d3d3LmdhcnRlbnRyYXVtLmRlJmNhbXBhaWduPSIgcmVsPSIiID4KICAgICAgICAgICAgICAgICAgICAgIDxzcGFuIGNsYXNzPSJqdGx3emRfZmlndXJlX3Nob3J0bmFtZSIgc3R5bGU9InRleHQtYWxpZ246bGVmdCI+TWlsZW5pdW0tMTwvc3Bhbj4KICAgICAgICAgICAgICAgICAgICA8L2E+CiAgICAgICAgPGRpdiBjbGFzcz0ianRsd3pkX2Rlc2NyaXB0aW9uLXByaWNpbmctYWN0aW9uX3BhbmVsIj4KICAgICAgICAgICAgICAgICAgICAgIDxzcGFuIGNsYXNzPSJqdGx3emRfZmlndXJlX3Nob3J0ZGVzY3JpcHRpb24iIHN0eWxlPSJ0ZXh0LWFsaWduOmxlZnQiPiZBdW1sO3F1YXRvcmlhbGUgU29ubmVudWhyIGF1cyBFZGVsc3RhaGw8L3NwYW4+CiAgICAgICAgICAgIAogICAgICAgIDxkaXYgY2xhc3M9Imp0bHd6ZF9wcmljZSI+CiAgICAgICAgICA8c3BhbiBjbGFzcz0ianRsd3pkX3ByaWNlX2xhYmVsIj5WZXJzYW5kcHJlaXMgYWI8L3NwYW4+CiAgICAgICAgICA8c3BhbiBjbGFzcz0ianRsd3pkX3ByaWNlX3RleHQiPjQ4MSwwMCAmZXVybzs8L3NwYW4+CiAgICAgICAgPC9kaXY+CgogICAgICAgICAgICAgICAgICA8ZGl2IGNsYXNzPSJqdGx3emRfYWN0aW9uLXBhbmVsIiBzdHlsZT0idGV4dC1hbGlnbjogbGVmdCI+CiAgICAgICAgICAgIDxhIGNsYXNzPSJidG4gYnRuLXByaW1hcnkiIGhyZWY9Imh0dHBzOi8vd3d3LmdhcnRlbnRyYXVtLmRlL0FlcXVhdG9yaWFsZS1Tb25uZW51aHItYXVzLUVkZWxzdGFobC1NaWxlbml1bS0xP3JlZj13d3cuZ2FydGVudHJhdW0uZGUmY2FtcGFpZ249IiByZWw9IiIgPkpldHp0IEthdWZlbjwvYT4KICAgICAgICAgIDwvZGl2PgogICAgICAgICAgICAgIDwvZGl2PgoKICAgIDwvZmlnY2FwdGlvbj4KICA8L2ZpZ3VyZT4KPC9kaXY+Cg==  <\/div>\n  <a href=\"#\" class=\"jtlwzd_carousel_control-prev jtli_left-open\"><\/a>\n  <a href=\"#\" class=\"jtlwzd_carousel_control-next jtli_right-open\"><\/a>\n\n  \n<\/div>\n<div class=\"jtlwzd_carousel-wrapper  has-article-title has-article-desc has-article-cta\" data-item=\"597\">\n\n  <div class=\"jtlwzd_headline\" style=\"text-align:left\">\n      <a href=\"https:\/\/www.gartentraum.de\/Gartendekoration?ref=www.gartentraum.de&campaign=\" title=\"\" rel=\"\" target=\"\"><\/a>\n      <\/div>\n\n  <div class=\"jtlwzd_carousel jtlwzd_article-list\" data-intervalTime=\"0\">\n    PGRpdiBjbGFzcz0ianRsd3pkX2Nhcm91c2VsLWl0ZW0iPgogIDxmaWd1cmUgY2xhc3M9Imp0bHd6ZF9maWd1cmUiPgogICAgPGEgaHJlZj0iaHR0cHM6Ly93d3cuZ2FydGVudHJhdW0uZGUvQmVzb25kZXJlcy1XaW5kcHNpZWwtYXVzLU1ldGFsbC1taXQtRnJvZXNjaGVuLWluLVR1ZXJraXMtRnJvc2Noc3BpZWw\/cmVmPXd3dy5nYXJ0ZW50cmF1bS5kZSZjYW1wYWlnbj0iIHJlbD0iIiA+CiAgICAgIDxwaWN0dXJlPgogIDxpbWcgbG9hZGluZz0ibGF6eSIgc3JjPSJodHRwczovL3d3dy5nYXJ0ZW50cmF1bS5kZS9tZWRpYS9pbWFnZS9wcm9kdWN0LzM2NTk1L2xnL2Jlc29uZGVyZXMtd2luZHBzaWVsLWF1cy1tZXRhbGwtbWl0LWZyb2VzY2hlbi1pbi10dWVya2lzLWZyb3NjaHNwaWVsLmpwZyIgZGF0YS1lYW49IjQwNTYwMjYzNjM4MjMiIGFsdD0iRnJvc2Noc3BpZWwiLz4KPC9waWN0dXJlPgogICAgPC9hPgoKICAgICAgICAgIDxmaWdjYXB0aW9uPgogICAgICAgIDxhIGhyZWY9Imh0dHBzOi8vd3d3LmdhcnRlbnRyYXVtLmRlL0Jlc29uZGVyZXMtV2luZHBzaWVsLWF1cy1NZXRhbGwtbWl0LUZyb2VzY2hlbi1pbi1UdWVya2lzLUZyb3NjaHNwaWVsP3JlZj13d3cuZ2FydGVudHJhdW0uZGUmY2FtcGFpZ249IiByZWw9IiIgPgogICAgICAgICAgICAgICAgICAgICAgPHNwYW4gY2xhc3M9Imp0bHd6ZF9maWd1cmVfc2hvcnRuYW1lIiBzdHlsZT0idGV4dC1hbGlnbjpsZWZ0Ij5Gcm9zY2hzcGllbDwvc3Bhbj4KICAgICAgICAgICAgICAgICAgICA8L2E+CiAgICAgICAgPGRpdiBjbGFzcz0ianRsd3pkX2Rlc2NyaXB0aW9uLXByaWNpbmctYWN0aW9uX3BhbmVsIj4KICAgICAgICAgICAgICAgICAgICAgIDxzcGFuIGNsYXNzPSJqdGx3emRfZmlndXJlX3Nob3J0ZGVzY3JpcHRpb24iIHN0eWxlPSJ0ZXh0LWFsaWduOmxlZnQiPldpbmRwc2llbCBhdXMgTWV0YWxsIG1pdCBGciZvdW1sO3NjaGVuPC9zcGFuPgogICAgICAgICAgICAKICAgICAgICA8ZGl2IGNsYXNzPSJqdGx3emRfcHJpY2UiPgogICAgICAgICAgPHNwYW4gY2xhc3M9Imp0bHd6ZF9wcmljZV9sYWJlbCI+VmVyc2FuZHByZWlzIGFiPC9zcGFuPgogICAgICAgICAgPHNwYW4gY2xhc3M9Imp0bHd6ZF9wcmljZV90ZXh0Ij44MSwwMCAmZXVybzs8L3NwYW4+CiAgICAgICAgPC9kaXY+CgogICAgICAgICAgICAgICAgICA8ZGl2IGNsYXNzPSJqdGx3emRfYWN0aW9uLXBhbmVsIiBzdHlsZT0idGV4dC1hbGlnbjogbGVmdCI+CiAgICAgICAgICAgIDxhIGNsYXNzPSJidG4gYnRuLXByaW1hcnkiIGhyZWY9Imh0dHBzOi8vd3d3LmdhcnRlbnRyYXVtLmRlL0Jlc29uZGVyZXMtV2luZHBzaWVsLWF1cy1NZXRhbGwtbWl0LUZyb2VzY2hlbi1pbi1UdWVya2lzLUZyb3NjaHNwaWVsP3JlZj13d3cuZ2FydGVudHJhdW0uZGUmY2FtcGFpZ249IiByZWw9IiIgPkpldHp0IEthdWZlbjwvYT4KICAgICAgICAgIDwvZGl2PgogICAgICAgICAgICAgIDwvZGl2PgoKICAgIDwvZmlnY2FwdGlvbj4KICA8L2ZpZ3VyZT4KPC9kaXY+Cg==PGRpdiBjbGFzcz0ianRsd3pkX2Nhcm91c2VsLWl0ZW0iPgogIDxmaWd1cmUgY2xhc3M9Imp0bHd6ZF9maWd1cmUiPgogICAgPGEgaHJlZj0iaHR0cHM6Ly93d3cuZ2FydGVudHJhdW0uZGUvR2FydGVuLVNvbm5lbnVoci1TYW5kc3RlaW4tU2FldWxlLVNrYXBoZT9yZWY9d3d3LmdhcnRlbnRyYXVtLmRlJmNhbXBhaWduPSIgcmVsPSIiID4KICAgICAgPHBpY3R1cmU+CiAgPGltZyBsb2FkaW5nPSJsYXp5IiBzcmM9Imh0dHBzOi8vd3d3LmdhcnRlbnRyYXVtLmRlL21lZGlhL2ltYWdlL3Byb2R1Y3QvMzExNS9sZy9nYXJ0ZW4tc29ubmVudWhyLXNhbmRzdGVpbi1zYWV1bGUtc2thcGhlLmpwZyIgZGF0YS1lYW49IjQyNjAyMTgzODA0NTUiIGFsdD0iU2thcGhlIi8+CjwvcGljdHVyZT4KICAgIDwvYT4KCiAgICAgICAgICA8ZmlnY2FwdGlvbj4KICAgICAgICA8YSBocmVmPSJodHRwczovL3d3dy5nYXJ0ZW50cmF1bS5kZS9HYXJ0ZW4tU29ubmVudWhyLVNhbmRzdGVpbi1TYWV1bGUtU2thcGhlP3JlZj13d3cuZ2FydGVudHJhdW0uZGUmY2FtcGFpZ249IiByZWw9IiIgPgogICAgICAgICAgICAgICAgICAgICAgPHNwYW4gY2xhc3M9Imp0bHd6ZF9maWd1cmVfc2hvcnRuYW1lIiBzdHlsZT0idGV4dC1hbGlnbjpsZWZ0Ij5Ta2FwaGU8L3NwYW4+CiAgICAgICAgICAgICAgICAgICAgPC9hPgogICAgICAgIDxkaXYgY2xhc3M9Imp0bHd6ZF9kZXNjcmlwdGlvbi1wcmljaW5nLWFjdGlvbl9wYW5lbCI+CiAgICAgICAgICAgICAgICAgICAgICA8c3BhbiBjbGFzcz0ianRsd3pkX2ZpZ3VyZV9zaG9ydGRlc2NyaXB0aW9uIiBzdHlsZT0idGV4dC1hbGlnbjpsZWZ0Ij5Tb25uZW51aHIgbWl0IFMmYXVtbDt1bGU8L3NwYW4+CiAgICAgICAgICAgIAogICAgICAgIDxkaXYgY2xhc3M9Imp0bHd6ZF9wcmljZSI+CiAgICAgICAgICA8c3BhbiBjbGFzcz0ianRsd3pkX3ByaWNlX2xhYmVsIj5WZXJzYW5kcHJlaXMgYWI8L3NwYW4+CiAgICAgICAgICA8c3BhbiBjbGFzcz0ianRsd3pkX3ByaWNlX3RleHQiPjEuMzAwLDAwICZldXJvOzwvc3Bhbj4KICAgICAgICA8L2Rpdj4KCiAgICAgICAgICAgICAgICAgIDxkaXYgY2xhc3M9Imp0bHd6ZF9hY3Rpb24tcGFuZWwiIHN0eWxlPSJ0ZXh0LWFsaWduOiBsZWZ0Ij4KICAgICAgICAgICAgPGEgY2xhc3M9ImJ0biBidG4tcHJpbWFyeSIgaHJlZj0iaHR0cHM6Ly93d3cuZ2FydGVudHJhdW0uZGUvR2FydGVuLVNvbm5lbnVoci1TYW5kc3RlaW4tU2FldWxlLVNrYXBoZT9yZWY9d3d3LmdhcnRlbnRyYXVtLmRlJmNhbXBhaWduPSIgcmVsPSIiID5KZXR6dCBLYXVmZW48L2E+CiAgICAgICAgICA8L2Rpdj4KICAgICAgICAgICAgICA8L2Rpdj4KCiAgICA8L2ZpZ2NhcHRpb24+CiAgPC9maWd1cmU+CjwvZGl2Pgo=PGRpdiBjbGFzcz0ianRsd3pkX2Nhcm91c2VsLWl0ZW0iPgogIDxmaWd1cmUgY2xhc3M9Imp0bHd6ZF9maWd1cmUiPgogICAgPGEgaHJlZj0iaHR0cHM6Ly93d3cuZ2FydGVudHJhdW0uZGUvS2luZGVyLVN0ZWgtV2lwcGUtZnVlci1kZW4tU3BpZWxwbGF0ei1hdXMtSG9sei1EaWUtSG9semlkZWUtU3RlaHdpcHBlP3JlZj13d3cuZ2FydGVudHJhdW0uZGUmY2FtcGFpZ249IiByZWw9IiIgPgogICAgICA8cGljdHVyZT4KICA8aW1nIGxvYWRpbmc9ImxhenkiIHNyYz0iaHR0cHM6Ly93d3cuZ2FydGVudHJhdW0uZGUvbWVkaWEvaW1hZ2UvcHJvZHVjdC8zNDIyNi9sZy9raW5kZXItc3RlaC13aXBwZS1mdWVyLWRlbi1zcGllbHBsYXR6LWF1cy1ob2x6LWRpZS1ob2x6aWRlZS1zdGVod2lwcGUuanBnIiBkYXRhLWVhbj0iNDA1NjAyNjMyOTEwMiIgYWx0PSJTdGVod2lwcGUiLz4KPC9waWN0dXJlPgogICAgPC9hPgoKICAgICAgICAgIDxmaWdjYXB0aW9uPgogICAgICAgIDxhIGhyZWY9Imh0dHBzOi8vd3d3LmdhcnRlbnRyYXVtLmRlL0tpbmRlci1TdGVoLVdpcHBlLWZ1ZXItZGVuLVNwaWVscGxhdHotYXVzLUhvbHotRGllLUhvbHppZGVlLVN0ZWh3aXBwZT9yZWY9d3d3LmdhcnRlbnRyYXVtLmRlJmNhbXBhaWduPSIgcmVsPSIiID4KICAgICAgICAgICAgICAgICAgICAgIDxzcGFuIGNsYXNzPSJqdGx3emRfZmlndXJlX3Nob3J0bmFtZSIgc3R5bGU9InRleHQtYWxpZ246bGVmdCI+U3RlaHdpcHBlPC9zcGFuPgogICAgICAgICAgICAgICAgICAgIDwvYT4KICAgICAgICA8ZGl2IGNsYXNzPSJqdGx3emRfZGVzY3JpcHRpb24tcHJpY2luZy1hY3Rpb25fcGFuZWwiPgogICAgICAgICAgICAgICAgICAgICAgPHNwYW4gY2xhc3M9Imp0bHd6ZF9maWd1cmVfc2hvcnRkZXNjcmlwdGlvbiIgc3R5bGU9InRleHQtYWxpZ246bGVmdCI+S2luZGVyIFN0ZWgtV2lwcGUgYXVzIEhvbHo8L3NwYW4+CiAgICAgICAgICAgIAogICAgICAgIDxkaXYgY2xhc3M9Imp0bHd6ZF9wcmljZSI+CiAgICAgICAgICA8c3BhbiBjbGFzcz0ianRsd3pkX3ByaWNlX2xhYmVsIj5WZXJzYW5kcHJlaXMgYWI8L3NwYW4+CiAgICAgICAgICA8c3BhbiBjbGFzcz0ianRsd3pkX3ByaWNlX3RleHQiPjcuMDAyLDAwICZldXJvOzwvc3Bhbj4KICAgICAgICA8L2Rpdj4KCiAgICAgICAgICAgICAgICAgIDxkaXYgY2xhc3M9Imp0bHd6ZF9hY3Rpb24tcGFuZWwiIHN0eWxlPSJ0ZXh0LWFsaWduOiBsZWZ0Ij4KICAgICAgICAgICAgPGEgY2xhc3M9ImJ0biBidG4tcHJpbWFyeSIgaHJlZj0iaHR0cHM6Ly93d3cuZ2FydGVudHJhdW0uZGUvS2luZGVyLVN0ZWgtV2lwcGUtZnVlci1kZW4tU3BpZWxwbGF0ei1hdXMtSG9sei1EaWUtSG9semlkZWUtU3RlaHdpcHBlP3JlZj13d3cuZ2FydGVudHJhdW0uZGUmY2FtcGFpZ249IiByZWw9IiIgPkpldHp0IEthdWZlbjwvYT4KICAgICAgICAgIDwvZGl2PgogICAgICAgICAgICAgIDwvZGl2PgoKICAgIDwvZmlnY2FwdGlvbj4KICA8L2ZpZ3VyZT4KPC9kaXY+Cg==PGRpdiBjbGFzcz0ianRsd3pkX2Nhcm91c2VsLWl0ZW0iPgogIDxmaWd1cmUgY2xhc3M9Imp0bHd6ZF9maWd1cmUiPgogICAgPGEgaHJlZj0iaHR0cHM6Ly93d3cuZ2FydGVudHJhdW0uZGUvT3V0ZG9vci1QZmxhbnp0b3BmLWltLTRlci1TZXQtU3RlaW5vcHRpay1sZWljaHQtd2ludGVyZmVzdC1BbGxlcm9uYT9yZWY9d3d3LmdhcnRlbnRyYXVtLmRlJmNhbXBhaWduPSIgcmVsPSIiID4KICAgICAgPHBpY3R1cmU+CiAgPGltZyBsb2FkaW5nPSJsYXp5IiBzcmM9Imh0dHBzOi8vd3d3LmdhcnRlbnRyYXVtLmRlL21lZGlhL2ltYWdlL3Byb2R1Y3QvMjkxMDUvbGcvb3V0ZG9vci1wZmxhbnp0b3BmLWltLTRlci1zZXQtc3RlaW5vcHRpay1sZWljaHQtd2ludGVyZmVzdC1hbGxlcm9uYS5qcGciIGRhdGEtZWFuPSI0MDU2MDI2Mjk0OTY3IiBhbHQ9IkFsbGVyb25hIi8+CjwvcGljdHVyZT4KICAgIDwvYT4KCiAgICAgICAgICA8ZmlnY2FwdGlvbj4KICAgICAgICA8YSBocmVmPSJodHRwczovL3d3dy5nYXJ0ZW50cmF1bS5kZS9PdXRkb29yLVBmbGFuenRvcGYtaW0tNGVyLVNldC1TdGVpbm9wdGlrLWxlaWNodC13aW50ZXJmZXN0LUFsbGVyb25hP3JlZj13d3cuZ2FydGVudHJhdW0uZGUmY2FtcGFpZ249IiByZWw9IiIgPgogICAgICAgICAgICAgICAgICAgICAgPHNwYW4gY2xhc3M9Imp0bHd6ZF9maWd1cmVfc2hvcnRuYW1lIiBzdHlsZT0idGV4dC1hbGlnbjpsZWZ0Ij5BbGxlcm9uYTwvc3Bhbj4KICAgICAgICAgICAgICAgICAgICA8L2E+CiAgICAgICAgPGRpdiBjbGFzcz0ianRsd3pkX2Rlc2NyaXB0aW9uLXByaWNpbmctYWN0aW9uX3BhbmVsIj4KICAgICAgICAgICAgICAgICAgICAgIDxzcGFuIGNsYXNzPSJqdGx3emRfZmlndXJlX3Nob3J0ZGVzY3JpcHRpb24iIHN0eWxlPSJ0ZXh0LWFsaWduOmxlZnQiPk91dGRvb3IgUGZsYW56dG9wZiBpbSA0ZXIgU2V0PC9zcGFuPgogICAgICAgICAgICAKICAgICAgICA8ZGl2IGNsYXNzPSJqdGx3emRfcHJpY2UiPgogICAgICAgICAgPHNwYW4gY2xhc3M9Imp0bHd6ZF9wcmljZV9sYWJlbCI+VmVyc2FuZHByZWlzIGFiPC9zcGFuPgogICAgICAgICAgPHNwYW4gY2xhc3M9Imp0bHd6ZF9wcmljZV90ZXh0Ij43MzAsMDAgJmV1cm87PC9zcGFuPgogICAgICAgIDwvZGl2PgoKICAgICAgICAgICAgICAgICAgPGRpdiBjbGFzcz0ianRsd3pkX2FjdGlvbi1wYW5lbCIgc3R5bGU9InRleHQtYWxpZ246IGxlZnQiPgogICAgICAgICAgICA8YSBjbGFzcz0iYnRuIGJ0bi1wcmltYXJ5IiBocmVmPSJodHRwczovL3d3dy5nYXJ0ZW50cmF1bS5kZS9PdXRkb29yLVBmbGFuenRvcGYtaW0tNGVyLVNldC1TdGVpbm9wdGlrLWxlaWNodC13aW50ZXJmZXN0LUFsbGVyb25hP3JlZj13d3cuZ2FydGVudHJhdW0uZGUmY2FtcGFpZ249IiByZWw9IiIgPkpldHp0IEthdWZlbjwvYT4KICAgICAgICAgIDwvZGl2PgogICAgICAgICAgICAgIDwvZGl2PgoKICAgIDwvZmlnY2FwdGlvbj4KICA8L2ZpZ3VyZT4KPC9kaXY+Cg==  <\/div>\n  <a href=\"#\" class=\"jtlwzd_carousel_control-prev jtli_left-open\"><\/a>\n  <a href=\"#\" class=\"jtlwzd_carousel_control-next jtli_right-open\"><\/a>\n\n      <div class=\"jtlwzd_carousel_more\" style=\"text-align:left;\">\n      <a href=\"https:\/\/www.gartentraum.de\/Gartendekoration?ref=www.gartentraum.de&campaign=\" title=\"\" rel=\"\" target=\"\">Alle Gartendekorationen entdecken<\/a>\n    <\/div>\n  \n<\/div>\n<p>&nbsp;<\/p>\n<span id=\"9\"><\/span>\n<h2 class=\"h2Special\">Liste der Landesgartenschauen 2022<\/h2>\n<p>&nbsp;<\/p>\n<p>Damit Sie jedoch nicht alle zwei Jahre auf eine neue Gartenschau warten m\u00fcssen, k\u00f6nnen Sie stattdessen beinahe jedes Jahr eine Landesgartenschau, kurz genannt LAGA oder LGS, innerhalb der deutschen Bundesl\u00e4nder besuchen. Von den insgesamt 16 Bundesl\u00e4ndern sind dabei Baden-W\u00fcrttemberg, Brandenburg sowie Sachsen die entsprechenden Austragungsorte der Landesgartenschauen 2022. Alle wesentlichen Daten zur entsprechenden Landesgartenschau &#8211; Tickets und Eintrittspreisen, \u00d6ffnungszeiten, Anfahrten, Lageplan sowie Veranstaltungsprogramme &#8211; erfahren Sie im Folgenden.<\/p>\n<p>&nbsp;<\/p>\n<span id=\"10\"><\/span>\n<h3>Landesgartenschau Neuenburg am Rhein 2022, Baden-W\u00fcrttemberg<\/h3>\n<p>Das im S\u00fcdwesten gelegene Bundesland besticht nicht nur durch seine Vielzahl an traditionellen D\u00f6rfchen und der N\u00e4he zu Schweiz und <a title=\"Unser \u00f6sterreichischer Gartentraum Onlineshop\" href=\"https:\/\/www.gartentraum.at\/\" target=\"_blank\" rel=\"noopener\">\u00d6sterreich<\/a>, sondern auch mit der k\u00fcnftig stattfindenden Landesgartenschau.<\/p>\n<p>&nbsp;<\/p>\n\n    <div class=\"size_l\">            \n        <div class=\"yt_player\" data-src=\"https:\/\/www.youtube.com\/embed\/oh9BvFcb52M \">\n        <img class=\"playIcon\" data-src=\"https:\/\/www.gartentraum.de\/magazin\/wp-content\/themes\/garta\/img\/ytPlayIcon.png\"\/> \n            <img decoding=\"async\" class=\"ytPre\" title=\"Bundesgartenschau (BUGA 2023) &#038; alle Landesgartenschauen 2022 &#038; 2023 im \u00dcberblick\" alt=\"Bundesgartenschau (BUGA 2023) &#038; alle Landesgartenschauen 2022 &#038; 2023 im \u00dcberblick\" loading=\"lazy\" src=\"https:\/\/www.gartentraum.de\/magazin\/wp-content\/uploads\/2021\/11\/buga-laga-video-thumbnail.jpg\"\/>\n                <iframe width=\"560\" height=\"315\" data-src=\"https:\/\/www.youtube-nocookie.com\/embed\/oh9BvFcb52M?autoplay=1\" frameborder=\"0\" allowfullscreen><\/iframe>        \n        <\/div>\n    <\/div>\n    \n<p>&nbsp;<\/p>\n<p><strong>Veranstaltungsort:<\/strong> Neuenburg am Rhein<\/p>\n<p>&nbsp;<\/p>\n<p><strong>Datum:<\/strong> 22.04.2022 \u2013 03.10.2022<\/p>\n<p>&nbsp;<\/p>\n<p><strong>\u00d6ffnungszeiten:<\/strong> t\u00e4glich von 10:00 bis 19:00 Uhr<\/p>\n<p>&nbsp;<\/p>\n<p><strong>Tickets &amp; Eintrittspreise:<\/strong> Der Eintrittspreis f\u00fcr eine Tageskarte bewegt sich im Bereich von 14,25 \u20ac bis 19,00 \u20ac.<\/p>\n<p>&nbsp;<\/p>\n<p><strong>Highlights &amp; Veranstaltungsprogramm:<\/strong><\/p>\n<div class=\"contentBoxLinded\"><p><\/p>\n<ul>\n<li>Konzertveranstaltung mit Axel Prahl<\/li>\n<li>B\u00fcrgerprojekte<\/li>\n<li>Accoustic Fun Orchestra<\/li>\n<li>Jess Jochimsen Kabarett<\/li>\n<li>Comedy mit Magdalena Ganter<\/li>\n<li>RegioJam Revival<\/li>\n<\/ul>\n<p><\/p><\/div>\n<p><strong>Anfahrt, Route &amp; Lageplan:<\/strong> Anfahrt \u00fcber die A5 , Ausfahrt 65 M\u00fcllheim \/ Nauenburg. Per Bahn: Bahnhof Neuenburg (Baden).<\/p>\n<p>&nbsp;<\/p>\n<div id=\"attachment_30968\" class=\"wp-caption aligncenter\" style=\"width: 1210px\"><img loading=\"lazy\" decoding=\"async\" class=\"wp-image-30968 size-full\" src=\"https:\/\/www.gartentraum.de\/magazin\/wp-content\/uploads\/2021\/11\/buga-laga-lageplan-laga-bawue-2022.jpg\" alt=\"Lageplan der BUGA BaW\u00fc 2022\" width=\"1200\" height=\"800\" srcset=\"https:\/\/www.gartentraum.de\/magazin\/wp-content\/uploads\/2021\/11\/buga-laga-lageplan-laga-bawue-2022.jpg 1200w, https:\/\/www.gartentraum.de\/magazin\/wp-content\/uploads\/2021\/11\/buga-laga-lageplan-laga-bawue-2022-300x200.jpg 300w, https:\/\/www.gartentraum.de\/magazin\/wp-content\/uploads\/2021\/11\/buga-laga-lageplan-laga-bawue-2022-1070x713.jpg 1070w, https:\/\/www.gartentraum.de\/magazin\/wp-content\/uploads\/2021\/11\/buga-laga-lageplan-laga-bawue-2022-768x512.jpg 768w, https:\/\/www.gartentraum.de\/magazin\/wp-content\/uploads\/2021\/11\/buga-laga-lageplan-laga-bawue-2022-350x233.jpg 350w, https:\/\/www.gartentraum.de\/magazin\/wp-content\/uploads\/2021\/11\/buga-laga-lageplan-laga-bawue-2022-1024x682.jpg 1024w, https:\/\/www.gartentraum.de\/magazin\/wp-content\/uploads\/2021\/11\/buga-laga-lageplan-laga-bawue-2022-75x50.jpg 75w, https:\/\/www.gartentraum.de\/magazin\/wp-content\/uploads\/2021\/11\/buga-laga-lageplan-laga-bawue-2022-430x287.jpg 430w\" sizes=\"auto, (max-width: 1200px) 100vw, 1200px\" \/><p class=\"wp-caption-text\">Neuenburg am Rhein plant eine wundervolle Ausstellung f\u00fcr seine Besucher. \u00a9 Landesgartenschau 2022 Neuenburg am Rhein.\r\n            <span class=\"social_links\">\r\n                <a title=\"auf pinterest teilen\" rel=\"nofollow\" target=\"_blank\" href=\"https:\/\/pinterest.com\/pin\/create\/button\/?url=https:\/\/www.gartentraum.de\/magazin\/wp-json\/wp\/v2\/posts\/30929&media=https:\/\/www.gartentraum.de\/magazin\/wp-content\/uploads\/2021\/11\/buga-laga-lageplan-laga-bawue-2022.jpg&description=Neuenburg am Rhein plant eine wundervolle Ausstellung f\u00fcr seine Besucher. \u00a9 Landesgartenschau 2022 Neuenburg am Rhein.\"><svg x=\"0px\" y=\"0px\"\r\n\t width=\"50px\" height=\"50px\" viewBox=\"0 0 50 50\"><path d=\"M39.553,5.124c-3.441-3.303-8.205-5.123-13.412-5.123c-7.953,0-12.845,3.26-15.548,5.995\r\n\t\tc-3.331,3.37-5.241,7.846-5.241,12.278c0,5.566,2.327,9.837,6.227,11.427c0.262,0.107,0.524,0.16,0.783,0.16\r\n\t\tc0.822,0,1.474-0.537,1.699-1.4c0.132-0.496,0.437-1.717,0.569-2.248c0.284-1.046,0.055-1.55-0.564-2.279\r\n\t\tc-1.128-1.336-1.652-2.912-1.652-4.966c0-6.098,4.541-12.58,12.958-12.58c6.678,0,10.826,3.796,10.826,9.906\r\n\t\tc0,3.855-0.83,7.425-2.338,10.054c-1.049,1.826-2.893,4.004-5.723,4.004c-1.223,0-2.322-0.504-3.016-1.379\r\n\t\tc-0.656-0.828-0.871-1.898-0.607-3.013c0.297-1.262,0.703-2.576,1.096-3.846c0.717-2.32,1.395-4.513,1.395-6.262\r\n\t\tc0-2.991-1.84-5.001-4.576-5.001c-3.479,0-6.203,3.532-6.203,8.042c0,2.211,0.588,3.866,0.854,4.5\r\n\t\tc-0.438,1.857-3.042,12.894-3.536,14.974c-0.285,1.217-2.006,10.813,0.842,11.576c3.2,0.861,6.06-8.484,6.351-9.541\r\n\t\tc0.236-0.859,1.062-4.107,1.567-6.104c1.545,1.488,4.032,2.494,6.452,2.494c4.563,0,8.664-2.053,11.553-5.781\r\n\t\tc2.801-3.615,4.342-8.654,4.342-14.187C44.648,12.499,42.791,8.234,39.553,5.124z\"\/><\/svg><\/a>\r\n                <a title=\"auf facebook teilen\" rel=\"nofollow\" target=\"_blank\" href=\"https:\/\/www.facebook.com\/sharer\/sharer.php?u=https:\/\/www.gartentraum.de\/magazin\/wp-json\/wp\/v2\/posts\/30929\"><svg x=\"0px\" y=\"0px\" width=\"23.325px\" height=\"49.982px\" viewBox=\"0 0 23.325 49.982\"><path d=\"M5.042,9.68c0,1.26,0,6.882,0,6.882H0v8.415h5.042v25.005h10.356V24.977h6.95\r\n\t\tc0,0,0.651-4.035,0.966-8.447c-0.905,0-7.877,0-7.877,0s0-4.896,0-5.753c0-0.86,1.129-2.017,2.246-2.017c1.114,0,3.465,0,5.642,0\r\n\t\tc0-1.146,0-5.104,0-8.76c-2.907,0-6.214,0-7.672,0C4.786,0,5.042,8.423,5.042,9.68z\"\/><\/svg><\/a>\r\n                <a title=\"Download der Grafik\" rel=\"nofollow\" target=\"_blank\" href=\"https:\/\/www.gartentraum.de\/magazin\/wp-content\/uploads\/2021\/11\/buga-laga-lageplan-laga-bawue-2022.jpg?original\"><svg viewBox=\"0 0 576 512\"><path d=\"M528 288h-92.1l46.1-46.1c30.1-30.1 8.8-81.9-33.9-81.9h-64V48c0-26.5-21.5-48-48-48h-96c-26.5 0-48 21.5-48 48v112h-64c-42.6 0-64.2 51.7-33.9 81.9l46.1 46.1H48c-26.5 0-48 21.5-48 48v128c0 26.5 21.5 48 48 48h480c26.5 0 48-21.5 48-48V336c0-26.5-21.5-48-48-48zm-400-80h112V48h96v160h112L288 368 128 208zm400 256H48V336h140.1l65.9 65.9c18.8 18.8 49.1 18.7 67.9 0l65.9-65.9H528v128zm-88-64c0-13.3 10.7-24 24-24s24 10.7 24 24-10.7 24-24 24-24-10.7-24-24z\"><\/path><\/svg><\/a>  \r\n            <\/span>\r\n        <\/p><\/div>\n<div class=\"single_button\"><a href=\"https:\/\/www.gartentraum.de\/magazin\/gartenstile\/\" title=\"Englischer Garten, Barockgarten &amp; Co.: Bildergalerie\">Gartenstile kennenlernen<\/a><\/div>\n<p>&nbsp;<\/p>\n<span id=\"11\"><\/span>\n<h3>Landesgartenschau Beelitz 2022, Brandenburg<\/h3>\n<p>W\u00e4lder, Seen und <a title=\"Wasserspiele im Garten aus Naturstein &amp; Edelstahl - 20 Ideen &amp; Bilder\" href=\"https:\/\/www.gartentraum.de\/magazin\/wasserspiele-garten\/\" rel=\"\">Wasser<\/a>gebiete \u2013 Brandenburg hat eine Menge an Natur zu bieten. So verwundert es nicht, dass es die Landesgartenschau auch im kommenden Jahr in das beschauliche Land im Nordosten Deutschlands zieht. Wo und wann die LAGA 2022 in Brandenburg stattfindet, erfahren Sie im Folgenden.<\/p>\n<p>&nbsp;<\/p>\n<p><strong>Veranstaltungsort:<\/strong> Beelitz<\/p>\n<p>&nbsp;<\/p>\n<p><strong>Datum:<\/strong> 14.04.2022 \u2013 31.10.2022<\/p>\n<p>&nbsp;<\/p>\n<p><strong>\u00d6ffnungszeiten:<\/strong> T\u00e4glich 10 &#8211; 19 Uhr, bei kostenpflichtigen Abendveranstaltungen bis 18 Uhr.<\/p>\n<p>&nbsp;<\/p>\n<p><strong>Tickets &amp; Eintrittspreise:<\/strong> Sch\u00fcler bis 15 Jahre haben freien Eintritt. Der Preis f\u00fcr eine Tageskarte betr\u00e4gt 8,00 \u20ac bis 17,00 \u20ac, auch Dauerkarten sind bereits erh\u00e4ltlich.<\/p>\n<p>&nbsp;<\/p>\n<p><strong>Highlights &amp; Veranstaltungsprogramm:<\/strong><\/p>\n<div class=\"contentBoxLinded\"><p><\/p>\n<ul>\n<li>Regionalmarkt au\u00dferhalb des eintrittspflichtigen Gel\u00e4ndes<\/li>\n<li>Gr\u00fcnes Klassenzimmer f\u00fcr Schulen &amp; Kitas: \u00fcber 300 Workshops\u00a0 und Projekttage<\/li>\n<li>An 22 Sonntagen: B\u00fchne im Sommergarten mit zwei- bis dreist\u00fcndigem Programm<\/li>\n<li>24. Juni um 20 Uhr: Starnacht mit Beatrice Egli, Jan-Marten Block &amp; Ramon Roselly.<\/li>\n<li>1. Juli um 20 Uhr: Zoe Wees.<\/li>\n<li>16. Juli um 20 Uhr: Vicky Leandros &amp; Howard Carpendale. Karten: 49 \u20ac<\/li>\n<li>24. Juli um 20 Uhr: Max Mutzke &amp; die SWR Big Band. Karten: 59 \u20ac<\/li>\n<li>28. Juli um 20 Uhr: Deborah Sasson mit St. Petersburger Philharmonie. Karten: 45 \u20ac<\/li>\n<li>21. August um 20 Uhr: Helge Schneider und &#8222;die original R\u00fcgenschweine&#8220;. <a title=\"Karten f\u00fcr Helge Schneider bei reservix kaufen\" href=\"https:\/\/www.reservix.de\/tickets-helge-schneider-ein-mann-und-seine-gitarre-in-beelitz-hauptbuehne-am-21-8-2022\/e1753285\" target=\"_blank\" rel=\"nofollow noopener\">Karten<\/a>: 55 \u20ac.<\/li>\n<li>27. August um 20 Uhr: Santiano. Karten: 85 \u20ac.<\/li>\n<\/ul>\n<p><\/p><\/div>\n<p><strong>Anfahrt, Route &amp; Lageplan:<\/strong> Anfahrt \u00fcber die A10, A9, B2 und B246, per Fahrrad \u00fcber den Europaradweg R1 oder per Bahn \u00fcber den Bahnhof Beelitz-Heilst\u00e4tten mit angeschlossenem Shuttle.<\/p>\n<p>&nbsp;<\/p>\n<div id=\"attachment_30982\" class=\"wp-caption aligncenter\" style=\"width: 1210px\"><img loading=\"lazy\" decoding=\"async\" class=\"size-full wp-image-30982\" src=\"https:\/\/www.gartentraum.de\/magazin\/wp-content\/uploads\/2021\/11\/buga-laga-beelitz-2022-karte.jpg\" alt=\"Karte mit Berlin, Potsdam und Beelitz\" width=\"1200\" height=\"800\" srcset=\"https:\/\/www.gartentraum.de\/magazin\/wp-content\/uploads\/2021\/11\/buga-laga-beelitz-2022-karte.jpg 1200w, https:\/\/www.gartentraum.de\/magazin\/wp-content\/uploads\/2021\/11\/buga-laga-beelitz-2022-karte-300x200.jpg 300w, https:\/\/www.gartentraum.de\/magazin\/wp-content\/uploads\/2021\/11\/buga-laga-beelitz-2022-karte-1070x713.jpg 1070w, https:\/\/www.gartentraum.de\/magazin\/wp-content\/uploads\/2021\/11\/buga-laga-beelitz-2022-karte-768x512.jpg 768w, https:\/\/www.gartentraum.de\/magazin\/wp-content\/uploads\/2021\/11\/buga-laga-beelitz-2022-karte-350x233.jpg 350w, https:\/\/www.gartentraum.de\/magazin\/wp-content\/uploads\/2021\/11\/buga-laga-beelitz-2022-karte-1024x682.jpg 1024w, https:\/\/www.gartentraum.de\/magazin\/wp-content\/uploads\/2021\/11\/buga-laga-beelitz-2022-karte-75x50.jpg 75w, https:\/\/www.gartentraum.de\/magazin\/wp-content\/uploads\/2021\/11\/buga-laga-beelitz-2022-karte-430x287.jpg 430w\" sizes=\"auto, (max-width: 1200px) 100vw, 1200px\" \/><p class=\"wp-caption-text\">Beelitz liegt s\u00fcd-westlich von Berlin und ist gut zu erreichen. \u00a9 LAGA Beelitz gGmbH.\r\n            <span class=\"social_links\">\r\n                <a title=\"auf pinterest teilen\" rel=\"nofollow\" target=\"_blank\" href=\"https:\/\/pinterest.com\/pin\/create\/button\/?url=https:\/\/www.gartentraum.de\/magazin\/wp-json\/wp\/v2\/posts\/30929&media=https:\/\/www.gartentraum.de\/magazin\/wp-content\/uploads\/2021\/11\/buga-laga-beelitz-2022-karte.jpg&description=Beelitz liegt s\u00fcd-westlich von Berlin und ist gut zu erreichen. \u00a9 LAGA Beelitz gGmbH.\"><svg x=\"0px\" y=\"0px\"\r\n\t width=\"50px\" height=\"50px\" viewBox=\"0 0 50 50\"><path d=\"M39.553,5.124c-3.441-3.303-8.205-5.123-13.412-5.123c-7.953,0-12.845,3.26-15.548,5.995\r\n\t\tc-3.331,3.37-5.241,7.846-5.241,12.278c0,5.566,2.327,9.837,6.227,11.427c0.262,0.107,0.524,0.16,0.783,0.16\r\n\t\tc0.822,0,1.474-0.537,1.699-1.4c0.132-0.496,0.437-1.717,0.569-2.248c0.284-1.046,0.055-1.55-0.564-2.279\r\n\t\tc-1.128-1.336-1.652-2.912-1.652-4.966c0-6.098,4.541-12.58,12.958-12.58c6.678,0,10.826,3.796,10.826,9.906\r\n\t\tc0,3.855-0.83,7.425-2.338,10.054c-1.049,1.826-2.893,4.004-5.723,4.004c-1.223,0-2.322-0.504-3.016-1.379\r\n\t\tc-0.656-0.828-0.871-1.898-0.607-3.013c0.297-1.262,0.703-2.576,1.096-3.846c0.717-2.32,1.395-4.513,1.395-6.262\r\n\t\tc0-2.991-1.84-5.001-4.576-5.001c-3.479,0-6.203,3.532-6.203,8.042c0,2.211,0.588,3.866,0.854,4.5\r\n\t\tc-0.438,1.857-3.042,12.894-3.536,14.974c-0.285,1.217-2.006,10.813,0.842,11.576c3.2,0.861,6.06-8.484,6.351-9.541\r\n\t\tc0.236-0.859,1.062-4.107,1.567-6.104c1.545,1.488,4.032,2.494,6.452,2.494c4.563,0,8.664-2.053,11.553-5.781\r\n\t\tc2.801-3.615,4.342-8.654,4.342-14.187C44.648,12.499,42.791,8.234,39.553,5.124z\"\/><\/svg><\/a>\r\n                <a title=\"auf facebook teilen\" rel=\"nofollow\" target=\"_blank\" href=\"https:\/\/www.facebook.com\/sharer\/sharer.php?u=https:\/\/www.gartentraum.de\/magazin\/wp-json\/wp\/v2\/posts\/30929\"><svg x=\"0px\" y=\"0px\" width=\"23.325px\" height=\"49.982px\" viewBox=\"0 0 23.325 49.982\"><path d=\"M5.042,9.68c0,1.26,0,6.882,0,6.882H0v8.415h5.042v25.005h10.356V24.977h6.95\r\n\t\tc0,0,0.651-4.035,0.966-8.447c-0.905,0-7.877,0-7.877,0s0-4.896,0-5.753c0-0.86,1.129-2.017,2.246-2.017c1.114,0,3.465,0,5.642,0\r\n\t\tc0-1.146,0-5.104,0-8.76c-2.907,0-6.214,0-7.672,0C4.786,0,5.042,8.423,5.042,9.68z\"\/><\/svg><\/a>\r\n                <a title=\"Download der Grafik\" rel=\"nofollow\" target=\"_blank\" href=\"https:\/\/www.gartentraum.de\/magazin\/wp-content\/uploads\/2021\/11\/buga-laga-beelitz-2022-karte.jpg?original\"><svg viewBox=\"0 0 576 512\"><path d=\"M528 288h-92.1l46.1-46.1c30.1-30.1 8.8-81.9-33.9-81.9h-64V48c0-26.5-21.5-48-48-48h-96c-26.5 0-48 21.5-48 48v112h-64c-42.6 0-64.2 51.7-33.9 81.9l46.1 46.1H48c-26.5 0-48 21.5-48 48v128c0 26.5 21.5 48 48 48h480c26.5 0 48-21.5 48-48V336c0-26.5-21.5-48-48-48zm-400-80h112V48h96v160h112L288 368 128 208zm400 256H48V336h140.1l65.9 65.9c18.8 18.8 49.1 18.7 67.9 0l65.9-65.9H528v128zm-88-64c0-13.3 10.7-24 24-24s24 10.7 24 24-10.7 24-24 24-24-10.7-24-24z\"><\/path><\/svg><\/a>  \r\n            <\/span>\r\n        <\/p><\/div>\n<p>&nbsp;<\/p>\n<span id=\"12\"><\/span>\n<h3>Landesgartenschau Bad Gandersheim 2023, Niedersachsen<\/h3>\n<p>47.600 Quadratkilometer weite Fl\u00e4che und 8 Millionen Einwohner \u2013 damit z\u00e4hlt Niedersachsen ohne Zweifel zum zweigr\u00f6\u00dften Bundesland Deutschlands. Neben der Hochdeutsch-Burg Hannover wird die Landesgartenschau in Niedersachsen mit Sicherheit \u00fcberzeugen.<\/p>\n<div class=\"contentBoxLinded\"><p><strong>Bitte beachten Sie:<\/strong> Aufgrund der Corona-Pandemie und damit verbundenen Planungsschwierigkeiten wurde die die LAGA Bad Gandersheim um ein Jahr verschoben und findet nun 2023 statt! S\u00e4mtliche bereits erworbene Tickets behalten selbstverst\u00e4ndlich ihre G\u00fcltigkeit.\u00a0<\/p><\/div>\n<p><strong>Veranstaltungsort:<\/strong> Bad Gandersheim<\/p>\n<p>&nbsp;<\/p>\n<p><strong>Datum:<\/strong> 14.04.2023 \u2013 15.10.2023<\/p>\n<p>&nbsp;<\/p>\n<p><strong>\u00d6ffnungszeiten:<\/strong> 09:00 bis 18:30 Uhr<\/p>\n<p>&nbsp;<\/p>\n<p><strong>Tickets &amp; Eintrittspreise:<\/strong> Eine Tageskarte f\u00fcr Erwachsene kostet 19,00 \u20ac, es gibt aber auch Dauerkarten, Erm\u00e4\u00dfigungen und Einzeleintritte f\u00fcr die Blumenhalle.<\/p>\n<p>&nbsp;<\/p>\n<p><strong>Highlights &amp; Veranstaltungsprogramm:<\/strong><\/p>\n<div class=\"contentBoxLinded\"><p><\/p>\n<ul>\n<li>Konzerte, Theater &amp; Musicals auf der Sparkassen-Seeb\u00fchne<\/li>\n<li>Konzertmuschel &amp; Sole-Freibad im Roswithapark<\/li>\n<li>Kindertheater, Lesungen &amp; Beach Bar mit Special-Events<\/li>\n<\/ul>\n<p><\/p><\/div>\n<p><strong>Anfahrt, Route &amp; Lageplan:<\/strong> Anfahrt \u00fcber die B64 mit Anschluss an die A7 oder mit dem Zug \u00fcber den Bahnhof Bad Gandersheim.<\/p>\n<p>&nbsp;<\/p>\n<div id=\"attachment_30971\" class=\"wp-caption aligncenter\" style=\"width: 1210px\"><img loading=\"lazy\" decoding=\"async\" class=\"wp-image-30971 size-full\" src=\"https:\/\/www.gartentraum.de\/magazin\/wp-content\/uploads\/2021\/11\/buga-laga-bad-gandersheim-kirche.jpg\" alt=\"\" width=\"1200\" height=\"800\" srcset=\"https:\/\/www.gartentraum.de\/magazin\/wp-content\/uploads\/2021\/11\/buga-laga-bad-gandersheim-kirche.jpg 1200w, https:\/\/www.gartentraum.de\/magazin\/wp-content\/uploads\/2021\/11\/buga-laga-bad-gandersheim-kirche-300x200.jpg 300w, https:\/\/www.gartentraum.de\/magazin\/wp-content\/uploads\/2021\/11\/buga-laga-bad-gandersheim-kirche-1070x713.jpg 1070w, https:\/\/www.gartentraum.de\/magazin\/wp-content\/uploads\/2021\/11\/buga-laga-bad-gandersheim-kirche-768x512.jpg 768w, https:\/\/www.gartentraum.de\/magazin\/wp-content\/uploads\/2021\/11\/buga-laga-bad-gandersheim-kirche-350x233.jpg 350w, https:\/\/www.gartentraum.de\/magazin\/wp-content\/uploads\/2021\/11\/buga-laga-bad-gandersheim-kirche-1024x682.jpg 1024w, https:\/\/www.gartentraum.de\/magazin\/wp-content\/uploads\/2021\/11\/buga-laga-bad-gandersheim-kirche-75x50.jpg 75w, https:\/\/www.gartentraum.de\/magazin\/wp-content\/uploads\/2021\/11\/buga-laga-bad-gandersheim-kirche-430x287.jpg 430w\" sizes=\"auto, (max-width: 1200px) 100vw, 1200px\" \/><p class=\"wp-caption-text\">Das idyllische Bad Gandersheim bereitet sich auf Hochtouren auf seine Landesgartenschau 2023 vor. \u00a9 Reiseschatzi \/ Shutterstock.com.\r\n            <span class=\"social_links\">\r\n                <a title=\"auf pinterest teilen\" rel=\"nofollow\" target=\"_blank\" href=\"https:\/\/pinterest.com\/pin\/create\/button\/?url=https:\/\/www.gartentraum.de\/magazin\/wp-json\/wp\/v2\/posts\/30929&media=https:\/\/www.gartentraum.de\/magazin\/wp-content\/uploads\/2021\/11\/buga-laga-bad-gandersheim-kirche.jpg&description=Das idyllische Bad Gandersheim bereitet sich auf Hochtouren auf seine Landesgartenschau 2023 vor. \u00a9 Reiseschatzi \/ Shutterstock.com.\"><svg x=\"0px\" y=\"0px\"\r\n\t width=\"50px\" height=\"50px\" viewBox=\"0 0 50 50\"><path d=\"M39.553,5.124c-3.441-3.303-8.205-5.123-13.412-5.123c-7.953,0-12.845,3.26-15.548,5.995\r\n\t\tc-3.331,3.37-5.241,7.846-5.241,12.278c0,5.566,2.327,9.837,6.227,11.427c0.262,0.107,0.524,0.16,0.783,0.16\r\n\t\tc0.822,0,1.474-0.537,1.699-1.4c0.132-0.496,0.437-1.717,0.569-2.248c0.284-1.046,0.055-1.55-0.564-2.279\r\n\t\tc-1.128-1.336-1.652-2.912-1.652-4.966c0-6.098,4.541-12.58,12.958-12.58c6.678,0,10.826,3.796,10.826,9.906\r\n\t\tc0,3.855-0.83,7.425-2.338,10.054c-1.049,1.826-2.893,4.004-5.723,4.004c-1.223,0-2.322-0.504-3.016-1.379\r\n\t\tc-0.656-0.828-0.871-1.898-0.607-3.013c0.297-1.262,0.703-2.576,1.096-3.846c0.717-2.32,1.395-4.513,1.395-6.262\r\n\t\tc0-2.991-1.84-5.001-4.576-5.001c-3.479,0-6.203,3.532-6.203,8.042c0,2.211,0.588,3.866,0.854,4.5\r\n\t\tc-0.438,1.857-3.042,12.894-3.536,14.974c-0.285,1.217-2.006,10.813,0.842,11.576c3.2,0.861,6.06-8.484,6.351-9.541\r\n\t\tc0.236-0.859,1.062-4.107,1.567-6.104c1.545,1.488,4.032,2.494,6.452,2.494c4.563,0,8.664-2.053,11.553-5.781\r\n\t\tc2.801-3.615,4.342-8.654,4.342-14.187C44.648,12.499,42.791,8.234,39.553,5.124z\"\/><\/svg><\/a>\r\n                <a title=\"auf facebook teilen\" rel=\"nofollow\" target=\"_blank\" href=\"https:\/\/www.facebook.com\/sharer\/sharer.php?u=https:\/\/www.gartentraum.de\/magazin\/wp-json\/wp\/v2\/posts\/30929\"><svg x=\"0px\" y=\"0px\" width=\"23.325px\" height=\"49.982px\" viewBox=\"0 0 23.325 49.982\"><path d=\"M5.042,9.68c0,1.26,0,6.882,0,6.882H0v8.415h5.042v25.005h10.356V24.977h6.95\r\n\t\tc0,0,0.651-4.035,0.966-8.447c-0.905,0-7.877,0-7.877,0s0-4.896,0-5.753c0-0.86,1.129-2.017,2.246-2.017c1.114,0,3.465,0,5.642,0\r\n\t\tc0-1.146,0-5.104,0-8.76c-2.907,0-6.214,0-7.672,0C4.786,0,5.042,8.423,5.042,9.68z\"\/><\/svg><\/a>\r\n                <a title=\"Download der Grafik\" rel=\"nofollow\" target=\"_blank\" href=\"https:\/\/www.gartentraum.de\/magazin\/wp-content\/uploads\/2021\/11\/buga-laga-bad-gandersheim-kirche.jpg?original\"><svg viewBox=\"0 0 576 512\"><path d=\"M528 288h-92.1l46.1-46.1c30.1-30.1 8.8-81.9-33.9-81.9h-64V48c0-26.5-21.5-48-48-48h-96c-26.5 0-48 21.5-48 48v112h-64c-42.6 0-64.2 51.7-33.9 81.9l46.1 46.1H48c-26.5 0-48 21.5-48 48v128c0 26.5 21.5 48 48 48h480c26.5 0 48-21.5 48-48V336c0-26.5-21.5-48-48-48zm-400-80h112V48h96v160h112L288 368 128 208zm400 256H48V336h140.1l65.9 65.9c18.8 18.8 49.1 18.7 67.9 0l65.9-65.9H528v128zm-88-64c0-13.3 10.7-24 24-24s24 10.7 24 24-10.7 24-24 24-24-10.7-24-24z\"><\/path><\/svg><\/a>  \r\n            <\/span>\r\n        <\/p><\/div>\n<p>&nbsp;<\/p>\n<div class=\"single_button\"><a href=\"https:\/\/www.gartentraum.de\/Pflanzgefaesse\" title=\"Hochwertige Pflanzgef\u00e4\u00dfe bei Gartentraum kaufen\" target=\"_blank\">Outdoor-Pflanzgef\u00e4\u00dfe kaufen<\/a><\/div>\n<p>&nbsp;<\/p>\n<span id=\"13\"><\/span>\n<h3>Landesgartenschau Torgau 2022, Sachsen<\/h3>\n<p>Dresden, Leipzig, Chemnitz \u2013 nicht nur mit seinen drei Gro\u00dfst\u00e4dten hat Sachsen eine Menge zu bieten. Auch die S\u00e4chsische Schweiz bietet ein hervorragendes Naturreservat, wobei Sie sich selbstredend nicht die in Torgau stattfindende Landesgartenschau Sachsen 2022 entgehen lassen sollten. Alle Daten dazu gibt es hier:<\/p>\n<p>&nbsp;<\/p>\n<p><strong>Veranstaltungsort:<\/strong> Torgau<\/p>\n<p>&nbsp;<\/p>\n<p><strong>Datum:<\/strong> 23.04.2022 \u2013 09.10.2022<\/p>\n<p>&nbsp;<\/p>\n<p><strong>\u00d6ffnungszeiten:<\/strong><\/p>\n<p>23.04.2022 \u2013 31.05.2022: 09:00 bis 17:00 Uhr<\/p>\n<p>01.06.2022 \u2013 31.08.2022: 09:00 bis 18:00 Uhr<\/p>\n<p>01.09.2022 \u2013 09.10.2022: 09:00 bis 17:00 Uhr<\/p>\n<p>&nbsp;<\/p>\n<p><strong>Tickets &amp; Eintrittspreise:<\/strong> Eine Erwachsenen-Tageskarte kostet 18,00 \u20ac . Es sind aber auch Dauerkarten, Erm\u00e4\u00dfigungen und Gruppenrabatte verf\u00fcgbar.<\/p>\n<p>&nbsp;<\/p>\n<p><strong>Highlights &amp; Veranstaltungsprogramm:<\/strong><\/p>\n<div class=\"contentBoxLinded\"><p><\/p>\n<ul>\n<li>23. April: Er\u00f6ffnung der LAGA 2022<\/li>\n<li>30. April: Big-Band-Konzert der Kreismusikschule \u201eHeinrich Sch\u00fctz\u201c Torgau<\/li>\n<li>14. Mai: S\u00e4ngerin Angelika Milster, Talk auf dem gr\u00fcnen Sofa<\/li>\n<li>29. Mai: \u201eFlorentine Apfelbl\u00fcte und ihre weite Reise\u201c, Mitmach-Konzert der S\u00e4chsischen Bl\u00e4serphilharmonie<\/li>\n<li>01. Juni: Kindertag mit dem Traumzauberbaum (Musical)<\/li>\n<li>18. Juni: Gartenexperte und \u201eNatur im Garten\u201c \u2013 Moderator Karl Ploberger<\/li>\n<li>25. Juni: Konzert der Band Karat<\/li>\n<li>26. Juni: Bl\u00e4sertag der Kirche mit Gottesdienst<\/li>\n<li>09. Juli: Bergfest<\/li>\n<li>17. Juli: Musikkabarett Christoph Reuter: \u201eMusik macht schlau \u2013 au\u00dfer manche\u201c<\/li>\n<li>29. Juli: Operettenkonzert der S\u00e4ngerakademie<\/li>\n<li>30. Juli: Konzert Akkordeonlady Carla Scheite<\/li>\n<li>20. August: Linda Hesse Konzert<\/li>\n<li>03. September: Abschlusskonzert und MDR Musikkonzert<\/li>\n<li>10. September: Wladimir Kaminer auf dem Gr\u00fcnen Sofa<\/li>\n<li>24. September: Wolfgang Stumph auf dem Gr\u00fcnen Sofa<\/li>\n<li>09. Oktober: Abschlussveranstaltung<\/li>\n<\/ul>\n<p><\/p><\/div>\n<p><strong>Anfahrt, Route &amp; Lageplan:<\/strong> Im Dreieck Berlin-Leipzig-Dresden liegend erreichen Sie Torgau \u00fcber ein Netz an Bundesstra\u00dfen. \u00dcber den Bahnhof Torgau ist auch die Anreise \u00fcber die Schiene komfortabel m\u00f6glich.<\/p>\n<p>&nbsp;<\/p>\n<div id=\"attachment_30973\" class=\"wp-caption aligncenter\" style=\"width: 1210px\"><img loading=\"lazy\" decoding=\"async\" class=\"wp-image-30973 size-full\" src=\"https:\/\/www.gartentraum.de\/magazin\/wp-content\/uploads\/2021\/11\/buga-laga-torgau-schloss.jpg\" alt=\"Besuchsziel Schloss Torgau bei Landesgartenschau\" width=\"1200\" height=\"800\" srcset=\"https:\/\/www.gartentraum.de\/magazin\/wp-content\/uploads\/2021\/11\/buga-laga-torgau-schloss.jpg 1200w, https:\/\/www.gartentraum.de\/magazin\/wp-content\/uploads\/2021\/11\/buga-laga-torgau-schloss-300x200.jpg 300w, https:\/\/www.gartentraum.de\/magazin\/wp-content\/uploads\/2021\/11\/buga-laga-torgau-schloss-1070x713.jpg 1070w, https:\/\/www.gartentraum.de\/magazin\/wp-content\/uploads\/2021\/11\/buga-laga-torgau-schloss-768x512.jpg 768w, https:\/\/www.gartentraum.de\/magazin\/wp-content\/uploads\/2021\/11\/buga-laga-torgau-schloss-350x233.jpg 350w, https:\/\/www.gartentraum.de\/magazin\/wp-content\/uploads\/2021\/11\/buga-laga-torgau-schloss-1024x682.jpg 1024w, https:\/\/www.gartentraum.de\/magazin\/wp-content\/uploads\/2021\/11\/buga-laga-torgau-schloss-75x50.jpg 75w, https:\/\/www.gartentraum.de\/magazin\/wp-content\/uploads\/2021\/11\/buga-laga-torgau-schloss-430x287.jpg 430w\" sizes=\"auto, (max-width: 1200px) 100vw, 1200px\" \/><p class=\"wp-caption-text\">Unweit des LAGA-Gel\u00e4ndes liegt das Schloss von Torgau, das ebenso einen Besuch wert ist.\r\n            <span class=\"social_links\">\r\n                <a title=\"auf pinterest teilen\" rel=\"nofollow\" target=\"_blank\" href=\"https:\/\/pinterest.com\/pin\/create\/button\/?url=https:\/\/www.gartentraum.de\/magazin\/wp-json\/wp\/v2\/posts\/30929&media=https:\/\/www.gartentraum.de\/magazin\/wp-content\/uploads\/2021\/11\/buga-laga-torgau-schloss.jpg&description=Unweit des LAGA-Gel\u00e4ndes liegt das Schloss von Torgau, das ebenso einen Besuch wert ist.\"><svg x=\"0px\" y=\"0px\"\r\n\t width=\"50px\" height=\"50px\" viewBox=\"0 0 50 50\"><path d=\"M39.553,5.124c-3.441-3.303-8.205-5.123-13.412-5.123c-7.953,0-12.845,3.26-15.548,5.995\r\n\t\tc-3.331,3.37-5.241,7.846-5.241,12.278c0,5.566,2.327,9.837,6.227,11.427c0.262,0.107,0.524,0.16,0.783,0.16\r\n\t\tc0.822,0,1.474-0.537,1.699-1.4c0.132-0.496,0.437-1.717,0.569-2.248c0.284-1.046,0.055-1.55-0.564-2.279\r\n\t\tc-1.128-1.336-1.652-2.912-1.652-4.966c0-6.098,4.541-12.58,12.958-12.58c6.678,0,10.826,3.796,10.826,9.906\r\n\t\tc0,3.855-0.83,7.425-2.338,10.054c-1.049,1.826-2.893,4.004-5.723,4.004c-1.223,0-2.322-0.504-3.016-1.379\r\n\t\tc-0.656-0.828-0.871-1.898-0.607-3.013c0.297-1.262,0.703-2.576,1.096-3.846c0.717-2.32,1.395-4.513,1.395-6.262\r\n\t\tc0-2.991-1.84-5.001-4.576-5.001c-3.479,0-6.203,3.532-6.203,8.042c0,2.211,0.588,3.866,0.854,4.5\r\n\t\tc-0.438,1.857-3.042,12.894-3.536,14.974c-0.285,1.217-2.006,10.813,0.842,11.576c3.2,0.861,6.06-8.484,6.351-9.541\r\n\t\tc0.236-0.859,1.062-4.107,1.567-6.104c1.545,1.488,4.032,2.494,6.452,2.494c4.563,0,8.664-2.053,11.553-5.781\r\n\t\tc2.801-3.615,4.342-8.654,4.342-14.187C44.648,12.499,42.791,8.234,39.553,5.124z\"\/><\/svg><\/a>\r\n                <a title=\"auf facebook teilen\" rel=\"nofollow\" target=\"_blank\" href=\"https:\/\/www.facebook.com\/sharer\/sharer.php?u=https:\/\/www.gartentraum.de\/magazin\/wp-json\/wp\/v2\/posts\/30929\"><svg x=\"0px\" y=\"0px\" width=\"23.325px\" height=\"49.982px\" viewBox=\"0 0 23.325 49.982\"><path d=\"M5.042,9.68c0,1.26,0,6.882,0,6.882H0v8.415h5.042v25.005h10.356V24.977h6.95\r\n\t\tc0,0,0.651-4.035,0.966-8.447c-0.905,0-7.877,0-7.877,0s0-4.896,0-5.753c0-0.86,1.129-2.017,2.246-2.017c1.114,0,3.465,0,5.642,0\r\n\t\tc0-1.146,0-5.104,0-8.76c-2.907,0-6.214,0-7.672,0C4.786,0,5.042,8.423,5.042,9.68z\"\/><\/svg><\/a>\r\n                <a title=\"Download der Grafik\" rel=\"nofollow\" target=\"_blank\" href=\"https:\/\/www.gartentraum.de\/magazin\/wp-content\/uploads\/2021\/11\/buga-laga-torgau-schloss.jpg?original\"><svg viewBox=\"0 0 576 512\"><path d=\"M528 288h-92.1l46.1-46.1c30.1-30.1 8.8-81.9-33.9-81.9h-64V48c0-26.5-21.5-48-48-48h-96c-26.5 0-48 21.5-48 48v112h-64c-42.6 0-64.2 51.7-33.9 81.9l46.1 46.1H48c-26.5 0-48 21.5-48 48v128c0 26.5 21.5 48 48 48h480c26.5 0 48-21.5 48-48V336c0-26.5-21.5-48-48-48zm-400-80h112V48h96v160h112L288 368 128 208zm400 256H48V336h140.1l65.9 65.9c18.8 18.8 49.1 18.7 67.9 0l65.9-65.9H528v128zm-88-64c0-13.3 10.7-24 24-24s24 10.7 24 24-10.7 24-24 24-24-10.7-24-24z\"><\/path><\/svg><\/a>  \r\n            <\/span>\r\n        <\/p><\/div>\n<p>&nbsp;<\/p>\n<span id=\"14\"><\/span>\n<h2 class=\"h2Special\">Liste der Landesgartenschauen 2023<\/h2>\n<p>&nbsp;<\/p>\n<p>Auch 2023 halten die Bundesl\u00e4nder wieder zahlreiche Landesgartenschauen parat. Da die LAGA Gandersheim auf 2023 verschoben wurde, k\u00f6nnen sich Besucher nun auf insgesamt sechs LAGAs mithilfe von Rundg\u00e4ngen, Erlebnis-Pfaden und zahlreichen Gartenkategorien Inspirationen und <a title=\"Erholung im Feng Shui Garten - Richtig planen, anlegen und gestalten\" href=\"https:\/\/www.gartentraum.de\/magazin\/feng-shui-garten-gestalten\/\" rel=\"\">Erholung<\/a> holen. Folgende Daten werden regelm\u00e4\u00dfig gepr\u00fcft und auf ihre Aktualit\u00e4t bearbeitet.<\/p>\n<p>&nbsp;<\/p>\n<div class=\"shopthelook\"><div class=\"heading\"><p class=\"font\">Shop The Look<\/p><\/div><div class=\"stl_slider\"><div class=\"slide\"><img decoding=\"async\" title=\"Shop The Look\" alt=\"Shop The Look\" loading=\"lazy\" src=\"https:\/\/www.gartentraum.de\/magazin\/wp-content\/uploads\/2021\/11\/buga-laga-laterne-bank-beet-1098x628.jpg\" width=\"1098\" height=\"628\"\/><div class=\"scStlItemAd flex\"><p>Anzeige<\/p><\/div><div class=\"product_placement flex\"><div class=\"single_product\"><a href=\"https:\/\/www.gartentraum.de\/Standleuchten\" title=\"Standleuchten online kaufen\" target=\"_blank\" rel=\"sponsored nofollow\"><img decoding=\"async\" title=\"Standleuchten\" alt=\"Standleuchten\" loading=\"lazy\" src=\"https:\/\/www.gartentraum.de\/magazin\/wp-content\/uploads\/2020\/10\/schwarze-standleuchte-aus-aluminium-glas-sonnur-1-200x200.jpg\" width=\"200\" height=\"200\"\/><p class=\"headline font\">Standleuchten<\/p><\/a><div class=\"line\"><\/div><a class=\"more_link\" title=\"Standleuchten online kaufen\" href=\"https:\/\/www.gartentraum.de\/Standleuchten\" target=\"_blank\" rel=\"sponsored nofollow\">Standleuchten ab 70 \u20ac <span>*<\/span><\/a><\/div><div class=\"single_product\"><a href=\"https:\/\/www.gartentraum.de\/Gartenbaenke-2-Sitzer\" title=\"B\u00e4nke online kaufen\" target=\"_blank\" rel=\"sponsored nofollow\"><img decoding=\"async\" title=\"B\u00e4nke\" alt=\"B\u00e4nke\" loading=\"lazy\" src=\"https:\/\/www.gartentraum.de\/magazin\/wp-content\/uploads\/2020\/10\/Gartenbaenke-200x200-1-200x200.jpg\" width=\"200\" height=\"200\"\/><p class=\"headline font\">B\u00e4nke<\/p><\/a><div class=\"line\"><\/div><a class=\"more_link\" title=\"B\u00e4nke online kaufen\" href=\"https:\/\/www.gartentraum.de\/Gartenbaenke-2-Sitzer\" target=\"_blank\" rel=\"sponsored nofollow\">B\u00e4nke ab 170 \u20ac <span>*<\/span><\/a><\/div><div class=\"single_product\"><a href=\"https:\/\/www.purovivo.de\/pflanzen-blumen-floristik\/garten-pflanzenversand\/pflanzen-und-blumen\/stauden-p460718.html?ref=gartentraum.de\" title=\"Stauden online kaufen\" target=\"_blank\" rel=\"sponsored nofollow\"><img decoding=\"async\" title=\"Stauden\" alt=\"Stauden\" loading=\"lazy\" src=\"https:\/\/www.gartentraum.de\/magazin\/wp-content\/uploads\/2021\/02\/Stauden-330x330-1-200x200.jpg\" width=\"200\" height=\"200\"\/><p class=\"headline font\">Stauden<\/p><\/a><div class=\"line\"><\/div><a class=\"more_link\" title=\"Stauden online kaufen\" href=\"https:\/\/www.purovivo.de\/pflanzen-blumen-floristik\/garten-pflanzenversand\/pflanzen-und-blumen\/stauden-p460718.html?ref=gartentraum.de\" target=\"_blank\" rel=\"sponsored nofollow\">Stauden ab 3 \u20ac <span>*<\/span><\/a><\/div><\/div><\/div><div class=\"slide\"><img decoding=\"async\" title=\"Shop The Look\" alt=\"Shop The Look\" loading=\"lazy\" src=\"https:\/\/www.gartentraum.de\/magazin\/wp-content\/uploads\/2021\/11\/buga-laga-laterne-stuhl-fass-1098x628.jpg\" width=\"1098\" height=\"628\"\/><div class=\"scStlItemAd flex\"><p>Anzeige<\/p><\/div><div class=\"product_placement flex\"><div class=\"single_product\"><a href=\"https:\/\/www.gartentraum.de\/Gartenstuehle\" title=\"Gartenst\u00fchle online kaufen\" target=\"_blank\" rel=\"sponsored nofollow\"><img decoding=\"async\" title=\"Gartenst\u00fchle\" alt=\"Gartenst\u00fchle\" loading=\"lazy\" src=\"https:\/\/www.gartentraum.de\/magazin\/wp-content\/uploads\/2021\/03\/gartenstuhl-holz-200x200.jpeg\" width=\"200\" height=\"200\"\/><p class=\"headline font\">Gartenst\u00fchle<\/p><\/a><div class=\"line\"><\/div><a class=\"more_link\" title=\"Gartenst\u00fchle online kaufen\" href=\"https:\/\/www.gartentraum.de\/Gartenstuehle\" target=\"_blank\" rel=\"sponsored nofollow\">Gartenst\u00fchle ab 90 \u20ac <span>*<\/span><\/a><\/div><div class=\"single_product\"><a href=\"https:\/\/www.gartentraum.de\/Pflanzgefaesse__Holz\" title=\"Holzk\u00fcbel online kaufen\" target=\"_blank\" rel=\"sponsored nofollow\"><img decoding=\"async\" title=\"Holzk\u00fcbel\" alt=\"Holzk\u00fcbel\" loading=\"lazy\" src=\"https:\/\/www.gartentraum.de\/magazin\/wp-content\/uploads\/2021\/11\/outdoor-pflanzkuebel-aus-holz-mit-einsatz-girona-200x200.jpeg\" width=\"200\" height=\"200\"\/><p class=\"headline font\">Holzk\u00fcbel<\/p><\/a><div class=\"line\"><\/div><a class=\"more_link\" title=\"Holzk\u00fcbel online kaufen\" href=\"https:\/\/www.gartentraum.de\/Pflanzgefaesse__Holz\" target=\"_blank\" rel=\"sponsored nofollow\">Holzk\u00fcbel ab 120 \u20ac <span>*<\/span><\/a><\/div><div class=\"single_product\"><a href=\"https:\/\/www.purovivo.de\/leuchten\/Innenbeleuchtung-Lichterketten\/?ref=gartentraum.de\" title=\"Lichterketten online kaufen\" target=\"_blank\" rel=\"sponsored nofollow\"><img decoding=\"async\" title=\"Lichterketten\" alt=\"Lichterketten\" loading=\"lazy\" src=\"https:\/\/www.gartentraum.de\/magazin\/wp-content\/uploads\/2021\/11\/weihnachtsgruesse-lichterkette-stl-200x200.jpg\" width=\"200\" height=\"200\"\/><p class=\"headline font\">Lichterketten<\/p><\/a><div class=\"line\"><\/div><a class=\"more_link\" title=\"Lichterketten online kaufen\" href=\"https:\/\/www.purovivo.de\/leuchten\/Innenbeleuchtung-Lichterketten\/?ref=gartentraum.de\" target=\"_blank\" rel=\"sponsored nofollow\">Lichterketten ab 8 \u20ac <span>*<\/span><\/a><\/div><\/div><\/div><\/div><\/div>\n<p>&nbsp;<\/p>\n<span id=\"15\"><\/span>\n<h3>Landesgartenschau Balingen 2023, Baden-W\u00fcrttemberg<\/h3>\n<p>Mit seiner Einwohnerzahl von 11.103.043 belegt das Bundesland Baden-W\u00fcrttemberg den dritten Platz in ganz Deutschland. F\u00fcr das Jahr 2023 wird Balingen Austragungsort der baden-w\u00fcrttembergischen Landesgartenschau sein. Was Sie des Weiteren dazu wissen sollten, haben wir Ihnen anbei zusammengestellt.<\/p>\n<p>&nbsp;<\/p>\n<p><strong>Veranstaltungsort:<\/strong> Balingen<\/p>\n<p>&nbsp;<\/p>\n<p><strong>Datum:<\/strong> 05.05.2023 \u2013 24.09.2023<\/p>\n<p>&nbsp;<\/p>\n<p><strong>\u00d6ffnungszeiten:<\/strong> Folgend.<\/p>\n<p>&nbsp;<\/p>\n<p><strong>Tickets &amp; Eintrittspreise:<\/strong> Folgend.<\/p>\n<p>&nbsp;<\/p>\n<p><strong>Highlights &amp; Veranstaltungsprogramm:<\/strong><\/p>\n<div class=\"contentBoxLinded\"><p><\/p>\n<ul>\n<li>Steinachterrassen am <a title=\"Wasserfall im Garten (z.B. als Brunnen) - Tipps zum Selberbauen &amp; Anleitung\" href=\"https:\/\/www.gartentraum.de\/magazin\/wasserfall-garten\/\" rel=\"\">Wasserfall<\/a><\/li>\n<li>Schwefelbadg\u00e4rten<\/li>\n<li>Rappenturm<\/li>\n<li><a title=\"Balkon gestalten - 25 sch\u00f6ne Tipps &amp; Ideen\" href=\"https:\/\/www.gartentraum.de\/magazin\/balkon-gestalten\/\" rel=\"\">Stadtbalkon<\/a> &amp; Zollernschloss<\/li>\n<li>Wasserg\u00e4rten<\/li>\n<li>Eyachterrassen<\/li>\n<li>Kulturmeile<\/li>\n<li>Etzelbach-Spielplatz<\/li>\n<li>Zwinger- &amp; Stadtgarten<\/li>\n<li>Aktivpark<\/li>\n<li>Parkufersteg &amp; Erlebnisauen<\/li>\n<\/ul>\n<p><\/p><\/div>\n<p><strong>Anfahrt, Route &amp; Lageplan:<\/strong> Balingen liegt in einem gut ausgebauten Netz von Bundesstra\u00dfen, die auch eine Anbindung an die A81 bilden. Mit den Bahnh\u00f6fen Balingen S\u00fcd und Balingen (W\u00fcrtt) besteht auch eine Anbindung ans Bahnnetz.<\/p>\n<p>&nbsp;<\/p>\n<div id=\"attachment_30974\" class=\"wp-caption aligncenter\" style=\"width: 1210px\"><img loading=\"lazy\" decoding=\"async\" class=\"wp-image-30974 size-full\" src=\"https:\/\/www.gartentraum.de\/magazin\/wp-content\/uploads\/2021\/11\/buga-laga-balingen-fluss.jpg\" alt=\"Balingen vor der Landesgartenschau\" width=\"1200\" height=\"800\" srcset=\"https:\/\/www.gartentraum.de\/magazin\/wp-content\/uploads\/2021\/11\/buga-laga-balingen-fluss.jpg 1200w, https:\/\/www.gartentraum.de\/magazin\/wp-content\/uploads\/2021\/11\/buga-laga-balingen-fluss-300x200.jpg 300w, https:\/\/www.gartentraum.de\/magazin\/wp-content\/uploads\/2021\/11\/buga-laga-balingen-fluss-1070x713.jpg 1070w, https:\/\/www.gartentraum.de\/magazin\/wp-content\/uploads\/2021\/11\/buga-laga-balingen-fluss-768x512.jpg 768w, https:\/\/www.gartentraum.de\/magazin\/wp-content\/uploads\/2021\/11\/buga-laga-balingen-fluss-350x233.jpg 350w, https:\/\/www.gartentraum.de\/magazin\/wp-content\/uploads\/2021\/11\/buga-laga-balingen-fluss-1024x682.jpg 1024w, https:\/\/www.gartentraum.de\/magazin\/wp-content\/uploads\/2021\/11\/buga-laga-balingen-fluss-75x50.jpg 75w, https:\/\/www.gartentraum.de\/magazin\/wp-content\/uploads\/2021\/11\/buga-laga-balingen-fluss-430x287.jpg 430w\" sizes=\"auto, (max-width: 1200px) 100vw, 1200px\" \/><p class=\"wp-caption-text\">Nicht nur in Herbstfarben geh\u00fcllt, sondern besonders zur LAGA ist Balingen ein wundersch\u00f6nes Fleckchen.\r\n            <span class=\"social_links\">\r\n                <a title=\"auf pinterest teilen\" rel=\"nofollow\" target=\"_blank\" href=\"https:\/\/pinterest.com\/pin\/create\/button\/?url=https:\/\/www.gartentraum.de\/magazin\/wp-json\/wp\/v2\/posts\/30929&media=https:\/\/www.gartentraum.de\/magazin\/wp-content\/uploads\/2021\/11\/buga-laga-balingen-fluss.jpg&description=Nicht nur in Herbstfarben geh\u00fcllt, sondern besonders zur LAGA ist Balingen ein wundersch\u00f6nes Fleckchen.\"><svg x=\"0px\" y=\"0px\"\r\n\t width=\"50px\" height=\"50px\" viewBox=\"0 0 50 50\"><path d=\"M39.553,5.124c-3.441-3.303-8.205-5.123-13.412-5.123c-7.953,0-12.845,3.26-15.548,5.995\r\n\t\tc-3.331,3.37-5.241,7.846-5.241,12.278c0,5.566,2.327,9.837,6.227,11.427c0.262,0.107,0.524,0.16,0.783,0.16\r\n\t\tc0.822,0,1.474-0.537,1.699-1.4c0.132-0.496,0.437-1.717,0.569-2.248c0.284-1.046,0.055-1.55-0.564-2.279\r\n\t\tc-1.128-1.336-1.652-2.912-1.652-4.966c0-6.098,4.541-12.58,12.958-12.58c6.678,0,10.826,3.796,10.826,9.906\r\n\t\tc0,3.855-0.83,7.425-2.338,10.054c-1.049,1.826-2.893,4.004-5.723,4.004c-1.223,0-2.322-0.504-3.016-1.379\r\n\t\tc-0.656-0.828-0.871-1.898-0.607-3.013c0.297-1.262,0.703-2.576,1.096-3.846c0.717-2.32,1.395-4.513,1.395-6.262\r\n\t\tc0-2.991-1.84-5.001-4.576-5.001c-3.479,0-6.203,3.532-6.203,8.042c0,2.211,0.588,3.866,0.854,4.5\r\n\t\tc-0.438,1.857-3.042,12.894-3.536,14.974c-0.285,1.217-2.006,10.813,0.842,11.576c3.2,0.861,6.06-8.484,6.351-9.541\r\n\t\tc0.236-0.859,1.062-4.107,1.567-6.104c1.545,1.488,4.032,2.494,6.452,2.494c4.563,0,8.664-2.053,11.553-5.781\r\n\t\tc2.801-3.615,4.342-8.654,4.342-14.187C44.648,12.499,42.791,8.234,39.553,5.124z\"\/><\/svg><\/a>\r\n                <a title=\"auf facebook teilen\" rel=\"nofollow\" target=\"_blank\" href=\"https:\/\/www.facebook.com\/sharer\/sharer.php?u=https:\/\/www.gartentraum.de\/magazin\/wp-json\/wp\/v2\/posts\/30929\"><svg x=\"0px\" y=\"0px\" width=\"23.325px\" height=\"49.982px\" viewBox=\"0 0 23.325 49.982\"><path d=\"M5.042,9.68c0,1.26,0,6.882,0,6.882H0v8.415h5.042v25.005h10.356V24.977h6.95\r\n\t\tc0,0,0.651-4.035,0.966-8.447c-0.905,0-7.877,0-7.877,0s0-4.896,0-5.753c0-0.86,1.129-2.017,2.246-2.017c1.114,0,3.465,0,5.642,0\r\n\t\tc0-1.146,0-5.104,0-8.76c-2.907,0-6.214,0-7.672,0C4.786,0,5.042,8.423,5.042,9.68z\"\/><\/svg><\/a>\r\n                <a title=\"Download der Grafik\" rel=\"nofollow\" target=\"_blank\" href=\"https:\/\/www.gartentraum.de\/magazin\/wp-content\/uploads\/2021\/11\/buga-laga-balingen-fluss.jpg?original\"><svg viewBox=\"0 0 576 512\"><path d=\"M528 288h-92.1l46.1-46.1c30.1-30.1 8.8-81.9-33.9-81.9h-64V48c0-26.5-21.5-48-48-48h-96c-26.5 0-48 21.5-48 48v112h-64c-42.6 0-64.2 51.7-33.9 81.9l46.1 46.1H48c-26.5 0-48 21.5-48 48v128c0 26.5 21.5 48 48 48h480c26.5 0 48-21.5 48-48V336c0-26.5-21.5-48-48-48zm-400-80h112V48h96v160h112L288 368 128 208zm400 256H48V336h140.1l65.9 65.9c18.8 18.8 49.1 18.7 67.9 0l65.9-65.9H528v128zm-88-64c0-13.3 10.7-24 24-24s24 10.7 24 24-10.7 24-24 24-24-10.7-24-24z\"><\/path><\/svg><\/a>  \r\n            <\/span>\r\n        <\/p><\/div>\n<p>&nbsp;<\/p>\n<div class=\"mason_gal\" data-index=\"1\"><div class=\"first\"><div class=\"single_mason\"><a href=\"https:\/\/www.purovivo.de\/pflanzen-blumen-floristik\"  rel=\"nofollow sponsored\" target=\"_blank\" title=\"Pflanzen online kaufen!\"><img decoding=\"async\" title=\"Pflanzen online kaufen!\" alt=\"Eine Grafik zu Pflanzen online kaufen!\" src=\"https:\/\/www.gartentraum.de\/magazin\/wp-content\/uploads\/2021\/01\/Gartenpflanzen-350x350.jpg\"\/><\/a><div class=\"text\"><span class=\"top\">\u201c<\/span><p>F\u00fcr ein Blumenmeer wie bei der Gartenschau k\u00f6nnen Sie auch im heimischen Garten sorgen. Bei PuroVivo finden Sie ein umfassendes Pflanzensortiment zum online kaufen.<\/p><span class=\"bottom\">\u201e<\/span><\/div><div class=\"bottom\"><a href=\"https:\/\/www.purovivo.de\/pflanzen-blumen-floristik\"  rel=\"nofollow sponsored\" target=\"_blank\" title=\"Pflanzen online kaufen!\">Pflanzen online kaufen!<\/a><\/div><\/div><\/div><div class=\"second\"><div class=\"single_mason\"><a href=\"https:\/\/www.gartentraum.de\/magazin\/kleine-gaerten-gestalten\/\" target=\"_blank\" title=\"Kleinen Garten gestalten!\"><img decoding=\"async\" title=\"Kleinen Garten gestalten!\" alt=\"Eine Grafik zu Kleinen Garten gestalten!\" src=\"https:\/\/www.gartentraum.de\/magazin\/wp-content\/uploads\/2021\/11\/buga-laga-kleiner-garten-haengesessel-350x350.jpg\"\/><\/a><div class=\"text\"><span class=\"top\">\u201c<\/span><p>Sollten Sie nur einen kleinen Garten haben, ist das kein Hindernis, ihn sch\u00f6n und kreativ herzurichten. Mit den richtigen Ideen gelingt auch die kompakte Gestaltung.<\/p><span class=\"bottom\">\u201e<\/span><\/div><div class=\"bottom\"><a href=\"https:\/\/www.gartentraum.de\/magazin\/kleine-gaerten-gestalten\/\" target=\"_blank\" title=\"Kleinen Garten gestalten!\">Kleinen Garten gestalten!<\/a><\/div><\/div><\/div><div class=\"third\"><div class=\"single_mason\"><a href=\"https:\/\/www.gartentraum.de\/magazin\/gartenplaner-test\/\" target=\"_blank\" title=\"Gartenplaner vergleichen!\"><img decoding=\"async\" title=\"Gartenplaner vergleichen!\" alt=\"Eine Grafik zu Gartenplaner vergleichen!\" src=\"https:\/\/www.gartentraum.de\/magazin\/wp-content\/uploads\/2020\/02\/gartenplaner.jpg\"\/><\/a><div class=\"text\"><span class=\"top\">\u201c<\/span><p>Bei der Gestaltung eines Gartens kann eine Software helfen und veranschaulichen. Nehmen Sie am besten vorab einen Vergleich vor, um die beste Anwendung f\u00fcr sich zu finden.<\/p><span class=\"bottom\">\u201e<\/span><\/div><div class=\"bottom\"><a href=\"https:\/\/www.gartentraum.de\/magazin\/gartenplaner-test\/\" target=\"_blank\" title=\"Gartenplaner vergleichen!\">Gartenplaner vergleichen!<\/a><\/div><\/div><\/div><\/div>\n<p>&nbsp;<\/p>\n<span id=\"16\"><\/span>\n<h3>Landesgartenschau Freyung 2023, Bayern<\/h3>\n<p>Der fl\u00e4chengr\u00f6\u00dfte Freistaat Deutschlands \u00fcberzeugt nicht nur mit seinem ausdrucksstarken Landschaftsbild, sondern wird auch 2023 die Besucher seiner Landesgartenschau am Geyersberg mit leuchtenden Augen zur\u00fccklassen. Wann, wo und auf was Sie sich freuen k\u00f6nnen, das finden Sie im Nachstehenden.<\/p>\n<p>&nbsp;<\/p>\n<p><strong>Veranstaltungsort:<\/strong> Freyung<\/p>\n<p>&nbsp;<\/p>\n<p><strong>Datum:<\/strong> 25.05.2023 \u2013 03.10.2023<\/p>\n<p>&nbsp;<\/p>\n<p><strong>\u00d6ffnungszeiten:<\/strong> 9:00 bis 19:00 Uhr<\/p>\n<p>&nbsp;<\/p>\n<p><strong>Tickets &amp; Eintrittspreise:<\/strong> Erwachsene zahlen f\u00fcr einen Tag 16,00 \u20ac, aber auch Dauerkarten, Erm\u00e4\u00dfigungen und Familienkarten k\u00f6nnen erworben werden. Kinder bis einschlie\u00dflich 17 Jahren in Begleitung Erwachsener haben freien Zutritt.<\/p>\n<p>&nbsp;<\/p>\n<p><strong>Highlights &amp; Veranstaltungsprogramm:<\/strong><\/p>\n<div class=\"contentBoxLinded\"><p><\/p>\n<ul>\n<li>Garten- &amp; Waldlabore<\/li>\n<li><a title=\"Terrassen-Gestaltung: 25 moderne Ideen\" href=\"https:\/\/www.gartentraum.de\/magazin\/terrassengestaltung\/\" rel=\"\">Terrassen<\/a> &amp; Regionalg\u00e4rten<\/li>\n<li>Aktivparks f\u00fcr alle Altersgruppen<\/li>\n<li>Ferienparks<\/li>\n<li>H\u00f6henpark (Aussicht \u00fcber H\u00fcgel des bayrischen Waldes)<\/li>\n<\/ul>\n<p><\/p><\/div>\n<p><strong>Anfahrt, Route &amp; Lageplan:<\/strong> Mit guter Anbindung nach Passau und Deggendorf erreichen Sie Freyung unkompliziert \u00fcber die Bundesstra\u00dfen 12 und 533. Genauere Informationen zu Shuttlebussen und weiteren Anreise-M\u00f6glichkeiten wird die LAGA noch bereit stellen.<\/p>\n<p>&nbsp;<\/p>\n<div id=\"attachment_30975\" class=\"wp-caption aligncenter\" style=\"width: 1210px\"><img loading=\"lazy\" decoding=\"async\" class=\"wp-image-30975 size-full\" src=\"https:\/\/www.gartentraum.de\/magazin\/wp-content\/uploads\/2021\/11\/buga-laga-geyersberg-luftaufnahme.jpg\" alt=\"Luftaufnahme von Geyersberg vor der LAGA\" width=\"1200\" height=\"800\" srcset=\"https:\/\/www.gartentraum.de\/magazin\/wp-content\/uploads\/2021\/11\/buga-laga-geyersberg-luftaufnahme.jpg 1200w, https:\/\/www.gartentraum.de\/magazin\/wp-content\/uploads\/2021\/11\/buga-laga-geyersberg-luftaufnahme-300x200.jpg 300w, https:\/\/www.gartentraum.de\/magazin\/wp-content\/uploads\/2021\/11\/buga-laga-geyersberg-luftaufnahme-1070x713.jpg 1070w, https:\/\/www.gartentraum.de\/magazin\/wp-content\/uploads\/2021\/11\/buga-laga-geyersberg-luftaufnahme-768x512.jpg 768w, https:\/\/www.gartentraum.de\/magazin\/wp-content\/uploads\/2021\/11\/buga-laga-geyersberg-luftaufnahme-350x233.jpg 350w, https:\/\/www.gartentraum.de\/magazin\/wp-content\/uploads\/2021\/11\/buga-laga-geyersberg-luftaufnahme-1024x682.jpg 1024w, https:\/\/www.gartentraum.de\/magazin\/wp-content\/uploads\/2021\/11\/buga-laga-geyersberg-luftaufnahme-75x50.jpg 75w, https:\/\/www.gartentraum.de\/magazin\/wp-content\/uploads\/2021\/11\/buga-laga-geyersberg-luftaufnahme-430x287.jpg 430w\" sizes=\"auto, (max-width: 1200px) 100vw, 1200px\" \/><p class=\"wp-caption-text\">Die gr\u00fcnen Freifl\u00e4chen von Geyersberg werden bei der LAGA 2023 zur bl\u00fchenden Oase. \u00a9 Freyung 2023 gGmbH.\r\n            <span class=\"social_links\">\r\n                <a title=\"auf pinterest teilen\" rel=\"nofollow\" target=\"_blank\" href=\"https:\/\/pinterest.com\/pin\/create\/button\/?url=https:\/\/www.gartentraum.de\/magazin\/wp-json\/wp\/v2\/posts\/30929&media=https:\/\/www.gartentraum.de\/magazin\/wp-content\/uploads\/2021\/11\/buga-laga-geyersberg-luftaufnahme.jpg&description=Die gr\u00fcnen Freifl\u00e4chen von Geyersberg werden bei der LAGA 2023 zur bl\u00fchenden Oase. \u00a9 Freyung 2023 gGmbH.\"><svg x=\"0px\" y=\"0px\"\r\n\t width=\"50px\" height=\"50px\" viewBox=\"0 0 50 50\"><path d=\"M39.553,5.124c-3.441-3.303-8.205-5.123-13.412-5.123c-7.953,0-12.845,3.26-15.548,5.995\r\n\t\tc-3.331,3.37-5.241,7.846-5.241,12.278c0,5.566,2.327,9.837,6.227,11.427c0.262,0.107,0.524,0.16,0.783,0.16\r\n\t\tc0.822,0,1.474-0.537,1.699-1.4c0.132-0.496,0.437-1.717,0.569-2.248c0.284-1.046,0.055-1.55-0.564-2.279\r\n\t\tc-1.128-1.336-1.652-2.912-1.652-4.966c0-6.098,4.541-12.58,12.958-12.58c6.678,0,10.826,3.796,10.826,9.906\r\n\t\tc0,3.855-0.83,7.425-2.338,10.054c-1.049,1.826-2.893,4.004-5.723,4.004c-1.223,0-2.322-0.504-3.016-1.379\r\n\t\tc-0.656-0.828-0.871-1.898-0.607-3.013c0.297-1.262,0.703-2.576,1.096-3.846c0.717-2.32,1.395-4.513,1.395-6.262\r\n\t\tc0-2.991-1.84-5.001-4.576-5.001c-3.479,0-6.203,3.532-6.203,8.042c0,2.211,0.588,3.866,0.854,4.5\r\n\t\tc-0.438,1.857-3.042,12.894-3.536,14.974c-0.285,1.217-2.006,10.813,0.842,11.576c3.2,0.861,6.06-8.484,6.351-9.541\r\n\t\tc0.236-0.859,1.062-4.107,1.567-6.104c1.545,1.488,4.032,2.494,6.452,2.494c4.563,0,8.664-2.053,11.553-5.781\r\n\t\tc2.801-3.615,4.342-8.654,4.342-14.187C44.648,12.499,42.791,8.234,39.553,5.124z\"\/><\/svg><\/a>\r\n                <a title=\"auf facebook teilen\" rel=\"nofollow\" target=\"_blank\" href=\"https:\/\/www.facebook.com\/sharer\/sharer.php?u=https:\/\/www.gartentraum.de\/magazin\/wp-json\/wp\/v2\/posts\/30929\"><svg x=\"0px\" y=\"0px\" width=\"23.325px\" height=\"49.982px\" viewBox=\"0 0 23.325 49.982\"><path d=\"M5.042,9.68c0,1.26,0,6.882,0,6.882H0v8.415h5.042v25.005h10.356V24.977h6.95\r\n\t\tc0,0,0.651-4.035,0.966-8.447c-0.905,0-7.877,0-7.877,0s0-4.896,0-5.753c0-0.86,1.129-2.017,2.246-2.017c1.114,0,3.465,0,5.642,0\r\n\t\tc0-1.146,0-5.104,0-8.76c-2.907,0-6.214,0-7.672,0C4.786,0,5.042,8.423,5.042,9.68z\"\/><\/svg><\/a>\r\n                <a title=\"Download der Grafik\" rel=\"nofollow\" target=\"_blank\" href=\"https:\/\/www.gartentraum.de\/magazin\/wp-content\/uploads\/2021\/11\/buga-laga-geyersberg-luftaufnahme.jpg?original\"><svg viewBox=\"0 0 576 512\"><path d=\"M528 288h-92.1l46.1-46.1c30.1-30.1 8.8-81.9-33.9-81.9h-64V48c0-26.5-21.5-48-48-48h-96c-26.5 0-48 21.5-48 48v112h-64c-42.6 0-64.2 51.7-33.9 81.9l46.1 46.1H48c-26.5 0-48 21.5-48 48v128c0 26.5 21.5 48 48 48h480c26.5 0 48-21.5 48-48V336c0-26.5-21.5-48-48-48zm-400-80h112V48h96v160h112L288 368 128 208zm400 256H48V336h140.1l65.9 65.9c18.8 18.8 49.1 18.7 67.9 0l65.9-65.9H528v128zm-88-64c0-13.3 10.7-24 24-24s24 10.7 24 24-10.7 24-24 24-24-10.7-24-24z\"><\/path><\/svg><\/a>  \r\n            <\/span>\r\n        <\/p><\/div>\n<div class=\"single_button\"><a href=\"https:\/\/www.gartentraum.de\/magazin\/garten-gestalten-anlegen\/\" title=\"Garten gestalten oder neu anlegen . die sch\u00f6nsten Ideen\">Garten gestalten oder anlegen<\/a><\/div>\n<p>&nbsp;<\/p>\n<span id=\"17\"><\/span>\n<h3>Landesgartenschau Fulda 2023, Hessen<\/h3>\n<p>Mit Hessen kommt ein Bundesland daher, welches Ihnen eine Vielzahl an Ausflugsm\u00f6glichkeiten bietet. Doch nicht nur der 1000 Jahre alte Mainzer Dom beeindruckt. Auch die Landesgartenschau 2023 wird Ihnen gewiss eine Bandbreite an interessanten und spannenden Augenblicken liefern.<\/p>\n<p>&nbsp;<\/p>\n<p><strong>Veranstaltungsort:<\/strong> Fulda<\/p>\n<p>&nbsp;<\/p>\n<p><strong>Datum:<\/strong> 27.04.2023 \u2013 08.10.2023<\/p>\n<p>&nbsp;<\/p>\n<p><strong>\u00d6ffnungszeiten:<\/strong> voraussichtlich 9:30 bis 18:00 Uhr<\/p>\n<p>&nbsp;<\/p>\n<p><strong>Tickets &amp; Eintrittspreise:<\/strong> Erwachsene zahlen f\u00fcr eine Tageskarte 19,00 \u20ac, aber auch Dauerkarten, Erm\u00e4\u00dfigungen, Kinderkarten und Familienkarten k\u00f6nnen erworben werden.<\/p>\n<p>&nbsp;<\/p>\n<p><strong>Highlights &amp; Veranstaltungsprogramm:<\/strong><\/p>\n<div class=\"contentBoxLinded\"><p><\/p>\n<ul>\n<li>WasserGarten (Aueweiher)<\/li>\n<li>GenussGarten (Gelenk)<\/li>\n<li>KulturGarten (Park \u00fcberm Engelshaus)<\/li>\n<li><a title=\"Sonnenuhren online kaufen\" href=\"https:\/\/www.gartentraum.de\/Sonnenuhren\" target=\"_blank\" rel=\"noopener\">Sonnen<\/a>Garten (Garten am Sprengelsrasen)<\/li>\n<li>Erweiterung des Tiergartens<\/li>\n<li>KlimaBaumpfad<\/li>\n<li>Weiteres folgt<\/li>\n<\/ul>\n<p><\/p><\/div>\n<p><strong>Anfahrt, Route &amp; Lageplan:<\/strong> Wer klimabewusst ist, nutzt die Bahn, um den Bahnhof Fulda zu erreichen. Aber auch mit dem Auto oder Bus gelangt man \u00fcber die A7 und von dort aus \u00fcber die B27 oder B458 hinein in die Stadt.<\/p>\n<p>&nbsp;<\/p>\n<div id=\"attachment_30976\" class=\"wp-caption aligncenter\" style=\"width: 1210px\"><img loading=\"lazy\" decoding=\"async\" class=\"wp-image-30976 size-full\" src=\"https:\/\/www.gartentraum.de\/magazin\/wp-content\/uploads\/2021\/11\/buga-laga-fulda-aueweiher.jpg\" alt=\"Aueweiher der LAGA in Fulda\" width=\"1200\" height=\"800\" srcset=\"https:\/\/www.gartentraum.de\/magazin\/wp-content\/uploads\/2021\/11\/buga-laga-fulda-aueweiher.jpg 1200w, https:\/\/www.gartentraum.de\/magazin\/wp-content\/uploads\/2021\/11\/buga-laga-fulda-aueweiher-300x200.jpg 300w, https:\/\/www.gartentraum.de\/magazin\/wp-content\/uploads\/2021\/11\/buga-laga-fulda-aueweiher-1070x713.jpg 1070w, https:\/\/www.gartentraum.de\/magazin\/wp-content\/uploads\/2021\/11\/buga-laga-fulda-aueweiher-768x512.jpg 768w, https:\/\/www.gartentraum.de\/magazin\/wp-content\/uploads\/2021\/11\/buga-laga-fulda-aueweiher-350x233.jpg 350w, https:\/\/www.gartentraum.de\/magazin\/wp-content\/uploads\/2021\/11\/buga-laga-fulda-aueweiher-1024x682.jpg 1024w, https:\/\/www.gartentraum.de\/magazin\/wp-content\/uploads\/2021\/11\/buga-laga-fulda-aueweiher-75x50.jpg 75w, https:\/\/www.gartentraum.de\/magazin\/wp-content\/uploads\/2021\/11\/buga-laga-fulda-aueweiher-430x287.jpg 430w\" sizes=\"auto, (max-width: 1200px) 100vw, 1200px\" \/><p class=\"wp-caption-text\">Nicht nur der Aueweiher, sondern auch weitl\u00e4ufige Fl\u00e4chen in seiner Umgebung werden f\u00fcr die LAGA 2023 zum Hingucker.\r\n            <span class=\"social_links\">\r\n                <a title=\"auf pinterest teilen\" rel=\"nofollow\" target=\"_blank\" href=\"https:\/\/pinterest.com\/pin\/create\/button\/?url=https:\/\/www.gartentraum.de\/magazin\/wp-json\/wp\/v2\/posts\/30929&media=https:\/\/www.gartentraum.de\/magazin\/wp-content\/uploads\/2021\/11\/buga-laga-fulda-aueweiher.jpg&description=Nicht nur der Aueweiher, sondern auch weitl\u00e4ufige Fl\u00e4chen in seiner Umgebung werden f\u00fcr die LAGA 2023 zum Hingucker.\"><svg x=\"0px\" y=\"0px\"\r\n\t width=\"50px\" height=\"50px\" viewBox=\"0 0 50 50\"><path d=\"M39.553,5.124c-3.441-3.303-8.205-5.123-13.412-5.123c-7.953,0-12.845,3.26-15.548,5.995\r\n\t\tc-3.331,3.37-5.241,7.846-5.241,12.278c0,5.566,2.327,9.837,6.227,11.427c0.262,0.107,0.524,0.16,0.783,0.16\r\n\t\tc0.822,0,1.474-0.537,1.699-1.4c0.132-0.496,0.437-1.717,0.569-2.248c0.284-1.046,0.055-1.55-0.564-2.279\r\n\t\tc-1.128-1.336-1.652-2.912-1.652-4.966c0-6.098,4.541-12.58,12.958-12.58c6.678,0,10.826,3.796,10.826,9.906\r\n\t\tc0,3.855-0.83,7.425-2.338,10.054c-1.049,1.826-2.893,4.004-5.723,4.004c-1.223,0-2.322-0.504-3.016-1.379\r\n\t\tc-0.656-0.828-0.871-1.898-0.607-3.013c0.297-1.262,0.703-2.576,1.096-3.846c0.717-2.32,1.395-4.513,1.395-6.262\r\n\t\tc0-2.991-1.84-5.001-4.576-5.001c-3.479,0-6.203,3.532-6.203,8.042c0,2.211,0.588,3.866,0.854,4.5\r\n\t\tc-0.438,1.857-3.042,12.894-3.536,14.974c-0.285,1.217-2.006,10.813,0.842,11.576c3.2,0.861,6.06-8.484,6.351-9.541\r\n\t\tc0.236-0.859,1.062-4.107,1.567-6.104c1.545,1.488,4.032,2.494,6.452,2.494c4.563,0,8.664-2.053,11.553-5.781\r\n\t\tc2.801-3.615,4.342-8.654,4.342-14.187C44.648,12.499,42.791,8.234,39.553,5.124z\"\/><\/svg><\/a>\r\n                <a title=\"auf facebook teilen\" rel=\"nofollow\" target=\"_blank\" href=\"https:\/\/www.facebook.com\/sharer\/sharer.php?u=https:\/\/www.gartentraum.de\/magazin\/wp-json\/wp\/v2\/posts\/30929\"><svg x=\"0px\" y=\"0px\" width=\"23.325px\" height=\"49.982px\" viewBox=\"0 0 23.325 49.982\"><path d=\"M5.042,9.68c0,1.26,0,6.882,0,6.882H0v8.415h5.042v25.005h10.356V24.977h6.95\r\n\t\tc0,0,0.651-4.035,0.966-8.447c-0.905,0-7.877,0-7.877,0s0-4.896,0-5.753c0-0.86,1.129-2.017,2.246-2.017c1.114,0,3.465,0,5.642,0\r\n\t\tc0-1.146,0-5.104,0-8.76c-2.907,0-6.214,0-7.672,0C4.786,0,5.042,8.423,5.042,9.68z\"\/><\/svg><\/a>\r\n                <a title=\"Download der Grafik\" rel=\"nofollow\" target=\"_blank\" href=\"https:\/\/www.gartentraum.de\/magazin\/wp-content\/uploads\/2021\/11\/buga-laga-fulda-aueweiher.jpg?original\"><svg viewBox=\"0 0 576 512\"><path d=\"M528 288h-92.1l46.1-46.1c30.1-30.1 8.8-81.9-33.9-81.9h-64V48c0-26.5-21.5-48-48-48h-96c-26.5 0-48 21.5-48 48v112h-64c-42.6 0-64.2 51.7-33.9 81.9l46.1 46.1H48c-26.5 0-48 21.5-48 48v128c0 26.5 21.5 48 48 48h480c26.5 0 48-21.5 48-48V336c0-26.5-21.5-48-48-48zm-400-80h112V48h96v160h112L288 368 128 208zm400 256H48V336h140.1l65.9 65.9c18.8 18.8 49.1 18.7 67.9 0l65.9-65.9H528v128zm-88-64c0-13.3 10.7-24 24-24s24 10.7 24 24-10.7 24-24 24-24-10.7-24-24z\"><\/path><\/svg><\/a>  \r\n            <\/span>\r\n        <\/p><\/div>\n<p>&nbsp;<\/p>\n<div class=\"single_button\"><a href=\"https:\/\/www.gartentraum.de\/magazin\/baumschnitt-baumpflege\/\" title=\"Baumschnitt bei (Obst-)B\u00e4umen: Anleitung, Technik &amp; Zeitpunkt\">B\u00e4ume richtig schneiden<\/a><\/div>\n<p>&nbsp;<\/p>\n<span id=\"18\"><\/span>\n<h3>Landesgartenschau H\u00f6xter 2023, Nordrhein-Westfalen<\/h3>\n<p>Die parlamentarische Republik z\u00e4hlt zum bev\u00f6lkerungsreichsten Land innerhalb der Republik und tr\u00e4gt seit dem Jahr 1984 diverse Landesgartenschauen aus. F\u00fcr das Jahr 2023 soll schlie\u00dflich das St\u00e4dtchen H\u00f6xter Austragungsort der Landesgartenschau 2023 werden, mit B\u00e4umen, <a title=\"Staudenbeet &amp; Staudengarten planen, anlegen &amp; gestalten\" href=\"https:\/\/www.gartentraum.de\/magazin\/staudengarten-anlegen\/\" rel=\"\">Stauden<\/a> und Gartengestaltung so weit das Auge reicht. Weitere Informationen finden Sie hier:<\/p>\n<p>&nbsp;<\/p>\n<p><strong>Veranstaltungsort:<\/strong> H\u00f6xter<\/p>\n<p>&nbsp;<\/p>\n<p><strong>Datum:<\/strong> 20.04.2023 &#8211; 15.10.2023<\/p>\n<p>&nbsp;<\/p>\n<p><strong>\u00d6ffnungszeiten:<\/strong> Folgend.<\/p>\n<p>&nbsp;<\/p>\n<p><strong>Tickets &amp; Eintrittspreise:<\/strong> Der Vorverkauf f\u00fcr erm\u00e4\u00dfigte, personalisierte Dauerkarten in der Tourist-Information und im Stadthaus in H\u00f6xter ist bereits abgeschlossen. Weitere Informationen zu Tagestickets &amp; Co. folgen im Herbst 2022.<\/p>\n<p>&nbsp;<\/p>\n<p><strong>Highlights &amp; Veranstaltungsprogramm:<\/strong><\/p>\n<div class=\"contentBoxLinded\"><p><\/p>\n<ul>\n<li>Weiteres folgt.<\/li>\n<\/ul>\n<p><\/p><\/div>\n<p><strong>Anfahrt, Route &amp; Lageplan:<\/strong> H\u00f6xter will den Corvey-Parkplatz sowie den Flo\u00dfplatz erweitern. Die Regionalbahn 84 h\u00e4lt st\u00fcndlich im Bahnhof H\u00f6xter Rathaus und bietet eine Anbindung nach Kreiensen und Paderborn.<\/p>\n<p>&nbsp;<\/p>\n<span id=\"19\"><\/span>\n<h3>Landesgartenschau Bad D\u00fcrrenberg 2023, Sachsen-Anhalt<\/h3>\n<p>F\u00fcr das Jahr 2023 soll das beschauliche St\u00e4dtchen Bad D\u00fcrrenberg die Landesgartenschau in Sachsen-Anhalt ausspielen. Dabei k\u00f6nnen Sie sich auf das Motto \u201eSalzkristalle &amp; Bl\u00fctenzauber\u201c und spannende F\u00fchrungen freuen.<\/p>\n<p>&nbsp;<\/p>\n<p><strong>Veranstaltungsort:<\/strong> Bad D\u00fcrrenberg<\/p>\n<p>&nbsp;<\/p>\n<p><strong>Datum:<\/strong> 21.04.2023 \u2013 15.10.2023<\/p>\n<p>&nbsp;<\/p>\n<p><strong>\u00d6ffnungszeiten:<\/strong> Folgend.<\/p>\n<p>&nbsp;<\/p>\n<p><strong>Tickets &amp; Eintrittspreise:<\/strong> Folgend.<\/p>\n<p>&nbsp;<\/p>\n<p><strong>Highlights &amp; Veranstaltungsprogramm:<\/strong><\/p>\n<div class=\"contentBoxLinded\"><p><\/p>\n<ul>\n<li>Gradierwerk<\/li>\n<li>Kaltinhalierhalle<\/li>\n<li>Blumenhalle<\/li>\n<li>Palmen- &amp; Vogelhaus mit Sonderausstellungen<\/li>\n<li>Schausiederei<\/li>\n<li>Outdoor-K\u00fcche<\/li>\n<\/ul>\n<p><\/p><\/div>\n<p><strong>Anfahrt, Route &amp; Lageplan:<\/strong> Verkehrsg\u00fcnstig gelegen erreichen Sie Bad D\u00fcrrenberg \u00fcber den Saaleradweg, per Stra\u00dfenbahn von Halle (Saale) aus \u00fcber die Station Kurpark und st\u00fcndlich mit dem Regionalzug aus Richtung Leipzig oder Eisenach. Mit dem Auto nehmen Sie von der A38 kommend die Ausfahrt L\u00fctzen oder auf der A9 die Ausfahrt Bad D\u00fcrrenberg. Von Merseburg\/Leuna aus ist die schnellste Verbindung die B91.<\/p>\n<p>&nbsp;<\/p>\n<div id=\"attachment_30979\" class=\"wp-caption aligncenter\" style=\"width: 1210px\"><img loading=\"lazy\" decoding=\"async\" class=\"wp-image-30979 size-full\" src=\"https:\/\/www.gartentraum.de\/magazin\/wp-content\/uploads\/2021\/11\/buga-laga-gradierwerk-bad-duerrenberg.jpg\" alt=\"Gradierwerk vor der LAGA 2023\" width=\"1200\" height=\"800\" srcset=\"https:\/\/www.gartentraum.de\/magazin\/wp-content\/uploads\/2021\/11\/buga-laga-gradierwerk-bad-duerrenberg.jpg 1200w, https:\/\/www.gartentraum.de\/magazin\/wp-content\/uploads\/2021\/11\/buga-laga-gradierwerk-bad-duerrenberg-300x200.jpg 300w, https:\/\/www.gartentraum.de\/magazin\/wp-content\/uploads\/2021\/11\/buga-laga-gradierwerk-bad-duerrenberg-1070x713.jpg 1070w, https:\/\/www.gartentraum.de\/magazin\/wp-content\/uploads\/2021\/11\/buga-laga-gradierwerk-bad-duerrenberg-768x512.jpg 768w, https:\/\/www.gartentraum.de\/magazin\/wp-content\/uploads\/2021\/11\/buga-laga-gradierwerk-bad-duerrenberg-350x233.jpg 350w, https:\/\/www.gartentraum.de\/magazin\/wp-content\/uploads\/2021\/11\/buga-laga-gradierwerk-bad-duerrenberg-1024x682.jpg 1024w, https:\/\/www.gartentraum.de\/magazin\/wp-content\/uploads\/2021\/11\/buga-laga-gradierwerk-bad-duerrenberg-75x50.jpg 75w, https:\/\/www.gartentraum.de\/magazin\/wp-content\/uploads\/2021\/11\/buga-laga-gradierwerk-bad-duerrenberg-430x287.jpg 430w\" sizes=\"auto, (max-width: 1200px) 100vw, 1200px\" \/><p class=\"wp-caption-text\">Das Gradierwerkes in Bad D\u00fcrrenberg steht auf dem geplanten LAGA-Gel\u00e4nde \u2013 beeindruckend und gesundheitsf\u00f6rderlich.\r\n            <span class=\"social_links\">\r\n                <a title=\"auf pinterest teilen\" rel=\"nofollow\" target=\"_blank\" href=\"https:\/\/pinterest.com\/pin\/create\/button\/?url=https:\/\/www.gartentraum.de\/magazin\/wp-json\/wp\/v2\/posts\/30929&media=https:\/\/www.gartentraum.de\/magazin\/wp-content\/uploads\/2021\/11\/buga-laga-gradierwerk-bad-duerrenberg.jpg&description=Das Gradierwerkes in Bad D\u00fcrrenberg steht auf dem geplanten LAGA-Gel\u00e4nde \u2013 beeindruckend und gesundheitsf\u00f6rderlich.\"><svg x=\"0px\" y=\"0px\"\r\n\t width=\"50px\" height=\"50px\" viewBox=\"0 0 50 50\"><path d=\"M39.553,5.124c-3.441-3.303-8.205-5.123-13.412-5.123c-7.953,0-12.845,3.26-15.548,5.995\r\n\t\tc-3.331,3.37-5.241,7.846-5.241,12.278c0,5.566,2.327,9.837,6.227,11.427c0.262,0.107,0.524,0.16,0.783,0.16\r\n\t\tc0.822,0,1.474-0.537,1.699-1.4c0.132-0.496,0.437-1.717,0.569-2.248c0.284-1.046,0.055-1.55-0.564-2.279\r\n\t\tc-1.128-1.336-1.652-2.912-1.652-4.966c0-6.098,4.541-12.58,12.958-12.58c6.678,0,10.826,3.796,10.826,9.906\r\n\t\tc0,3.855-0.83,7.425-2.338,10.054c-1.049,1.826-2.893,4.004-5.723,4.004c-1.223,0-2.322-0.504-3.016-1.379\r\n\t\tc-0.656-0.828-0.871-1.898-0.607-3.013c0.297-1.262,0.703-2.576,1.096-3.846c0.717-2.32,1.395-4.513,1.395-6.262\r\n\t\tc0-2.991-1.84-5.001-4.576-5.001c-3.479,0-6.203,3.532-6.203,8.042c0,2.211,0.588,3.866,0.854,4.5\r\n\t\tc-0.438,1.857-3.042,12.894-3.536,14.974c-0.285,1.217-2.006,10.813,0.842,11.576c3.2,0.861,6.06-8.484,6.351-9.541\r\n\t\tc0.236-0.859,1.062-4.107,1.567-6.104c1.545,1.488,4.032,2.494,6.452,2.494c4.563,0,8.664-2.053,11.553-5.781\r\n\t\tc2.801-3.615,4.342-8.654,4.342-14.187C44.648,12.499,42.791,8.234,39.553,5.124z\"\/><\/svg><\/a>\r\n                <a title=\"auf facebook teilen\" rel=\"nofollow\" target=\"_blank\" href=\"https:\/\/www.facebook.com\/sharer\/sharer.php?u=https:\/\/www.gartentraum.de\/magazin\/wp-json\/wp\/v2\/posts\/30929\"><svg x=\"0px\" y=\"0px\" width=\"23.325px\" height=\"49.982px\" viewBox=\"0 0 23.325 49.982\"><path d=\"M5.042,9.68c0,1.26,0,6.882,0,6.882H0v8.415h5.042v25.005h10.356V24.977h6.95\r\n\t\tc0,0,0.651-4.035,0.966-8.447c-0.905,0-7.877,0-7.877,0s0-4.896,0-5.753c0-0.86,1.129-2.017,2.246-2.017c1.114,0,3.465,0,5.642,0\r\n\t\tc0-1.146,0-5.104,0-8.76c-2.907,0-6.214,0-7.672,0C4.786,0,5.042,8.423,5.042,9.68z\"\/><\/svg><\/a>\r\n                <a title=\"Download der Grafik\" rel=\"nofollow\" target=\"_blank\" href=\"https:\/\/www.gartentraum.de\/magazin\/wp-content\/uploads\/2021\/11\/buga-laga-gradierwerk-bad-duerrenberg.jpg?original\"><svg viewBox=\"0 0 576 512\"><path d=\"M528 288h-92.1l46.1-46.1c30.1-30.1 8.8-81.9-33.9-81.9h-64V48c0-26.5-21.5-48-48-48h-96c-26.5 0-48 21.5-48 48v112h-64c-42.6 0-64.2 51.7-33.9 81.9l46.1 46.1H48c-26.5 0-48 21.5-48 48v128c0 26.5 21.5 48 48 48h480c26.5 0 48-21.5 48-48V336c0-26.5-21.5-48-48-48zm-400-80h112V48h96v160h112L288 368 128 208zm400 256H48V336h140.1l65.9 65.9c18.8 18.8 49.1 18.7 67.9 0l65.9-65.9H528v128zm-88-64c0-13.3 10.7-24 24-24s24 10.7 24 24-10.7 24-24 24-24-10.7-24-24z\"><\/path><\/svg><\/a>  \r\n            <\/span>\r\n        <\/p><\/div>\n<p>&nbsp;<\/p>\n<span id=\"20\"><\/span>\n<div class=\"h2_h3_comby\"><h2 class=\"font\">\u00dcbersicht \u00fcber vergangene und kommende Gartenschauen<\/h2><div class=\"line\"><\/div><p class=\"fakeH3\">Welche Gartenschauen gab es und welche sind in Planung?<\/p><\/div>\n<p>Nachfolgend haben wir alle gr\u00f6\u00dferen Gartenschauen f\u00fcr Sie aufgelistet, die es bisher gab, die teils derzeit stattfinden und auch jene, die derzeit in Planung sind. Zur besseren Gr\u00f6\u00dfeneinordnung unterscheiden wir zwischen Bundesgartenschau (BUGA), Landesgartenschau (LAGA), kleiner Landesgartenschau (kLAGA) und Gr\u00fcnprojekt. In der Regel bleiben auch nach Beendigung der Ausstellung die geschaffenen Fl\u00e4chen erhalten, sodass inzwischen viele St\u00e4dte auch im Nachhinein wundervolle Orte der Erholung dazugewonnen haben. Lediglich in Bremen und im Saarland gab es bisher keine Gartenschauen. Hamburg kann immerhin mit den Internationalen Gartenbauausstellungen in den Jahren 1953, 1963 und 1973 sowie der Internationalen Gartenschau 2013 punkten.<\/p>\n<p>&nbsp;<\/p>\n<p style=\"text-align: center;\"><span style=\"color: #a1ba54;\"><strong>BADEN-W\u00dcRTTEMBERG<\/strong><\/span><\/p>\n<p>&nbsp;<\/p>\n<div class=\"old_columns_row\"><div class=\"old_column one_half\"><p><\/p>\n<p><img loading=\"lazy\" decoding=\"async\" class=\"aligncenter size-full wp-image-31136\" src=\"https:\/\/www.gartentraum.de\/magazin\/wp-content\/uploads\/2021\/11\/buga-laga-grafik-bawue1.jpg\" alt=\"Gartenschauen in Baden-W\u00fcrttemberg Teil 1\" width=\"1104\" height=\"1713\" srcset=\"https:\/\/www.gartentraum.de\/magazin\/wp-content\/uploads\/2021\/11\/buga-laga-grafik-bawue1.jpg 1104w, https:\/\/www.gartentraum.de\/magazin\/wp-content\/uploads\/2021\/11\/buga-laga-grafik-bawue1-193x300.jpg 193w, https:\/\/www.gartentraum.de\/magazin\/wp-content\/uploads\/2021\/11\/buga-laga-grafik-bawue1-690x1070.jpg 690w, https:\/\/www.gartentraum.de\/magazin\/wp-content\/uploads\/2021\/11\/buga-laga-grafik-bawue1-768x1192.jpg 768w, https:\/\/www.gartentraum.de\/magazin\/wp-content\/uploads\/2021\/11\/buga-laga-grafik-bawue1-990x1536.jpg 990w, https:\/\/www.gartentraum.de\/magazin\/wp-content\/uploads\/2021\/11\/buga-laga-grafik-bawue1-350x543.jpg 350w, https:\/\/www.gartentraum.de\/magazin\/wp-content\/uploads\/2021\/11\/buga-laga-grafik-bawue1-660x1024.jpg 660w, https:\/\/www.gartentraum.de\/magazin\/wp-content\/uploads\/2021\/11\/buga-laga-grafik-bawue1-32x50.jpg 32w, https:\/\/www.gartentraum.de\/magazin\/wp-content\/uploads\/2021\/11\/buga-laga-grafik-bawue1-430x667.jpg 430w, https:\/\/www.gartentraum.de\/magazin\/wp-content\/uploads\/2021\/11\/buga-laga-grafik-bawue1-220x340.jpg 220w\" sizes=\"auto, (max-width: 1104px) 100vw, 1104px\" \/><\/div><div class=\"old_column one_half\"><p><img loading=\"lazy\" decoding=\"async\" class=\"aligncenter size-full wp-image-31137\" src=\"https:\/\/www.gartentraum.de\/magazin\/wp-content\/uploads\/2021\/11\/buga-laga-grafik-bawue2.jpg\" alt=\"Gartenschauen in Baden-W\u00fcrttemberg Teil 2\" width=\"1104\" height=\"1655\" srcset=\"https:\/\/www.gartentraum.de\/magazin\/wp-content\/uploads\/2021\/11\/buga-laga-grafik-bawue2.jpg 1104w, https:\/\/www.gartentraum.de\/magazin\/wp-content\/uploads\/2021\/11\/buga-laga-grafik-bawue2-200x300.jpg 200w, https:\/\/www.gartentraum.de\/magazin\/wp-content\/uploads\/2021\/11\/buga-laga-grafik-bawue2-714x1070.jpg 714w, https:\/\/www.gartentraum.de\/magazin\/wp-content\/uploads\/2021\/11\/buga-laga-grafik-bawue2-768x1151.jpg 768w, https:\/\/www.gartentraum.de\/magazin\/wp-content\/uploads\/2021\/11\/buga-laga-grafik-bawue2-1025x1536.jpg 1025w, https:\/\/www.gartentraum.de\/magazin\/wp-content\/uploads\/2021\/11\/buga-laga-grafik-bawue2-350x525.jpg 350w, https:\/\/www.gartentraum.de\/magazin\/wp-content\/uploads\/2021\/11\/buga-laga-grafik-bawue2-33x50.jpg 33w, https:\/\/www.gartentraum.de\/magazin\/wp-content\/uploads\/2021\/11\/buga-laga-grafik-bawue2-430x645.jpg 430w\" sizes=\"auto, (max-width: 1104px) 100vw, 1104px\" \/><\/div><\/div>\n<p>&nbsp;<\/p>\n<p style=\"text-align: center;\"><span style=\"color: #a1ba54;\"><strong>BAYERN<\/strong><\/span><\/p>\n<p>&nbsp;<\/p>\n<div class=\"old_columns_row\"><div class=\"old_column one_half\"><p><img loading=\"lazy\" decoding=\"async\" class=\"aligncenter size-full wp-image-31086\" src=\"https:\/\/www.gartentraum.de\/magazin\/wp-content\/uploads\/2021\/11\/buga-laga-grafik-bayern1.jpg\" alt=\"Gartenschauen in Bayern Teil 2\" width=\"1104\" height=\"932\" srcset=\"https:\/\/www.gartentraum.de\/magazin\/wp-content\/uploads\/2021\/11\/buga-laga-grafik-bayern1.jpg 1104w, https:\/\/www.gartentraum.de\/magazin\/wp-content\/uploads\/2021\/11\/buga-laga-grafik-bayern1-300x253.jpg 300w, https:\/\/www.gartentraum.de\/magazin\/wp-content\/uploads\/2021\/11\/buga-laga-grafik-bayern1-1070x903.jpg 1070w, https:\/\/www.gartentraum.de\/magazin\/wp-content\/uploads\/2021\/11\/buga-laga-grafik-bayern1-768x648.jpg 768w, https:\/\/www.gartentraum.de\/magazin\/wp-content\/uploads\/2021\/11\/buga-laga-grafik-bayern1-350x295.jpg 350w, https:\/\/www.gartentraum.de\/magazin\/wp-content\/uploads\/2021\/11\/buga-laga-grafik-bayern1-59x50.jpg 59w, https:\/\/www.gartentraum.de\/magazin\/wp-content\/uploads\/2021\/11\/buga-laga-grafik-bayern1-430x363.jpg 430w\" sizes=\"auto, (max-width: 1104px) 100vw, 1104px\" \/><\/div><div class=\"old_column one_half\"><p><img loading=\"lazy\" decoding=\"async\" class=\"aligncenter size-full wp-image-31087\" src=\"https:\/\/www.gartentraum.de\/magazin\/wp-content\/uploads\/2021\/11\/buga-laga-grafik-bayern2.jpg\" alt=\"Gartenschauen in Bayern Teil 2\" width=\"1104\" height=\"932\" srcset=\"https:\/\/www.gartentraum.de\/magazin\/wp-content\/uploads\/2021\/11\/buga-laga-grafik-bayern2.jpg 1104w, https:\/\/www.gartentraum.de\/magazin\/wp-content\/uploads\/2021\/11\/buga-laga-grafik-bayern2-300x253.jpg 300w, https:\/\/www.gartentraum.de\/magazin\/wp-content\/uploads\/2021\/11\/buga-laga-grafik-bayern2-1070x903.jpg 1070w, https:\/\/www.gartentraum.de\/magazin\/wp-content\/uploads\/2021\/11\/buga-laga-grafik-bayern2-768x648.jpg 768w, https:\/\/www.gartentraum.de\/magazin\/wp-content\/uploads\/2021\/11\/buga-laga-grafik-bayern2-350x295.jpg 350w, https:\/\/www.gartentraum.de\/magazin\/wp-content\/uploads\/2021\/11\/buga-laga-grafik-bayern2-59x50.jpg 59w, https:\/\/www.gartentraum.de\/magazin\/wp-content\/uploads\/2021\/11\/buga-laga-grafik-bayern2-430x363.jpg 430w\" sizes=\"auto, (max-width: 1104px) 100vw, 1104px\" \/><\/div><\/div>\n<p>&nbsp;<\/p>\n<div class=\"old_columns_row\"><div class=\"old_column one_half\"><p><\/p>\n<p style=\"text-align: center;\"><span style=\"color: #a1ba54;\"><strong>BERLIN<\/strong><\/span><\/p>\n<p>&nbsp;<\/p>\n<p style=\"text-align: center;\"><img loading=\"lazy\" decoding=\"async\" class=\"aligncenter size-full wp-image-31088\" src=\"https:\/\/www.gartentraum.de\/magazin\/wp-content\/uploads\/2021\/11\/buga-laga-grafik-berlin.jpg\" alt=\"Gartenschauen in Berlin\" width=\"1106\" height=\"110\" srcset=\"https:\/\/www.gartentraum.de\/magazin\/wp-content\/uploads\/2021\/11\/buga-laga-grafik-berlin.jpg 1106w, https:\/\/www.gartentraum.de\/magazin\/wp-content\/uploads\/2021\/11\/buga-laga-grafik-berlin-300x30.jpg 300w, https:\/\/www.gartentraum.de\/magazin\/wp-content\/uploads\/2021\/11\/buga-laga-grafik-berlin-1070x106.jpg 1070w, https:\/\/www.gartentraum.de\/magazin\/wp-content\/uploads\/2021\/11\/buga-laga-grafik-berlin-768x76.jpg 768w, https:\/\/www.gartentraum.de\/magazin\/wp-content\/uploads\/2021\/11\/buga-laga-grafik-berlin-1098x110.jpg 1098w, https:\/\/www.gartentraum.de\/magazin\/wp-content\/uploads\/2021\/11\/buga-laga-grafik-berlin-350x35.jpg 350w, https:\/\/www.gartentraum.de\/magazin\/wp-content\/uploads\/2021\/11\/buga-laga-grafik-berlin-503x50.jpg 503w, https:\/\/www.gartentraum.de\/magazin\/wp-content\/uploads\/2021\/11\/buga-laga-grafik-berlin-430x43.jpg 430w\" sizes=\"auto, (max-width: 1106px) 100vw, 1106px\" \/><\/p>\n<p>&nbsp;<\/p>\n<p>&nbsp;<\/p>\n<p style=\"text-align: center;\"><\/div><div class=\"old_column one_half\"><p><\/p>\n<p style=\"text-align: center;\"><span style=\"color: #a1ba54;\"><strong>BRANDENBURG<\/strong><\/span><\/p>\n<p>&nbsp;<\/p>\n<p style=\"text-align: center;\"><img loading=\"lazy\" decoding=\"async\" class=\"aligncenter size-full wp-image-31089\" src=\"https:\/\/www.gartentraum.de\/magazin\/wp-content\/uploads\/2021\/11\/buga-laga-grafik-brandenburg.jpg\" alt=\"Gartenschauen in Brandenburg\" width=\"1108\" height=\"400\" srcset=\"https:\/\/www.gartentraum.de\/magazin\/wp-content\/uploads\/2021\/11\/buga-laga-grafik-brandenburg.jpg 1108w, https:\/\/www.gartentraum.de\/magazin\/wp-content\/uploads\/2021\/11\/buga-laga-grafik-brandenburg-300x108.jpg 300w, https:\/\/www.gartentraum.de\/magazin\/wp-content\/uploads\/2021\/11\/buga-laga-grafik-brandenburg-1070x386.jpg 1070w, https:\/\/www.gartentraum.de\/magazin\/wp-content\/uploads\/2021\/11\/buga-laga-grafik-brandenburg-768x277.jpg 768w, https:\/\/www.gartentraum.de\/magazin\/wp-content\/uploads\/2021\/11\/buga-laga-grafik-brandenburg-350x126.jpg 350w, https:\/\/www.gartentraum.de\/magazin\/wp-content\/uploads\/2021\/11\/buga-laga-grafik-brandenburg-139x50.jpg 139w, https:\/\/www.gartentraum.de\/magazin\/wp-content\/uploads\/2021\/11\/buga-laga-grafik-brandenburg-430x155.jpg 430w\" sizes=\"auto, (max-width: 1108px) 100vw, 1108px\" \/><\/div><\/div>\n<p>&nbsp;<\/p>\n<div class=\"old_columns_row\"><div class=\"old_column one_half\"><p><\/p>\n<p style=\"text-align: center;\"><span style=\"color: #a1ba54;\"><strong>HESSEN<\/strong><\/span><\/p>\n<p>&nbsp;<\/p>\n<p style=\"text-align: center;\"><img loading=\"lazy\" decoding=\"async\" class=\"aligncenter size-full wp-image-31090\" src=\"https:\/\/www.gartentraum.de\/magazin\/wp-content\/uploads\/2021\/11\/buga-laga-grafik-hessen.jpg\" alt=\"Gartenschauen in Hessen\" width=\"1106\" height=\"446\" srcset=\"https:\/\/www.gartentraum.de\/magazin\/wp-content\/uploads\/2021\/11\/buga-laga-grafik-hessen.jpg 1106w, https:\/\/www.gartentraum.de\/magazin\/wp-content\/uploads\/2021\/11\/buga-laga-grafik-hessen-300x121.jpg 300w, https:\/\/www.gartentraum.de\/magazin\/wp-content\/uploads\/2021\/11\/buga-laga-grafik-hessen-1070x431.jpg 1070w, https:\/\/www.gartentraum.de\/magazin\/wp-content\/uploads\/2021\/11\/buga-laga-grafik-hessen-768x310.jpg 768w, https:\/\/www.gartentraum.de\/magazin\/wp-content\/uploads\/2021\/11\/buga-laga-grafik-hessen-350x141.jpg 350w, https:\/\/www.gartentraum.de\/magazin\/wp-content\/uploads\/2021\/11\/buga-laga-grafik-hessen-124x50.jpg 124w, https:\/\/www.gartentraum.de\/magazin\/wp-content\/uploads\/2021\/11\/buga-laga-grafik-hessen-430x173.jpg 430w\" sizes=\"auto, (max-width: 1106px) 100vw, 1106px\" \/><\/p>\n<p>&nbsp;<\/p>\n<p>&nbsp;<\/p>\n<p style=\"text-align: center;\"><\/div><div class=\"old_column one_half\"><p><\/p>\n<p style=\"text-align: center;\"><span style=\"color: #a1ba54;\"><strong>MECKLENBURG-VORPOMMERN<\/strong><\/span><\/p>\n<p>&nbsp;<\/p>\n<p style=\"text-align: center;\"><img loading=\"lazy\" decoding=\"async\" class=\"aligncenter size-full wp-image-31091\" src=\"https:\/\/www.gartentraum.de\/magazin\/wp-content\/uploads\/2021\/11\/buga-laga-grafik-meck-pomm.jpg\" alt=\"Gartenschauen in Mecklemburg-Vorpommern\" width=\"1106\" height=\"110\" srcset=\"https:\/\/www.gartentraum.de\/magazin\/wp-content\/uploads\/2021\/11\/buga-laga-grafik-meck-pomm.jpg 1106w, https:\/\/www.gartentraum.de\/magazin\/wp-content\/uploads\/2021\/11\/buga-laga-grafik-meck-pomm-300x30.jpg 300w, https:\/\/www.gartentraum.de\/magazin\/wp-content\/uploads\/2021\/11\/buga-laga-grafik-meck-pomm-1070x106.jpg 1070w, https:\/\/www.gartentraum.de\/magazin\/wp-content\/uploads\/2021\/11\/buga-laga-grafik-meck-pomm-768x76.jpg 768w, https:\/\/www.gartentraum.de\/magazin\/wp-content\/uploads\/2021\/11\/buga-laga-grafik-meck-pomm-1098x110.jpg 1098w, https:\/\/www.gartentraum.de\/magazin\/wp-content\/uploads\/2021\/11\/buga-laga-grafik-meck-pomm-350x35.jpg 350w, https:\/\/www.gartentraum.de\/magazin\/wp-content\/uploads\/2021\/11\/buga-laga-grafik-meck-pomm-503x50.jpg 503w, https:\/\/www.gartentraum.de\/magazin\/wp-content\/uploads\/2021\/11\/buga-laga-grafik-meck-pomm-430x43.jpg 430w\" sizes=\"auto, (max-width: 1106px) 100vw, 1106px\" \/><\/div><\/div>\n<p>&nbsp;<\/p>\n<div class=\"old_columns_row\"><div class=\"old_column one_half\"><p><\/p>\n<p style=\"text-align: center;\"><span style=\"color: #a1ba54;\"><strong>NIEDERSACHSEN<\/strong><\/span><\/p>\n<p>&nbsp;<\/p>\n<p style=\"text-align: center;\"><img loading=\"lazy\" decoding=\"async\" class=\"aligncenter wp-image-31434\" src=\"https:\/\/www.gartentraum.de\/magazin\/wp-content\/uploads\/2022\/03\/buga-laga-grafik-niedersachsen.png\" alt=\"Gartenschauen in Niedersachsen\" width=\"1108\" height=\"474\" srcset=\"https:\/\/www.gartentraum.de\/magazin\/wp-content\/uploads\/2022\/03\/buga-laga-grafik-niedersachsen.png 668w, https:\/\/www.gartentraum.de\/magazin\/wp-content\/uploads\/2022\/03\/buga-laga-grafik-niedersachsen-300x128.png 300w, https:\/\/www.gartentraum.de\/magazin\/wp-content\/uploads\/2022\/03\/buga-laga-grafik-niedersachsen-350x150.png 350w, https:\/\/www.gartentraum.de\/magazin\/wp-content\/uploads\/2022\/03\/buga-laga-grafik-niedersachsen-117x50.png 117w, https:\/\/www.gartentraum.de\/magazin\/wp-content\/uploads\/2022\/03\/buga-laga-grafik-niedersachsen-430x184.png 430w\" sizes=\"auto, (max-width: 1108px) 100vw, 1108px\" \/><\/p>\n<p>&nbsp;<\/p>\n<p>&nbsp;<\/p>\n<p style=\"text-align: center;\"><\/div><div class=\"old_column one_half\"><p><\/p>\n<p style=\"text-align: center;\"><span style=\"color: #a1ba54;\"><strong>NORDRHEIN-WESTFALEN<\/strong><\/span><\/p>\n<p>&nbsp;<\/p>\n<p style=\"text-align: center;\"><img loading=\"lazy\" decoding=\"async\" class=\"aligncenter size-full wp-image-31093\" src=\"https:\/\/www.gartentraum.de\/magazin\/wp-content\/uploads\/2021\/11\/buga-laga-grafik-nrw.jpg\" alt=\"Gartenschauen in Nordrhein-Westfalen\" width=\"1108\" height=\"1076\" srcset=\"https:\/\/www.gartentraum.de\/magazin\/wp-content\/uploads\/2021\/11\/buga-laga-grafik-nrw.jpg 1108w, https:\/\/www.gartentraum.de\/magazin\/wp-content\/uploads\/2021\/11\/buga-laga-grafik-nrw-300x291.jpg 300w, https:\/\/www.gartentraum.de\/magazin\/wp-content\/uploads\/2021\/11\/buga-laga-grafik-nrw-1070x1039.jpg 1070w, https:\/\/www.gartentraum.de\/magazin\/wp-content\/uploads\/2021\/11\/buga-laga-grafik-nrw-768x746.jpg 768w, https:\/\/www.gartentraum.de\/magazin\/wp-content\/uploads\/2021\/11\/buga-laga-grafik-nrw-40x40.jpg 40w, https:\/\/www.gartentraum.de\/magazin\/wp-content\/uploads\/2021\/11\/buga-laga-grafik-nrw-350x340.jpg 350w, https:\/\/www.gartentraum.de\/magazin\/wp-content\/uploads\/2021\/11\/buga-laga-grafik-nrw-51x50.jpg 51w, https:\/\/www.gartentraum.de\/magazin\/wp-content\/uploads\/2021\/11\/buga-laga-grafik-nrw-430x418.jpg 430w\" sizes=\"auto, (max-width: 1108px) 100vw, 1108px\" \/><\/div><\/div>\n<p>&nbsp;<\/p>\n<div class=\"old_columns_row\"><div class=\"old_column one_half\"><p><\/p>\n<p style=\"text-align: center;\"><span style=\"color: #a1ba54;\"><strong>RHEINLAND-PFALZ<\/strong><\/span><\/p>\n<p>&nbsp;<\/p>\n<p style=\"text-align: center;\"><img loading=\"lazy\" decoding=\"async\" class=\"aligncenter size-full wp-image-31094\" src=\"https:\/\/www.gartentraum.de\/magazin\/wp-content\/uploads\/2021\/11\/buga-laga-grafik-rheinland-pfalz.jpg\" alt=\"Gartenschauen in Rheinland-Pfalz\" width=\"1106\" height=\"354\" srcset=\"https:\/\/www.gartentraum.de\/magazin\/wp-content\/uploads\/2021\/11\/buga-laga-grafik-rheinland-pfalz.jpg 1106w, https:\/\/www.gartentraum.de\/magazin\/wp-content\/uploads\/2021\/11\/buga-laga-grafik-rheinland-pfalz-300x96.jpg 300w, https:\/\/www.gartentraum.de\/magazin\/wp-content\/uploads\/2021\/11\/buga-laga-grafik-rheinland-pfalz-1070x342.jpg 1070w, https:\/\/www.gartentraum.de\/magazin\/wp-content\/uploads\/2021\/11\/buga-laga-grafik-rheinland-pfalz-768x246.jpg 768w, https:\/\/www.gartentraum.de\/magazin\/wp-content\/uploads\/2021\/11\/buga-laga-grafik-rheinland-pfalz-350x112.jpg 350w, https:\/\/www.gartentraum.de\/magazin\/wp-content\/uploads\/2021\/11\/buga-laga-grafik-rheinland-pfalz-156x50.jpg 156w, https:\/\/www.gartentraum.de\/magazin\/wp-content\/uploads\/2021\/11\/buga-laga-grafik-rheinland-pfalz-430x138.jpg 430w\" sizes=\"auto, (max-width: 1106px) 100vw, 1106px\" \/><\/p>\n<p>&nbsp;<\/p>\n<p>&nbsp;<\/p>\n<p style=\"text-align: center;\"><\/div><div class=\"old_column one_half\"><p><\/p>\n<p style=\"text-align: center;\"><span style=\"color: #a1ba54;\"><strong>SACHSEN<\/strong><\/span><\/p>\n<p>&nbsp;<\/p>\n<p style=\"text-align: center;\"><img loading=\"lazy\" decoding=\"async\" class=\"aligncenter size-full wp-image-31096\" src=\"https:\/\/www.gartentraum.de\/magazin\/wp-content\/uploads\/2021\/11\/buga-laga-grafik-sachsen.jpg\" alt=\"Gartenschauen in Sachsen\" width=\"1110\" height=\"500\" srcset=\"https:\/\/www.gartentraum.de\/magazin\/wp-content\/uploads\/2021\/11\/buga-laga-grafik-sachsen.jpg 1110w, https:\/\/www.gartentraum.de\/magazin\/wp-content\/uploads\/2021\/11\/buga-laga-grafik-sachsen-300x135.jpg 300w, https:\/\/www.gartentraum.de\/magazin\/wp-content\/uploads\/2021\/11\/buga-laga-grafik-sachsen-1070x482.jpg 1070w, https:\/\/www.gartentraum.de\/magazin\/wp-content\/uploads\/2021\/11\/buga-laga-grafik-sachsen-768x346.jpg 768w, https:\/\/www.gartentraum.de\/magazin\/wp-content\/uploads\/2021\/11\/buga-laga-grafik-sachsen-350x158.jpg 350w, https:\/\/www.gartentraum.de\/magazin\/wp-content\/uploads\/2021\/11\/buga-laga-grafik-sachsen-111x50.jpg 111w, https:\/\/www.gartentraum.de\/magazin\/wp-content\/uploads\/2021\/11\/buga-laga-grafik-sachsen-430x194.jpg 430w\" sizes=\"auto, (max-width: 1110px) 100vw, 1110px\" \/><\/div><\/div>\n<p>&nbsp;<\/p>\n<div class=\"old_columns_row\"><div class=\"old_column one_half\"><p><\/p>\n<p style=\"text-align: center;\"><span style=\"color: #a1ba54;\"><strong>SACHSEN-ANHALT<\/strong><\/span><\/p>\n<p>&nbsp;<\/p>\n<p style=\"text-align: center;\"><img loading=\"lazy\" decoding=\"async\" class=\"aligncenter size-full wp-image-31095\" src=\"https:\/\/www.gartentraum.de\/magazin\/wp-content\/uploads\/2021\/11\/buga-laga-grafik-sachsen-anhalt.jpg\" alt=\"Gartenschauen in Sachsen-Anhalt\" width=\"1106\" height=\"302\" srcset=\"https:\/\/www.gartentraum.de\/magazin\/wp-content\/uploads\/2021\/11\/buga-laga-grafik-sachsen-anhalt.jpg 1106w, https:\/\/www.gartentraum.de\/magazin\/wp-content\/uploads\/2021\/11\/buga-laga-grafik-sachsen-anhalt-300x82.jpg 300w, https:\/\/www.gartentraum.de\/magazin\/wp-content\/uploads\/2021\/11\/buga-laga-grafik-sachsen-anhalt-1070x292.jpg 1070w, https:\/\/www.gartentraum.de\/magazin\/wp-content\/uploads\/2021\/11\/buga-laga-grafik-sachsen-anhalt-768x210.jpg 768w, https:\/\/www.gartentraum.de\/magazin\/wp-content\/uploads\/2021\/11\/buga-laga-grafik-sachsen-anhalt-350x96.jpg 350w, https:\/\/www.gartentraum.de\/magazin\/wp-content\/uploads\/2021\/11\/buga-laga-grafik-sachsen-anhalt-183x50.jpg 183w, https:\/\/www.gartentraum.de\/magazin\/wp-content\/uploads\/2021\/11\/buga-laga-grafik-sachsen-anhalt-430x117.jpg 430w\" sizes=\"auto, (max-width: 1106px) 100vw, 1106px\" \/><\/p>\n<p>&nbsp;<\/p>\n<p>&nbsp;<\/p>\n<p style=\"text-align: center;\"><\/div><div class=\"old_column one_half\"><p><\/p>\n<p style=\"text-align: center;\"><span style=\"color: #a1ba54;\"><strong>SCHLESWIG-HOLSTEIN<\/strong><\/span><\/p>\n<p>&nbsp;<\/p>\n<p style=\"text-align: center;\"><img loading=\"lazy\" decoding=\"async\" class=\"aligncenter size-full wp-image-31097\" src=\"https:\/\/www.gartentraum.de\/magazin\/wp-content\/uploads\/2021\/11\/buga-laga-grafik-schleswig-holstein.jpg\" alt=\"Gartenschauen in Schleswig-Holstein\" width=\"1108\" height=\"206\" srcset=\"https:\/\/www.gartentraum.de\/magazin\/wp-content\/uploads\/2021\/11\/buga-laga-grafik-schleswig-holstein.jpg 1108w, https:\/\/www.gartentraum.de\/magazin\/wp-content\/uploads\/2021\/11\/buga-laga-grafik-schleswig-holstein-300x56.jpg 300w, https:\/\/www.gartentraum.de\/magazin\/wp-content\/uploads\/2021\/11\/buga-laga-grafik-schleswig-holstein-1070x199.jpg 1070w, https:\/\/www.gartentraum.de\/magazin\/wp-content\/uploads\/2021\/11\/buga-laga-grafik-schleswig-holstein-768x143.jpg 768w, https:\/\/www.gartentraum.de\/magazin\/wp-content\/uploads\/2021\/11\/buga-laga-grafik-schleswig-holstein-350x65.jpg 350w, https:\/\/www.gartentraum.de\/magazin\/wp-content\/uploads\/2021\/11\/buga-laga-grafik-schleswig-holstein-269x50.jpg 269w, https:\/\/www.gartentraum.de\/magazin\/wp-content\/uploads\/2021\/11\/buga-laga-grafik-schleswig-holstein-430x80.jpg 430w\" sizes=\"auto, (max-width: 1108px) 100vw, 1108px\" \/><\/div><\/div>\n<p>&nbsp;<\/p>\n<div class=\"old_columns_row\"><div class=\"old_column one_half\"><p><\/p>\n<p style=\"text-align: center;\"><span style=\"color: #a1ba54;\"><strong>TH\u00dcRINGEN<\/strong><\/span><\/div><div class=\"old_column one_half\"><p><\/p>\n<p style=\"text-align: center;\"><\/div><\/div>\n<div class=\"old_columns_row\"><div class=\"old_column one_half\"><p><img loading=\"lazy\" decoding=\"async\" class=\"aligncenter size-full wp-image-31098\" src=\"https:\/\/www.gartentraum.de\/magazin\/wp-content\/uploads\/2021\/11\/buga-laga-grafik-thueringen.jpg\" alt=\"Gartenschauen in Th\u00fcringen\" width=\"1108\" height=\"350\" srcset=\"https:\/\/www.gartentraum.de\/magazin\/wp-content\/uploads\/2021\/11\/buga-laga-grafik-thueringen.jpg 1108w, https:\/\/www.gartentraum.de\/magazin\/wp-content\/uploads\/2021\/11\/buga-laga-grafik-thueringen-300x95.jpg 300w, https:\/\/www.gartentraum.de\/magazin\/wp-content\/uploads\/2021\/11\/buga-laga-grafik-thueringen-1070x338.jpg 1070w, https:\/\/www.gartentraum.de\/magazin\/wp-content\/uploads\/2021\/11\/buga-laga-grafik-thueringen-768x243.jpg 768w, https:\/\/www.gartentraum.de\/magazin\/wp-content\/uploads\/2021\/11\/buga-laga-grafik-thueringen-350x111.jpg 350w, https:\/\/www.gartentraum.de\/magazin\/wp-content\/uploads\/2021\/11\/buga-laga-grafik-thueringen-158x50.jpg 158w, https:\/\/www.gartentraum.de\/magazin\/wp-content\/uploads\/2021\/11\/buga-laga-grafik-thueringen-430x136.jpg 430w\" sizes=\"auto, (max-width: 1108px) 100vw, 1108px\" \/><\/div><div class=\"old_column one_half\"><p><\/div><\/div>\n<p>&nbsp;<\/p>\n<p><div class=\"spruchbox\"><p><\/p><\/div><strong>Fazit zur Bundesgartenschau in Erfurt<\/strong><\/p>\n<p>Ob egapark oder Petersberg \u2013 die BUGA 21 in Erfurt bestach in erster Linie mit bl\u00fctentr\u00e4chtiger Gartenlust. 4.000 Veranstaltungen, 190 ehrenamtliche Helfer und 43 ha Fl\u00e4che lockten 1,5 Mio. Besucher an. F\u00fcr das kommende Jahr 2022 plant das Land eine Light-Version der Ausstellung, sodass sich Interessierte oder Sp\u00e4tz\u00fcnder noch \u00fcber die Beendigung der BUGA 21 hinaus auf beeindruckende G\u00e4rten freuen d\u00fcrfen.<\/p>\n<p>&nbsp;<\/p>\n<div class=\"shopthelook\"><div class=\"heading\"><p class=\"font\"><\/p><\/div><div class=\"stl_slider\"><div class=\"slide\"><img decoding=\"async\" title=\"\" alt=\"\" loading=\"lazy\" src=\"https:\/\/www.gartentraum.de\/magazin\/wp-content\/uploads\/2020\/10\/Landhausgarten-mit-vielen-Pflanzgefaessen-1100x628-1-1098x628.jpg\" width=\"1098\" height=\"628\"\/><div class=\"scStlItemAd flex\"><p>Anzeige<\/p><\/div><div class=\"product_placement flex\"><div class=\"single_product\"><a href=\"https:\/\/www.gartentraum.de\/Aussenbeleuchtung\" title=\"Au\u00dfenbeleuchtung online kaufen\" target=\"_blank\" rel=\"sponsored nofollow\"><img decoding=\"async\" title=\"Au\u00dfenbeleuchtung\" alt=\"Au\u00dfenbeleuchtung\" loading=\"lazy\" src=\"https:\/\/www.gartentraum.de\/magazin\/wp-content\/uploads\/2020\/10\/antike-messing-wandleuchte-fuer-draussen-mit-kristall-ulfa-200x200.jpg\" width=\"200\" height=\"200\"\/><p class=\"headline font\">Au\u00dfenbeleuchtung<\/p><\/a><div class=\"line\"><\/div><a class=\"more_link\" title=\"Au\u00dfenbeleuchtung online kaufen\" href=\"https:\/\/www.gartentraum.de\/Aussenbeleuchtung\" target=\"_blank\" rel=\"sponsored nofollow\">Au\u00dfenbeleuchtung ab 70 \u20ac <span>*<\/span><\/a><\/div><div class=\"single_product\"><a href=\"https:\/\/www.gartentraum.de\/Pflanzgefaesse\" title=\"Pflanzgef\u00e4\u00dfe online kaufen\" target=\"_blank\" rel=\"sponsored nofollow\"><img decoding=\"async\" title=\"Pflanzgef\u00e4\u00dfe\" alt=\"Pflanzgef\u00e4\u00dfe\" loading=\"lazy\" src=\"https:\/\/www.gartentraum.de\/magazin\/wp-content\/uploads\/2020\/10\/winterfester-blumenkuebel-in-terrakotta-steinzeug-rund-fortis-terra-henna-200x200.jpg\" width=\"200\" height=\"200\"\/><p class=\"headline font\">Pflanzgef\u00e4\u00dfe<\/p><\/a><div class=\"line\"><\/div><a class=\"more_link\" title=\"Pflanzgef\u00e4\u00dfe online kaufen\" href=\"https:\/\/www.gartentraum.de\/Pflanzgefaesse\" target=\"_blank\" rel=\"sponsored nofollow\">Pflanzgef\u00e4\u00dfe ab 30 \u20ac <span>*<\/span><\/a><\/div><div class=\"single_product\"><a href=\"https:\/\/www.purovivo.de\/pflanzen-blumen-floristik\/gartenstraeucher?ref=gartentraum.de\" title=\"Gartenstr\u00e4ucher online kaufen\" target=\"_blank\" rel=\"sponsored nofollow\"><img decoding=\"async\" title=\"Gartenstr\u00e4ucher\" alt=\"Gartenstr\u00e4ucher\" loading=\"lazy\" src=\"https:\/\/www.gartentraum.de\/magazin\/wp-content\/uploads\/2020\/10\/Heckenstrauch-200x200.jpg\" width=\"200\" height=\"200\"\/><p class=\"headline font\">Gartenstr\u00e4ucher<\/p><\/a><div class=\"line\"><\/div><a class=\"more_link\" title=\"Gartenstr\u00e4ucher online kaufen\" href=\"https:\/\/www.purovivo.de\/pflanzen-blumen-floristik\/gartenstraeucher?ref=gartentraum.de\" target=\"_blank\" rel=\"sponsored nofollow\">Gartenstr\u00e4ucher ab 2 \u20ac <span>*<\/span><\/a><\/div><\/div><\/div><div class=\"slide\"><img decoding=\"async\" title=\"\" alt=\"\" loading=\"lazy\" src=\"https:\/\/www.gartentraum.de\/magazin\/wp-content\/uploads\/2020\/10\/Torbogen-Rhododendren-1098x628.jpg\" width=\"1098\" height=\"628\"\/><div class=\"scStlItemAd flex\"><p>Anzeige<\/p><\/div><div class=\"product_placement flex\"><div class=\"single_product\"><a href=\"https:\/\/www.purovivo.de\/pflanzen-blumen-floristik\/gartenstraeucher\/ziergehoelze\/rhododendron-p542606.html?ref=gartentraum.de\" title=\"Rhododendren online kaufen\" target=\"_blank\" rel=\"sponsored nofollow\"><img decoding=\"async\" title=\"Rhododendren\" alt=\"Rhododendren\" loading=\"lazy\" src=\"https:\/\/www.gartentraum.de\/magazin\/wp-content\/uploads\/2020\/10\/Rhododendron-200x200-1-200x200.jpg\" width=\"200\" height=\"200\"\/><p class=\"headline font\">Rhododendren<\/p><\/a><div class=\"line\"><\/div><a class=\"more_link\" title=\"Rhododendren online kaufen\" href=\"https:\/\/www.purovivo.de\/pflanzen-blumen-floristik\/gartenstraeucher\/ziergehoelze\/rhododendron-p542606.html?ref=gartentraum.de\" target=\"_blank\" rel=\"sponsored nofollow\">Rhododendren ab 6 \u20ac <span>*<\/span><\/a><\/div><div class=\"single_product\"><a href=\"https:\/\/www.purovivo.de\/garten\/Rankhilfen-Rankboegen\/?ref=gartentraum.de\" title=\"Rankb\u00f6gen online kaufen\" target=\"_blank\" rel=\"sponsored nofollow\"><img decoding=\"async\" title=\"Rankb\u00f6gen\" alt=\"Rankb\u00f6gen\" loading=\"lazy\" src=\"https:\/\/www.gartentraum.de\/magazin\/wp-content\/uploads\/2020\/10\/grosser-metall-rosenbogen-mit-s-dekor-rost-impedio-rosa-200x200-1-200x200.jpg\" width=\"200\" height=\"200\"\/><p class=\"headline font\">Rankb\u00f6gen<\/p><\/a><div class=\"line\"><\/div><a class=\"more_link\" title=\"Rankb\u00f6gen online kaufen\" href=\"https:\/\/www.purovivo.de\/garten\/Rankhilfen-Rankboegen\/?ref=gartentraum.de\" target=\"_blank\" rel=\"sponsored nofollow\">Rankb\u00f6gen ab 12 \u20ac <span>*<\/span><\/a><\/div><div class=\"single_product\"><a href=\"https:\/\/www.gartentraum.de\/Gartendekoration\" title=\"Gartendekoration online kaufen\" target=\"_blank\" rel=\"sponsored nofollow\"><img decoding=\"async\" title=\"Gartendekoration\" alt=\"Gartendekoration\" loading=\"lazy\" src=\"https:\/\/www.gartentraum.de\/magazin\/wp-content\/uploads\/2020\/10\/sonnenuhr-fuer-den-garten-heron-1-200x200.jpg\" width=\"200\" height=\"200\"\/><p class=\"headline font\">Gartendekoration<\/p><\/a><div class=\"line\"><\/div><a class=\"more_link\" title=\"Gartendekoration online kaufen\" href=\"https:\/\/www.gartentraum.de\/Gartendekoration\" target=\"_blank\" rel=\"sponsored nofollow\">Gartendekoration ab 30 \u20ac <span>*<\/span><\/a><\/div><\/div><\/div><div class=\"slide\"><img decoding=\"async\" title=\"\" alt=\"\" loading=\"lazy\" src=\"https:\/\/www.gartentraum.de\/magazin\/wp-content\/uploads\/2020\/10\/Landhausgarten-mit-Stufenbeeten-Bank-rustikales-Gartenhaus-1100x628-1-1098x628.jpg\" width=\"1098\" height=\"628\"\/><div class=\"scStlItemAd flex\"><p>Anzeige<\/p><\/div><div class=\"product_placement flex\"><div class=\"single_product\"><a href=\"https:\/\/www.purovivo.de\/moebel\/Baenke-Gartenbaenke\/?ref=gartentraum.de\" title=\"Gartenb\u00e4nke online kaufen\" target=\"_blank\" rel=\"sponsored nofollow\"><img decoding=\"async\" title=\"Gartenb\u00e4nke\" alt=\"Gartenb\u00e4nke\" loading=\"lazy\" src=\"https:\/\/www.gartentraum.de\/magazin\/wp-content\/uploads\/2020\/10\/Gartenbaenke-200x200-1-200x200.jpg\" width=\"200\" height=\"200\"\/><p class=\"headline font\">Gartenb\u00e4nke<\/p><\/a><div class=\"line\"><\/div><a class=\"more_link\" title=\"Gartenb\u00e4nke online kaufen\" href=\"https:\/\/www.purovivo.de\/moebel\/Baenke-Gartenbaenke\/?ref=gartentraum.de\" target=\"_blank\" rel=\"sponsored nofollow\">Gartenb\u00e4nke ab 40 \u20ac <span>*<\/span><\/a><\/div><div class=\"single_product\"><a href=\"https:\/\/www.gartentraum.de\/Skulpturen\" title=\"Skulpturen online kaufen\" target=\"_blank\" rel=\"sponsored nofollow\"><img decoding=\"async\" title=\"Skulpturen\" alt=\"Skulpturen\" loading=\"lazy\" src=\"https:\/\/www.gartentraum.de\/magazin\/wp-content\/uploads\/2020\/10\/Skulpturen-200x200.jpg\" width=\"200\" height=\"200\"\/><p class=\"headline font\">Skulpturen<\/p><\/a><div class=\"line\"><\/div><a class=\"more_link\" title=\"Skulpturen online kaufen\" href=\"https:\/\/www.gartentraum.de\/Skulpturen\" target=\"_blank\" rel=\"sponsored nofollow\">Skulpturen ab 44 \u20ac <span>*<\/span><\/a><\/div><div class=\"single_product\"><a href=\"https:\/\/www.purovivo.de\/Brunnen-Gartenbrunnen\/?ref=gartentraum.de\" title=\"Gartenbrunnen online kaufen\" target=\"_blank\" rel=\"sponsored nofollow\"><img decoding=\"async\" title=\"Gartenbrunnen\" alt=\"Gartenbrunnen\" loading=\"lazy\" src=\"https:\/\/www.gartentraum.de\/magazin\/wp-content\/uploads\/2020\/10\/Holzbrunnen-200x200-1-200x200.jpg\" width=\"200\" height=\"200\"\/><p class=\"headline font\">Gartenbrunnen<\/p><\/a><div class=\"line\"><\/div><a class=\"more_link\" title=\"Gartenbrunnen online kaufen\" href=\"https:\/\/www.purovivo.de\/Brunnen-Gartenbrunnen\/?ref=gartentraum.de\" target=\"_blank\" rel=\"sponsored nofollow\">Gartenbrunnen ab 209 \u20ac <span>*<\/span><\/a><\/div><\/div><\/div><\/div><\/div>\n<p>&nbsp;<\/p>\n<div class=\"rating reference\"><div class=\"inside\"><div class=\"heading\"><p class=\"font\">Wie gef\u00e4llt Ihnen diese Seite?<\/p><\/div><\/div><div id=\"post-ratings-30929\" class=\"post-ratings\" data-nonce=\"416417ae85\"><div class=\"rating_container\">\r\n                    <div class=\"stars\">\r\n<img decoding=\"async\" id=\"rating_30929_1\" src=\"https:\/\/www.gartentraum.de\/magazin\/wp-content\/plugins\/wp-postratings\/images\/stars_flat_png\/rating_on.png\" alt=\"1 Stern\" title=\"1 Stern\" onmouseover=\"current_rating(30929, 1, '1 Stern');\" onmouseout=\"ratings_off(4.3, 5, 0);\" onclick=\"rate_post();\" onkeypress=\"rate_post();\" style=\"cursor: pointer; border: 0px;\" \/><img decoding=\"async\" id=\"rating_30929_2\" src=\"https:\/\/www.gartentraum.de\/magazin\/wp-content\/plugins\/wp-postratings\/images\/stars_flat_png\/rating_on.png\" alt=\"2 Sterne\" title=\"2 Sterne\" onmouseover=\"current_rating(30929, 2, '2 Sterne');\" onmouseout=\"ratings_off(4.3, 5, 0);\" onclick=\"rate_post();\" onkeypress=\"rate_post();\" style=\"cursor: pointer; border: 0px;\" \/><img decoding=\"async\" id=\"rating_30929_3\" src=\"https:\/\/www.gartentraum.de\/magazin\/wp-content\/plugins\/wp-postratings\/images\/stars_flat_png\/rating_on.png\" alt=\"3 Sterne\" title=\"3 Sterne\" onmouseover=\"current_rating(30929, 3, '3 Sterne');\" onmouseout=\"ratings_off(4.3, 5, 0);\" onclick=\"rate_post();\" onkeypress=\"rate_post();\" style=\"cursor: pointer; border: 0px;\" \/><img decoding=\"async\" id=\"rating_30929_4\" src=\"https:\/\/www.gartentraum.de\/magazin\/wp-content\/plugins\/wp-postratings\/images\/stars_flat_png\/rating_on.png\" alt=\"4 Sterne\" title=\"4 Sterne\" onmouseover=\"current_rating(30929, 4, '4 Sterne');\" onmouseout=\"ratings_off(4.3, 5, 0);\" onclick=\"rate_post();\" onkeypress=\"rate_post();\" style=\"cursor: pointer; border: 0px;\" \/><img decoding=\"async\" id=\"rating_30929_5\" src=\"https:\/\/www.gartentraum.de\/magazin\/wp-content\/plugins\/wp-postratings\/images\/stars_flat_png\/rating_half.png\" alt=\"5 Sterne\" title=\"5 Sterne\" onmouseover=\"current_rating(30929, 5, '5 Sterne');\" onmouseout=\"ratings_off(4.3, 5, 0);\" onclick=\"rate_post();\" onkeypress=\"rate_post();\" style=\"cursor: pointer; border: 0px;\" \/><span>4,33 von  5 Sternen<\/span>\r\n<\/div>\r\n                    \r\n                    <p>Wie gef\u00e4llt Ihnen Gartentraum.de?<br \/>Geben Sie mit einem Klick auf die Sterne Ihre Bewertung ab.<\/p>\r\n                <\/div><\/div><div id=\"post-ratings-30929-loading\" class=\"post-ratings-loading\"><img loading=\"lazy\" decoding=\"async\" src=\"https:\/\/www.gartentraum.de\/magazin\/wp-content\/plugins\/wp-postratings\/images\/loading.gif\" width=\"16\" height=\"16\" class=\"post-ratings-image\" \/>Loading...<\/div><\/div>\n<span id=\"21\"><\/span>\n<div class=\"shariff shariff-align-center shariff-widget-align-center\" style=\"display:none\" data-services=\"facebook%7Cpinterest\" data-url=\"https:\/\/www.gartentraum.de\/magazin\/bundesgartenschau-und-landesgartenschauen-finden\/\" data-timestamp=\"1774079464\" data-hidezero=\"1\" data-backendurl=\"https:\/\/www.gartentraum.de\/magazin\/wp-json\/shariff\/v1\/share_counts?\"><div class=\"ShariffHeadline\"><h3 class=\"font\" style=\"margin:40px auto 10px;font-size:24px;text-align:center\">Sei die\/der Erste der diesen Beitrag teilt!<\/h3><\/div><ul class=\"shariff-buttons theme-default orientation-horizontal buttonsize-medium\"><li class=\"shariff-button facebook shariff-nocustomcolor\" style=\"background-color:#4273c8\"><a href=\"https:\/\/www.facebook.com\/sharer\/sharer.php?u=https%3A%2F%2Fwww.gartentraum.de%2Fmagazin%2Fbundesgartenschau-und-landesgartenschauen-finden%2F\" title=\"Bei Facebook teilen\" aria-label=\"Bei Facebook teilen\" role=\"button\" rel=\"nofollow\" class=\"shariff-link\" style=\"; background-color:#3b5998; color:#fff\" target=\"_blank\"><span class=\"shariff-icon\" style=\"\"><svg width=\"32px\" height=\"20px\" xmlns=\"http:\/\/www.w3.org\/2000\/svg\" viewBox=\"0 0 18 32\"><path fill=\"#3b5998\" d=\"M17.1 0.2v4.7h-2.8q-1.5 0-2.1 0.6t-0.5 1.9v3.4h5.2l-0.7 5.3h-4.5v13.6h-5.5v-13.6h-4.5v-5.3h4.5v-3.9q0-3.3 1.9-5.2t5-1.8q2.6 0 4.1 0.2z\"\/><\/svg><\/span><span class=\"shariff-text\">teilen<\/span>&nbsp;<span data-service=\"facebook\" style=\"color:#3b5998\" class=\"shariff-count shariff-hidezero\"><\/span>&nbsp;<\/a><\/li><li class=\"shariff-button twitter shariff-nocustomcolor\" style=\"background-color:#595959\"><a href=\"https:\/\/twitter.com\/share?url=https%3A%2F%2Fwww.gartentraum.de%2Fmagazin%2Fbundesgartenschau-und-landesgartenschauen-finden%2F&text=Bundesgartenschau%20%28BUGA%202023%29%20%26%20alle%20Landesgartenschauen%202022%20%26%202023%20im%20%C3%9Cberblick&via=gartentraum_de\" title=\"Bei X teilen\" aria-label=\"Bei X teilen\" role=\"button\" rel=\"noopener nofollow\" class=\"shariff-link\" style=\"; background-color:#000; color:#fff\" target=\"_blank\"><span class=\"shariff-icon\" style=\"\"><svg width=\"32px\" height=\"20px\" xmlns=\"http:\/\/www.w3.org\/2000\/svg\" viewBox=\"0 0 24 24\"><path fill=\"#000\" d=\"M14.258 10.152L23.176 0h-2.113l-7.747 8.813L7.133 0H0l9.352 13.328L0 23.973h2.113l8.176-9.309 6.531 9.309h7.133zm-2.895 3.293l-.949-1.328L2.875 1.56h3.246l6.086 8.523.945 1.328 7.91 11.078h-3.246zm0 0\"\/><\/svg><\/span><span class=\"shariff-text\">teilen<\/span>&nbsp;<\/a><\/li><li class=\"shariff-button pinterest shariff-nocustomcolor\" style=\"background-color:#e70f18\"><a href=\"https:\/\/www.pinterest.com\/pin\/create\/link\/?url=https%3A%2F%2Fwww.gartentraum.de%2Fmagazin%2Fbundesgartenschau-und-landesgartenschauen-finden%2F&media=https%3A%2F%2Fwww.gartentraum.de%2Fmagazin%2Fwp-content%2Fuploads%2F2021%2F11%2Fbuga-laga-beitragsbild.jpg&description=Bundesgartenschau%20%28BUGA%202023%29%20%26%20alle%20Landesgartenschauen%202022%20%26%202023%20im%20%C3%9Cberblick\" title=\"Bei Pinterest pinnen\" aria-label=\"Bei Pinterest pinnen\" role=\"button\" rel=\"noopener nofollow\" class=\"shariff-link\" style=\"; background-color:#cb2027; color:#fff\" target=\"_blank\"><span class=\"shariff-icon\" style=\"\"><svg width=\"32px\" height=\"20px\" xmlns=\"http:\/\/www.w3.org\/2000\/svg\" viewBox=\"0 0 27 32\"><path fill=\"#cb2027\" d=\"M27.4 16q0 3.7-1.8 6.9t-5 5-6.9 1.9q-2 0-3.9-0.6 1.1-1.7 1.4-2.9 0.2-0.6 1-3.8 0.4 0.7 1.3 1.2t2 0.5q2.1 0 3.8-1.2t2.7-3.4 0.9-4.8q0-2-1.1-3.8t-3.1-2.9-4.5-1.2q-1.9 0-3.5 0.5t-2.8 1.4-2 2-1.2 2.3-0.4 2.4q0 1.9 0.7 3.3t2.1 2q0.5 0.2 0.7-0.4 0-0.1 0.1-0.5t0.2-0.5q0.1-0.4-0.2-0.8-0.9-1.1-0.9-2.7 0-2.7 1.9-4.6t4.9-2q2.7 0 4.2 1.5t1.5 3.8q0 3-1.2 5.2t-3.1 2.1q-1.1 0-1.7-0.8t-0.4-1.9q0.1-0.6 0.5-1.7t0.5-1.8 0.2-1.4q0-0.9-0.5-1.5t-1.4-0.6q-1.1 0-1.9 1t-0.8 2.6q0 1.3 0.4 2.2l-1.8 7.5q-0.3 1.2-0.2 3.2-3.7-1.6-6-5t-2.3-7.6q0-3.7 1.9-6.9t5-5 6.9-1.9 6.9 1.9 5 5 1.8 6.9z\"\/><\/svg><\/span><span class=\"shariff-text\">merken<\/span>&nbsp;<span data-service=\"pinterest\" style=\"color:#cb2027\" class=\"shariff-count shariff-hidezero\"><\/span>&nbsp;<\/a><\/li><li class=\"shariff-button printer shariff-nocustomcolor\" style=\"background-color:#a8a8a8\"><a href=\"javascript:window.print()\" title=\"drucken\" aria-label=\"drucken\" role=\"button\" rel=\"noopener nofollow\" class=\"shariff-link\" style=\"; background-color:#999; color:#fff\"><span class=\"shariff-icon\" style=\"\"><svg width=\"32px\" height=\"20px\" xmlns=\"http:\/\/www.w3.org\/2000\/svg\" viewBox=\"0 0 30 32\"><path fill=\"#999\" d=\"M6.8 27.4h16v-4.6h-16v4.6zM6.8 16h16v-6.8h-2.8q-0.7 0-1.2-0.5t-0.5-1.2v-2.8h-11.4v11.4zM27.4 17.2q0-0.5-0.3-0.8t-0.8-0.4-0.8 0.4-0.3 0.8 0.3 0.8 0.8 0.3 0.8-0.3 0.3-0.8zM29.7 17.2v7.4q0 0.2-0.2 0.4t-0.4 0.2h-4v2.8q0 0.7-0.5 1.2t-1.2 0.5h-17.2q-0.7 0-1.2-0.5t-0.5-1.2v-2.8h-4q-0.2 0-0.4-0.2t-0.2-0.4v-7.4q0-1.4 1-2.4t2.4-1h1.2v-9.7q0-0.7 0.5-1.2t1.2-0.5h12q0.7 0 1.6 0.4t1.3 0.8l2.7 2.7q0.5 0.5 0.9 1.4t0.4 1.6v4.6h1.1q1.4 0 2.4 1t1 2.4z\"\/><\/svg><\/span><span class=\"shariff-text\">drucken<\/span>&nbsp;<\/a><\/li><li class=\"shariff-button info shariff-nocustomcolor\" style=\"background-color:#eee\"><a href=\"http:\/\/ct.de\/-2467514\" title=\"Weitere Informationen\" aria-label=\"Weitere Informationen\" role=\"button\" rel=\"noopener \" class=\"shariff-link\" style=\"; background-color:#fff; color:#fff\" target=\"_blank\"><span class=\"shariff-icon\" style=\"\"><svg width=\"32px\" height=\"20px\" xmlns=\"http:\/\/www.w3.org\/2000\/svg\" viewBox=\"0 0 11 32\"><path fill=\"#999\" d=\"M11.4 24v2.3q0 0.5-0.3 0.8t-0.8 0.4h-9.1q-0.5 0-0.8-0.4t-0.4-0.8v-2.3q0-0.5 0.4-0.8t0.8-0.4h1.1v-6.8h-1.1q-0.5 0-0.8-0.4t-0.4-0.8v-2.3q0-0.5 0.4-0.8t0.8-0.4h6.8q0.5 0 0.8 0.4t0.4 0.8v10.3h1.1q0.5 0 0.8 0.4t0.3 0.8zM9.2 3.4v3.4q0 0.5-0.4 0.8t-0.8 0.4h-4.6q-0.4 0-0.8-0.4t-0.4-0.8v-3.4q0-0.4 0.4-0.8t0.8-0.4h4.6q0.5 0 0.8 0.4t0.4 0.8z\"\/><\/svg><\/span><\/a><\/li><\/ul><\/div>","protected":false},"excerpt":{"rendered":"<p>Finden Sie im Artikel einen \u00dcberblick zu den Landesgartenschauen 2022 &#038; 2023 sowie zur Bundesgartenschau 2023. Sehen Sie sich den Kalender an und planen Sie Ihren inspirierenden Aufenthalt!<\/p>\n","protected":false},"author":25,"featured_media":30948,"comment_status":"open","ping_status":"open","sticky":false,"template":"","format":"standard","meta":{"_acf_changed":false,"footnotes":""},"categories":[2],"tags":[],"class_list":["post-30929","post","type-post","status-publish","format-standard","has-post-thumbnail","hentry","category-aktuelles"],"acf":[],"yoast_head":"<!-- This site is optimized with the Yoast SEO plugin v27.1.1 - https:\/\/yoast.com\/product\/yoast-seo-wordpress\/ -->\n<title>Bundesgartenschau 2023 &amp; Landesgartenschauen 2022\/2023<\/title>\n<meta name=\"description\" content=\"Bundesgartenschau 2023 &amp; Landesgartenschauen 2022\/2023 \u2055 Finden Sie den Kalender zu allen Gartenschauen und planen Sie Ihren Aufenthalt!\" \/>\n<meta name=\"robots\" content=\"index, follow, max-snippet:-1, max-image-preview:large, max-video-preview:-1\" \/>\n<link rel=\"canonical\" href=\"https:\/\/www.gartentraum.de\/magazin\/bundesgartenschau-und-landesgartenschauen-finden\/\" \/>\n<meta property=\"og:locale\" content=\"de_DE\" \/>\n<meta property=\"og:type\" content=\"article\" \/>\n<meta property=\"og:title\" content=\"Bundesgartenschau 2023 &amp; Landesgartenschauen 2022\/2023\" \/>\n<meta property=\"og:description\" content=\"Bundesgartenschau 2023 &amp; Landesgartenschauen 2022\/2023 \u2055 Finden Sie den Kalender zu allen Gartenschauen und planen Sie Ihren Aufenthalt!\" \/>\n<meta property=\"og:url\" content=\"https:\/\/www.gartentraum.de\/magazin\/bundesgartenschau-und-landesgartenschauen-finden\/\" \/>\n<meta property=\"og:site_name\" content=\"Gartentraum.de\" \/>\n<meta property=\"article:publisher\" content=\"https:\/\/www.facebook.com\/gartentraum.de\" \/>\n<meta property=\"article:published_time\" content=\"2022-03-02T12:41:13+00:00\" \/>\n<meta property=\"article:modified_time\" content=\"2026-03-21T06:51:04+00:00\" \/>\n<meta property=\"og:image\" content=\"https:\/\/www.gartentraum.de\/magazin\/wp-content\/uploads\/2021\/11\/buga-laga-beitragsbild.jpg\" \/>\n\t<meta property=\"og:image:width\" content=\"1200\" \/>\n\t<meta property=\"og:image:height\" content=\"900\" \/>\n\t<meta property=\"og:image:type\" content=\"image\/jpeg\" \/>\n<meta name=\"author\" content=\"Martin Listwon\" \/>\n<meta name=\"twitter:card\" content=\"summary_large_image\" \/>\n<meta name=\"twitter:creator\" content=\"@gartentraum_de\" \/>\n<meta name=\"twitter:site\" content=\"@gartentraum_de\" \/>\n<meta name=\"twitter:label1\" content=\"Verfasst von\" \/>\n\t<meta name=\"twitter:data1\" content=\"Martin Listwon\" \/>\n\t<meta name=\"twitter:label2\" content=\"Gesch\u00e4tzte Lesezeit\" \/>\n\t<meta name=\"twitter:data2\" content=\"21\u00a0Minuten\" \/>\n<script type=\"application\/ld+json\" class=\"yoast-schema-graph\">{\"@context\":\"https:\/\/schema.org\",\"@graph\":[{\"@type\":\"Article\",\"@id\":\"https:\/\/www.gartentraum.de\/magazin\/bundesgartenschau-und-landesgartenschauen-finden\/#article\",\"isPartOf\":{\"@id\":\"https:\/\/www.gartentraum.de\/magazin\/bundesgartenschau-und-landesgartenschauen-finden\/\"},\"author\":{\"name\":\"Martin Listwon\",\"@id\":\"https:\/\/www.gartentraum.de\/magazin\/#\/schema\/person\/1b7b913b8bd06f2c88a6b03fe9206f01\"},\"headline\":\"Bundesgartenschau (BUGA 2023) &#038; alle Landesgartenschauen 2022 &#038; 2023 im \u00dcberblick\",\"datePublished\":\"2022-03-02T12:41:13+00:00\",\"dateModified\":\"2026-03-21T06:51:04+00:00\",\"mainEntityOfPage\":{\"@id\":\"https:\/\/www.gartentraum.de\/magazin\/bundesgartenschau-und-landesgartenschauen-finden\/\"},\"wordCount\":3022,\"commentCount\":0,\"image\":{\"@id\":\"https:\/\/www.gartentraum.de\/magazin\/bundesgartenschau-und-landesgartenschauen-finden\/#primaryimage\"},\"thumbnailUrl\":\"https:\/\/www.gartentraum.de\/magazin\/wp-content\/uploads\/2021\/11\/buga-laga-beitragsbild.jpg\",\"articleSection\":[\"Aktuelles\"],\"inLanguage\":\"de\",\"potentialAction\":[{\"@type\":\"CommentAction\",\"name\":\"Comment\",\"target\":[\"https:\/\/www.gartentraum.de\/magazin\/bundesgartenschau-und-landesgartenschauen-finden\/#respond\"]}]},{\"@type\":\"WebPage\",\"@id\":\"https:\/\/www.gartentraum.de\/magazin\/bundesgartenschau-und-landesgartenschauen-finden\/\",\"url\":\"https:\/\/www.gartentraum.de\/magazin\/bundesgartenschau-und-landesgartenschauen-finden\/\",\"name\":\"Bundesgartenschau 2023 & Landesgartenschauen 2022\/2023\",\"isPartOf\":{\"@id\":\"https:\/\/www.gartentraum.de\/magazin\/#website\"},\"primaryImageOfPage\":{\"@id\":\"https:\/\/www.gartentraum.de\/magazin\/bundesgartenschau-und-landesgartenschauen-finden\/#primaryimage\"},\"image\":{\"@id\":\"https:\/\/www.gartentraum.de\/magazin\/bundesgartenschau-und-landesgartenschauen-finden\/#primaryimage\"},\"thumbnailUrl\":\"https:\/\/www.gartentraum.de\/magazin\/wp-content\/uploads\/2021\/11\/buga-laga-beitragsbild.jpg\",\"datePublished\":\"2022-03-02T12:41:13+00:00\",\"dateModified\":\"2026-03-21T06:51:04+00:00\",\"author\":{\"@id\":\"https:\/\/www.gartentraum.de\/magazin\/#\/schema\/person\/1b7b913b8bd06f2c88a6b03fe9206f01\"},\"description\":\"Bundesgartenschau 2023 & Landesgartenschauen 2022\/2023 \u2055 Finden Sie den Kalender zu allen Gartenschauen und planen Sie Ihren Aufenthalt!\",\"breadcrumb\":{\"@id\":\"https:\/\/www.gartentraum.de\/magazin\/bundesgartenschau-und-landesgartenschauen-finden\/#breadcrumb\"},\"inLanguage\":\"de\",\"potentialAction\":[{\"@type\":\"ReadAction\",\"target\":[\"https:\/\/www.gartentraum.de\/magazin\/bundesgartenschau-und-landesgartenschauen-finden\/\"]}]},{\"@type\":\"ImageObject\",\"inLanguage\":\"de\",\"@id\":\"https:\/\/www.gartentraum.de\/magazin\/bundesgartenschau-und-landesgartenschauen-finden\/#primaryimage\",\"url\":\"https:\/\/www.gartentraum.de\/magazin\/wp-content\/uploads\/2021\/11\/buga-laga-beitragsbild.jpg\",\"contentUrl\":\"https:\/\/www.gartentraum.de\/magazin\/wp-content\/uploads\/2021\/11\/buga-laga-beitragsbild.jpg\",\"width\":\"1200\",\"height\":\"900\",\"caption\":\"Beitragsbild Bundesgartenschauen und Landesgartenschauen\"},{\"@type\":\"BreadcrumbList\",\"@id\":\"https:\/\/www.gartentraum.de\/magazin\/bundesgartenschau-und-landesgartenschauen-finden\/#breadcrumb\",\"itemListElement\":[{\"@type\":\"ListItem\",\"position\":1,\"name\":\"Startseite\",\"item\":\"https:\/\/www.gartentraum.de\/magazin\/\"},{\"@type\":\"ListItem\",\"position\":2,\"name\":\"Bundesgartenschau (BUGA 2023) &#038; alle Landesgartenschauen 2022 &#038; 2023 im \u00dcberblick\"}]},{\"@type\":\"WebSite\",\"@id\":\"https:\/\/www.gartentraum.de\/magazin\/#website\",\"url\":\"https:\/\/www.gartentraum.de\/magazin\/\",\"name\":\"Gartentraum.de\",\"description\":\"Leidenschaft f\u00fcr einzigartige Au\u00dfengestaltung\",\"potentialAction\":[{\"@type\":\"SearchAction\",\"target\":{\"@type\":\"EntryPoint\",\"urlTemplate\":\"https:\/\/www.gartentraum.de\/magazin\/?s={search_term_string}\"},\"query-input\":{\"@type\":\"PropertyValueSpecification\",\"valueRequired\":true,\"valueName\":\"search_term_string\"}}],\"inLanguage\":\"de\"},{\"@type\":\"Person\",\"@id\":\"https:\/\/www.gartentraum.de\/magazin\/#\/schema\/person\/1b7b913b8bd06f2c88a6b03fe9206f01\",\"name\":\"Martin Listwon\",\"image\":{\"@type\":\"ImageObject\",\"inLanguage\":\"de\",\"@id\":\"https:\/\/www.gartentraum.de\/magazin\/#\/schema\/person\/image\/\",\"url\":\"https:\/\/secure.gravatar.com\/avatar\/6639be4b1ac13d6f404ffa5f547b62de31e310693fb3a2c75f4b04a99aad094d?s=96&d=mm&r=g\",\"contentUrl\":\"https:\/\/secure.gravatar.com\/avatar\/6639be4b1ac13d6f404ffa5f547b62de31e310693fb3a2c75f4b04a99aad094d?s=96&d=mm&r=g\",\"caption\":\"Martin Listwon\"},\"url\":\"https:\/\/www.gartentraum.de\/magazin\/author\/martin-listwon\/\"}]}<\/script>\n<!-- \/ Yoast SEO plugin. -->","yoast_head_json":{"title":"Bundesgartenschau 2023 & Landesgartenschauen 2022\/2023","description":"Bundesgartenschau 2023 & Landesgartenschauen 2022\/2023 \u2055 Finden Sie den Kalender zu allen Gartenschauen und planen Sie Ihren Aufenthalt!","robots":{"index":"index","follow":"follow","max-snippet":"max-snippet:-1","max-image-preview":"max-image-preview:large","max-video-preview":"max-video-preview:-1"},"canonical":"https:\/\/www.gartentraum.de\/magazin\/bundesgartenschau-und-landesgartenschauen-finden\/","og_locale":"de_DE","og_type":"article","og_title":"Bundesgartenschau 2023 & Landesgartenschauen 2022\/2023","og_description":"Bundesgartenschau 2023 & Landesgartenschauen 2022\/2023 \u2055 Finden Sie den Kalender zu allen Gartenschauen und planen Sie Ihren Aufenthalt!","og_url":"https:\/\/www.gartentraum.de\/magazin\/bundesgartenschau-und-landesgartenschauen-finden\/","og_site_name":"Gartentraum.de","article_publisher":"https:\/\/www.facebook.com\/gartentraum.de","article_published_time":"2022-03-02T12:41:13+00:00","article_modified_time":"2026-03-21T06:51:04+00:00","og_image":[{"width":1200,"height":900,"url":"https:\/\/www.gartentraum.de\/magazin\/wp-content\/uploads\/2021\/11\/buga-laga-beitragsbild.jpg","type":"image\/jpeg"}],"author":"Martin Listwon","twitter_card":"summary_large_image","twitter_creator":"@gartentraum_de","twitter_site":"@gartentraum_de","twitter_misc":{"Verfasst von":"Martin Listwon","Gesch\u00e4tzte Lesezeit":"21\u00a0Minuten"},"schema":{"@context":"https:\/\/schema.org","@graph":[{"@type":"Article","@id":"https:\/\/www.gartentraum.de\/magazin\/bundesgartenschau-und-landesgartenschauen-finden\/#article","isPartOf":{"@id":"https:\/\/www.gartentraum.de\/magazin\/bundesgartenschau-und-landesgartenschauen-finden\/"},"author":{"name":"Martin Listwon","@id":"https:\/\/www.gartentraum.de\/magazin\/#\/schema\/person\/1b7b913b8bd06f2c88a6b03fe9206f01"},"headline":"Bundesgartenschau (BUGA 2023) &#038; alle Landesgartenschauen 2022 &#038; 2023 im \u00dcberblick","datePublished":"2022-03-02T12:41:13+00:00","dateModified":"2026-03-21T06:51:04+00:00","mainEntityOfPage":{"@id":"https:\/\/www.gartentraum.de\/magazin\/bundesgartenschau-und-landesgartenschauen-finden\/"},"wordCount":3022,"commentCount":0,"image":{"@id":"https:\/\/www.gartentraum.de\/magazin\/bundesgartenschau-und-landesgartenschauen-finden\/#primaryimage"},"thumbnailUrl":"https:\/\/www.gartentraum.de\/magazin\/wp-content\/uploads\/2021\/11\/buga-laga-beitragsbild.jpg","articleSection":["Aktuelles"],"inLanguage":"de","potentialAction":[{"@type":"CommentAction","name":"Comment","target":["https:\/\/www.gartentraum.de\/magazin\/bundesgartenschau-und-landesgartenschauen-finden\/#respond"]}]},{"@type":"WebPage","@id":"https:\/\/www.gartentraum.de\/magazin\/bundesgartenschau-und-landesgartenschauen-finden\/","url":"https:\/\/www.gartentraum.de\/magazin\/bundesgartenschau-und-landesgartenschauen-finden\/","name":"Bundesgartenschau 2023 & Landesgartenschauen 2022\/2023","isPartOf":{"@id":"https:\/\/www.gartentraum.de\/magazin\/#website"},"primaryImageOfPage":{"@id":"https:\/\/www.gartentraum.de\/magazin\/bundesgartenschau-und-landesgartenschauen-finden\/#primaryimage"},"image":{"@id":"https:\/\/www.gartentraum.de\/magazin\/bundesgartenschau-und-landesgartenschauen-finden\/#primaryimage"},"thumbnailUrl":"https:\/\/www.gartentraum.de\/magazin\/wp-content\/uploads\/2021\/11\/buga-laga-beitragsbild.jpg","datePublished":"2022-03-02T12:41:13+00:00","dateModified":"2026-03-21T06:51:04+00:00","author":{"@id":"https:\/\/www.gartentraum.de\/magazin\/#\/schema\/person\/1b7b913b8bd06f2c88a6b03fe9206f01"},"description":"Bundesgartenschau 2023 & Landesgartenschauen 2022\/2023 \u2055 Finden Sie den Kalender zu allen Gartenschauen und planen Sie Ihren Aufenthalt!","breadcrumb":{"@id":"https:\/\/www.gartentraum.de\/magazin\/bundesgartenschau-und-landesgartenschauen-finden\/#breadcrumb"},"inLanguage":"de","potentialAction":[{"@type":"ReadAction","target":["https:\/\/www.gartentraum.de\/magazin\/bundesgartenschau-und-landesgartenschauen-finden\/"]}]},{"@type":"ImageObject","inLanguage":"de","@id":"https:\/\/www.gartentraum.de\/magazin\/bundesgartenschau-und-landesgartenschauen-finden\/#primaryimage","url":"https:\/\/www.gartentraum.de\/magazin\/wp-content\/uploads\/2021\/11\/buga-laga-beitragsbild.jpg","contentUrl":"https:\/\/www.gartentraum.de\/magazin\/wp-content\/uploads\/2021\/11\/buga-laga-beitragsbild.jpg","width":"1200","height":"900","caption":"Beitragsbild Bundesgartenschauen und Landesgartenschauen"},{"@type":"BreadcrumbList","@id":"https:\/\/www.gartentraum.de\/magazin\/bundesgartenschau-und-landesgartenschauen-finden\/#breadcrumb","itemListElement":[{"@type":"ListItem","position":1,"name":"Startseite","item":"https:\/\/www.gartentraum.de\/magazin\/"},{"@type":"ListItem","position":2,"name":"Bundesgartenschau (BUGA 2023) &#038; alle Landesgartenschauen 2022 &#038; 2023 im \u00dcberblick"}]},{"@type":"WebSite","@id":"https:\/\/www.gartentraum.de\/magazin\/#website","url":"https:\/\/www.gartentraum.de\/magazin\/","name":"Gartentraum.de","description":"Leidenschaft f\u00fcr einzigartige Au\u00dfengestaltung","potentialAction":[{"@type":"SearchAction","target":{"@type":"EntryPoint","urlTemplate":"https:\/\/www.gartentraum.de\/magazin\/?s={search_term_string}"},"query-input":{"@type":"PropertyValueSpecification","valueRequired":true,"valueName":"search_term_string"}}],"inLanguage":"de"},{"@type":"Person","@id":"https:\/\/www.gartentraum.de\/magazin\/#\/schema\/person\/1b7b913b8bd06f2c88a6b03fe9206f01","name":"Martin Listwon","image":{"@type":"ImageObject","inLanguage":"de","@id":"https:\/\/www.gartentraum.de\/magazin\/#\/schema\/person\/image\/","url":"https:\/\/secure.gravatar.com\/avatar\/6639be4b1ac13d6f404ffa5f547b62de31e310693fb3a2c75f4b04a99aad094d?s=96&d=mm&r=g","contentUrl":"https:\/\/secure.gravatar.com\/avatar\/6639be4b1ac13d6f404ffa5f547b62de31e310693fb3a2c75f4b04a99aad094d?s=96&d=mm&r=g","caption":"Martin Listwon"},"url":"https:\/\/www.gartentraum.de\/magazin\/author\/martin-listwon\/"}]}},"_links":{"self":[{"href":"https:\/\/www.gartentraum.de\/magazin\/wp-json\/wp\/v2\/posts\/30929","targetHints":{"allow":["GET"]}}],"collection":[{"href":"https:\/\/www.gartentraum.de\/magazin\/wp-json\/wp\/v2\/posts"}],"about":[{"href":"https:\/\/www.gartentraum.de\/magazin\/wp-json\/wp\/v2\/types\/post"}],"author":[{"embeddable":true,"href":"https:\/\/www.gartentraum.de\/magazin\/wp-json\/wp\/v2\/users\/25"}],"replies":[{"embeddable":true,"href":"https:\/\/www.gartentraum.de\/magazin\/wp-json\/wp\/v2\/comments?post=30929"}],"version-history":[{"count":164,"href":"https:\/\/www.gartentraum.de\/magazin\/wp-json\/wp\/v2\/posts\/30929\/revisions"}],"predecessor-version":[{"id":34691,"href":"https:\/\/www.gartentraum.de\/magazin\/wp-json\/wp\/v2\/posts\/30929\/revisions\/34691"}],"wp:featuredmedia":[{"embeddable":true,"href":"https:\/\/www.gartentraum.de\/magazin\/wp-json\/wp\/v2\/media\/30948"}],"wp:attachment":[{"href":"https:\/\/www.gartentraum.de\/magazin\/wp-json\/wp\/v2\/media?parent=30929"}],"wp:term":[{"taxonomy":"category","embeddable":true,"href":"https:\/\/www.gartentraum.de\/magazin\/wp-json\/wp\/v2\/categories?post=30929"},{"taxonomy":"post_tag","embeddable":true,"href":"https:\/\/www.gartentraum.de\/magazin\/wp-json\/wp\/v2\/tags?post=30929"}],"curies":[{"name":"wp","href":"https:\/\/api.w.org\/{rel}","templated":true}]}}